{"id":69068,"date":"2016-04-25T08:47:56","date_gmt":"2016-04-25T11:47:56","guid":{"rendered":"http:\/\/www.eltrabajo.cl\/portal\/?p=69068"},"modified":"2016-04-25T08:47:56","modified_gmt":"2016-04-25T11:47:56","slug":"gran-conmocion-por-suicidio-de-joven-en-domicilio-de-granallas","status":"publish","type":"post","link":"https:\/\/eltrabajo.cl\/portal\/gran-conmocion-por-suicidio-de-joven-en-domicilio-de-granallas\/","title":{"rendered":"Gran conmoci\u00f3n por suicidio de joven en domicilio de Granallas"},"content":{"rendered":"<p><strong>Brigada de Homicidios de la Polic\u00eda de Investigaciones descart\u00f3 la intervenci\u00f3n de terceras personas. <\/strong><\/p>\n<p><strong>PUTAENDO.-<\/strong> Un joven de 28 a\u00f1os de edad, identificado como Juan Carlos Mu\u00f1oz Olgu\u00edn, se suicid\u00f3 al interior de la vivienda de sus padres, ubicada en calle San Antonio de la localidad de Granallas.<br \/>\nDe acuerdo a la informaci\u00f3n entregada por el Comisario Gino Guti\u00e9rrez de la Brigada de Homicidios de la PDI de Los Andes, el joven arrib\u00f3 a la casa de sus padres a eso de las 23:00 horas de este s\u00e1bado, donde luego de conversar con ellos se retir\u00f3 a uno de los dormitorios.<br \/>\nLa ma\u00f1ana de este domingo, pasadas las 11:00 horas su padre se dirigi\u00f3 al dormitorio al ver que Mu\u00f1oz Olgu\u00edn no se levantaba, encontr\u00e1ndolo ya sin vida.<br \/>\nJunto con descartar la intervenci\u00f3n de terceras personas, Guti\u00e9rrez declar\u00f3 que una de las causas probables que llevaron a este joven a terminar con su vida tendr\u00eda relaci\u00f3n con problemas sentimentales, confirmando la muerte por asfixia por ahorcamiento.<br \/>\nLa noticia ha causado conmoci\u00f3n y tristeza en el sector, donde el joven era ampliamente conocido, a pesar que no resid\u00eda en esa zona.<br \/>\nNuestro medio env\u00eda sus m\u00e1s sinceras condolencias a la familia en estos momentos de dolor por la lamentable p\u00e9rdida de su amado ser querido.<br \/>\n<strong>Patricio Gallardo M.<\/strong><\/p>\n<figure id=\"attachment_69069\" aria-describedby=\"caption-attachment-69069\" style=\"width: 530px\" class=\"wp-caption alignleft\"><a href=\"http:\/\/www.eltrabajo.cl\/portal\/gran-conmocion-por-suicidio-de-joven-en-domicilio-de-granallas\/suicidio-granalla\/\" rel=\"attachment wp-att-69069\"><img data-recalc-dims=\"1\" loading=\"lazy\" decoding=\"async\" class=\"size-full wp-image-69069\" src=\"https:\/\/i0.wp.com\/www.eltrabajo.cl\/portal\/wp-content\/uploads\/2016\/04\/Suicidio-Granalla.jpg?resize=530%2C350\" alt=\"El cuerpo fue encontrado por su padre pasadas las 11 horas en su dormitorio. \" width=\"530\" height=\"350\" srcset=\"https:\/\/i0.wp.com\/eltrabajo.cl\/portal\/wp-content\/uploads\/2016\/04\/Suicidio-Granalla.jpg?w=530&amp;ssl=1 530w, https:\/\/i0.wp.com\/eltrabajo.cl\/portal\/wp-content\/uploads\/2016\/04\/Suicidio-Granalla.jpg?resize=200%2C132&amp;ssl=1 200w, https:\/\/i0.wp.com\/eltrabajo.cl\/portal\/wp-content\/uploads\/2016\/04\/Suicidio-Granalla.jpg?resize=300%2C198&amp;ssl=1 300w, https:\/\/i0.wp.com\/eltrabajo.cl\/portal\/wp-content\/uploads\/2016\/04\/Suicidio-Granalla.jpg?resize=227%2C150&amp;ssl=1 227w, https:\/\/i0.wp.com\/eltrabajo.cl\/portal\/wp-content\/uploads\/2016\/04\/Suicidio-Granalla.jpg?resize=400%2C264&amp;ssl=1 400w\" sizes=\"auto, (max-width: 530px) 100vw, 530px\" \/><\/a><figcaption id=\"caption-attachment-69069\" class=\"wp-caption-text\">El cuerpo fue encontrado por su padre pasadas las 11 horas en su dormitorio.<\/figcaption><\/figure>\n","protected":false},"excerpt":{"rendered":"<p>Brigada de Homicidios de la Polic\u00eda de Investigaciones descart\u00f3 la intervenci\u00f3n de terceras personas. PUTAENDO.- Un joven de 28 a\u00f1os de edad, identificado como Juan Carlos Mu\u00f1oz Olgu\u00edn, se suicid\u00f3 al interior&#8230;<\/p>\n","protected":false},"author":1,"featured_media":69069,"comment_status":"open","ping_status":"open","sticky":false,"template":"","format":"standard","meta":{"advanced_seo_description":"","jetpack_seo_html_title":"","jetpack_seo_noindex":false,"_jetpack_memberships_contains_paid_content":false,"footnotes":""},"categories":[21],"tags":[],"class_list":["post-69068","post","type-post","status-publish","format-standard","has-post-thumbnail","hentry","category-policial"],"jetpack_featured_media_url":"https:\/\/i0.wp.com\/eltrabajo.cl\/portal\/wp-content\/uploads\/2016\/04\/Suicidio-Granalla.jpg?fit=530%2C350&ssl=1","jetpack_sharing_enabled":true,"jetpack_likes_enabled":true,"jetpack-related-posts":[],"_links":{"self":[{"href":"https:\/\/eltrabajo.cl\/portal\/wp-json\/wp\/v2\/posts\/69068","targetHints":{"allow":["GET"]}}],"collection":[{"href":"https:\/\/eltrabajo.cl\/portal\/wp-json\/wp\/v2\/posts"}],"about":[{"href":"https:\/\/eltrabajo.cl\/portal\/wp-json\/wp\/v2\/types\/post"}],"author":[{"embeddable":true,"href":"https:\/\/eltrabajo.cl\/portal\/wp-json\/wp\/v2\/users\/1"}],"replies":[{"embeddable":true,"href":"https:\/\/eltrabajo.cl\/portal\/wp-json\/wp\/v2\/comments?post=69068"}],"version-history":[{"count":0,"href":"https:\/\/eltrabajo.cl\/portal\/wp-json\/wp\/v2\/posts\/69068\/revisions"}],"wp:featuredmedia":[{"embeddable":true,"href":"https:\/\/eltrabajo.cl\/portal\/wp-json\/wp\/v2\/media\/69069"}],"wp:attachment":[{"href":"https:\/\/eltrabajo.cl\/portal\/wp-json\/wp\/v2\/media?parent=69068"}],"wp:term":[{"taxonomy":"category","embeddable":true,"href":"https:\/\/eltrabajo.cl\/portal\/wp-json\/wp\/v2\/categories?post=69068"},{"taxonomy":"post_tag","embeddable":true,"href":"https:\/\/eltrabajo.cl\/portal\/wp-json\/wp\/v2\/tags?post=69068"}],"curies":[{"name":"wp","href":"https:\/\/api.w.org\/{rel}","templated":true}]}}