{"id":69072,"date":"2016-04-25T08:51:45","date_gmt":"2016-04-25T11:51:45","guid":{"rendered":"http:\/\/www.eltrabajo.cl\/portal\/?p=69072"},"modified":"2016-04-25T08:51:45","modified_gmt":"2016-04-25T11:51:45","slug":"allanamiento-en-cuatro-casas-incauta-un-kilo-de-marihuana-y-5-g-de-cocaina","status":"publish","type":"post","link":"https:\/\/eltrabajo.cl\/portal\/allanamiento-en-cuatro-casas-incauta-un-kilo-de-marihuana-y-5-g-de-cocaina\/","title":{"rendered":"Allanamiento en cuatro casas incauta un kilo de marihuana y 5 g de coca\u00edna"},"content":{"rendered":"<p><strong>Uno de cuatro imputados qued\u00f3 en prisi\u00f3n preventiva:\u00a0En operativos a cargo de la secci\u00f3n de OS7 de Carabineros en colaboraci\u00f3n con el Gope, se allanaron domicilios incautando gran cantidad de sustancias il\u00edcitas y un millonario monto de dinero.<\/strong><\/p>\n<p>La tarde del pasado jueves se concret\u00f3 un importante allanamiento a cargo del OS7 y el Grupo de Operaciones Policiales Especiales de Valpara\u00edso en la poblaci\u00f3n H\u00e9roes de La Concepci\u00f3n en la comuna de Panquehue, incautando m\u00e1s de un kilo de marihuana, coca\u00edna y dinero en efectivo desde cuatro domicilios.<br \/>\nLas diligencias policiales se efectuaron luego de las m\u00faltiples denuncias que vecinos hab\u00edan realizado a Carabineros, alertando que en este sector se dedicaban al comercio il\u00edcito de sustancias, abasteciendo a los distintos microtraficantes de la provincia, lo que hab\u00eda generado un clima de inseguridad en la comunidad.<br \/>\nFue as\u00ed que en coordinaci\u00f3n con la Fiscal\u00eda, los allanamientos se ejecutaron en cuatro inmuebles donde se almacenaba un total de 1 kilo 374 gramos de marihuana elaborada, 5 gramos de clorhidrato de coca\u00edna, plantas de cannabis sativa, dos balanzas digitales, adem\u00e1s de $1.257.000 en efectivo atribuibles a la comercializaci\u00f3n de estas sustancias.<br \/>\nA ra\u00edz de estos il\u00edcitos resultaron detenidas tres mujeres y un hombre identificados con las iniciales A.A.A.S. (40); R.C.F.S. (36); A.V.R.S. (37) y L.I.A.H. (30), quienes enfrentan cargos por el delito de tr\u00e1fico, microtr\u00e1fico y cultivo ilegal de droga, siendo procesados la ma\u00f1ana de este viernes en el Juzgado de Garant\u00eda de San Felipe.<br \/>\nLa Fiscal\u00eda formaliz\u00f3 a una de las imputadas por tr\u00e1fico de drogas requiriendo ante el Tribunal la cautelar de prisi\u00f3n preventiva fijando un plazo de 90 d\u00edas de investigaci\u00f3n del caso. En tanto, el resto de los acusados por microtr\u00e1fico quedaron sujetos a cautelares de firma mensual en Carabineros y arraigo nacional.<br \/>\nDesde la instituci\u00f3n uniformada se destac\u00f3 este operativo que concluy\u00f3 con resultados positivos en el combate al microtr\u00e1fico de drogas en la comuna de Panquehue, haciendo hincapi\u00e9 en la colaboraci\u00f3n de los vecinos para que denuncien este tipo de delitos de manera an\u00f3nima a nivel 135.<br \/>\n\u201cEl OS7 de Carabineros, dispuesto a cumplir con su funci\u00f3n preventiva en contra el narcotr\u00e1fico, hace un llamado a la comunidad para denunciar estos il\u00edcitos por medio del Fono Drogas 135 y de esta manera seguir concretando este tipo de procedimientos en las provincia del Valle del Aconcagua\u201d, afirm\u00f3 el Jefe de esta secci\u00f3n, Capit\u00e1n Felipe Maureira.<br \/>\n<strong>Pablo Salinas Sald\u00edas<\/strong><\/p>\n<figure id=\"attachment_69075\" aria-describedby=\"caption-attachment-69075\" style=\"width: 530px\" class=\"wp-caption alignleft\"><a href=\"http:\/\/www.eltrabajo.cl\/portal\/allanamiento-en-cuatro-casas-incauta-un-kilo-de-marihuana-y-5-g-de-cocaina\/imputada-drogas\/\" rel=\"attachment wp-att-69075\"><img data-recalc-dims=\"1\" loading=\"lazy\" decoding=\"async\" class=\"size-full wp-image-69075\" src=\"https:\/\/i0.wp.com\/www.eltrabajo.cl\/portal\/wp-content\/uploads\/2016\/04\/IMPUTADA-DROGAS.jpg?resize=530%2C350\" alt=\"Una de las imputadas qued\u00f3 bajo la cautelar de prisi\u00f3n preventiva por tr\u00e1fico de drogas.\" width=\"530\" height=\"350\" srcset=\"https:\/\/i0.wp.com\/eltrabajo.cl\/portal\/wp-content\/uploads\/2016\/04\/IMPUTADA-DROGAS.jpg?w=530&amp;ssl=1 530w, https:\/\/i0.wp.com\/eltrabajo.cl\/portal\/wp-content\/uploads\/2016\/04\/IMPUTADA-DROGAS.jpg?resize=200%2C132&amp;ssl=1 200w, https:\/\/i0.wp.com\/eltrabajo.cl\/portal\/wp-content\/uploads\/2016\/04\/IMPUTADA-DROGAS.jpg?resize=300%2C198&amp;ssl=1 300w, https:\/\/i0.wp.com\/eltrabajo.cl\/portal\/wp-content\/uploads\/2016\/04\/IMPUTADA-DROGAS.jpg?resize=227%2C150&amp;ssl=1 227w, https:\/\/i0.wp.com\/eltrabajo.cl\/portal\/wp-content\/uploads\/2016\/04\/IMPUTADA-DROGAS.jpg?resize=400%2C264&amp;ssl=1 400w\" sizes=\"auto, (max-width: 530px) 100vw, 530px\" \/><\/a><figcaption id=\"caption-attachment-69075\" class=\"wp-caption-text\">Una de las imputadas qued\u00f3 bajo la cautelar de prisi\u00f3n preventiva por tr\u00e1fico de drogas.<\/figcaption><\/figure>\n<figure id=\"attachment_69074\" aria-describedby=\"caption-attachment-69074\" style=\"width: 528px\" class=\"wp-caption alignleft\"><a href=\"http:\/\/www.eltrabajo.cl\/portal\/allanamiento-en-cuatro-casas-incauta-un-kilo-de-marihuana-y-5-g-de-cocaina\/gope\/\" rel=\"attachment wp-att-69074\"><img data-recalc-dims=\"1\" loading=\"lazy\" decoding=\"async\" class=\"size-full wp-image-69074\" src=\"https:\/\/i0.wp.com\/www.eltrabajo.cl\/portal\/wp-content\/uploads\/2016\/04\/GOPE.jpg?resize=528%2C350\" alt=\"La tarde de este jueves el Gope de Carabineros y OS7 ejecutaron los allanamientos en la poblaci\u00f3n H\u00e9roes de la Concepci\u00f3n de Panquehue.\" width=\"528\" height=\"350\" srcset=\"https:\/\/i0.wp.com\/eltrabajo.cl\/portal\/wp-content\/uploads\/2016\/04\/GOPE.jpg?w=528&amp;ssl=1 528w, https:\/\/i0.wp.com\/eltrabajo.cl\/portal\/wp-content\/uploads\/2016\/04\/GOPE.jpg?resize=200%2C133&amp;ssl=1 200w, https:\/\/i0.wp.com\/eltrabajo.cl\/portal\/wp-content\/uploads\/2016\/04\/GOPE.jpg?resize=300%2C199&amp;ssl=1 300w, https:\/\/i0.wp.com\/eltrabajo.cl\/portal\/wp-content\/uploads\/2016\/04\/GOPE.jpg?resize=226%2C150&amp;ssl=1 226w, https:\/\/i0.wp.com\/eltrabajo.cl\/portal\/wp-content\/uploads\/2016\/04\/GOPE.jpg?resize=400%2C265&amp;ssl=1 400w\" sizes=\"auto, (max-width: 528px) 100vw, 528px\" \/><\/a><figcaption id=\"caption-attachment-69074\" class=\"wp-caption-text\">La tarde de este jueves el Gope de Carabineros y OS7 ejecutaron los allanamientos en la poblaci\u00f3n H\u00e9roes de la Concepci\u00f3n de Panquehue.<\/figcaption><\/figure>\n<figure id=\"attachment_69073\" aria-describedby=\"caption-attachment-69073\" style=\"width: 528px\" class=\"wp-caption alignleft\"><a href=\"http:\/\/www.eltrabajo.cl\/portal\/allanamiento-en-cuatro-casas-incauta-un-kilo-de-marihuana-y-5-g-de-cocaina\/drogas-panquehue\/\" rel=\"attachment wp-att-69073\"><img data-recalc-dims=\"1\" loading=\"lazy\" decoding=\"async\" class=\"size-full wp-image-69073\" src=\"https:\/\/i0.wp.com\/www.eltrabajo.cl\/portal\/wp-content\/uploads\/2016\/04\/DROGAS-PANQUEHUE.jpg?resize=528%2C350\" alt=\"M\u00e1s de un kilo de marihuana, coca\u00edna, balanzas digitales y dinero en efectivo fue el resultado del allanamiento a cargo del OS7 de Carabineros.\" width=\"528\" height=\"350\" srcset=\"https:\/\/i0.wp.com\/eltrabajo.cl\/portal\/wp-content\/uploads\/2016\/04\/DROGAS-PANQUEHUE.jpg?w=528&amp;ssl=1 528w, https:\/\/i0.wp.com\/eltrabajo.cl\/portal\/wp-content\/uploads\/2016\/04\/DROGAS-PANQUEHUE.jpg?resize=200%2C133&amp;ssl=1 200w, https:\/\/i0.wp.com\/eltrabajo.cl\/portal\/wp-content\/uploads\/2016\/04\/DROGAS-PANQUEHUE.jpg?resize=300%2C199&amp;ssl=1 300w, https:\/\/i0.wp.com\/eltrabajo.cl\/portal\/wp-content\/uploads\/2016\/04\/DROGAS-PANQUEHUE.jpg?resize=226%2C150&amp;ssl=1 226w, https:\/\/i0.wp.com\/eltrabajo.cl\/portal\/wp-content\/uploads\/2016\/04\/DROGAS-PANQUEHUE.jpg?resize=400%2C265&amp;ssl=1 400w\" sizes=\"auto, (max-width: 528px) 100vw, 528px\" \/><\/a><figcaption id=\"caption-attachment-69073\" class=\"wp-caption-text\">M\u00e1s de un kilo de marihuana, coca\u00edna, balanzas digitales y dinero en efectivo fue el resultado del allanamiento a cargo del OS7 de Carabineros.<\/figcaption><\/figure>\n","protected":false},"excerpt":{"rendered":"<p>Uno de cuatro imputados qued\u00f3 en prisi\u00f3n preventiva:\u00a0En operativos a cargo de la secci\u00f3n de OS7 de Carabineros en colaboraci\u00f3n con el Gope, se allanaron domicilios incautando gran cantidad de sustancias il\u00edcitas&#8230;<\/p>\n","protected":false},"author":1,"featured_media":69074,"comment_status":"open","ping_status":"open","sticky":false,"template":"","format":"standard","meta":{"advanced_seo_description":"","jetpack_seo_html_title":"","jetpack_seo_noindex":false,"_jetpack_memberships_contains_paid_content":false,"footnotes":""},"categories":[21],"tags":[],"class_list":["post-69072","post","type-post","status-publish","format-standard","has-post-thumbnail","hentry","category-policial"],"jetpack_featured_media_url":"https:\/\/i0.wp.com\/eltrabajo.cl\/portal\/wp-content\/uploads\/2016\/04\/GOPE.jpg?fit=528%2C350&ssl=1","jetpack_sharing_enabled":true,"jetpack_likes_enabled":true,"jetpack-related-posts":[],"_links":{"self":[{"href":"https:\/\/eltrabajo.cl\/portal\/wp-json\/wp\/v2\/posts\/69072","targetHints":{"allow":["GET"]}}],"collection":[{"href":"https:\/\/eltrabajo.cl\/portal\/wp-json\/wp\/v2\/posts"}],"about":[{"href":"https:\/\/eltrabajo.cl\/portal\/wp-json\/wp\/v2\/types\/post"}],"author":[{"embeddable":true,"href":"https:\/\/eltrabajo.cl\/portal\/wp-json\/wp\/v2\/users\/1"}],"replies":[{"embeddable":true,"href":"https:\/\/eltrabajo.cl\/portal\/wp-json\/wp\/v2\/comments?post=69072"}],"version-history":[{"count":0,"href":"https:\/\/eltrabajo.cl\/portal\/wp-json\/wp\/v2\/posts\/69072\/revisions"}],"wp:featuredmedia":[{"embeddable":true,"href":"https:\/\/eltrabajo.cl\/portal\/wp-json\/wp\/v2\/media\/69074"}],"wp:attachment":[{"href":"https:\/\/eltrabajo.cl\/portal\/wp-json\/wp\/v2\/media?parent=69072"}],"wp:term":[{"taxonomy":"category","embeddable":true,"href":"https:\/\/eltrabajo.cl\/portal\/wp-json\/wp\/v2\/categories?post=69072"},{"taxonomy":"post_tag","embeddable":true,"href":"https:\/\/eltrabajo.cl\/portal\/wp-json\/wp\/v2\/tags?post=69072"}],"curies":[{"name":"wp","href":"https:\/\/api.w.org\/{rel}","templated":true}]}}