{"id":69078,"date":"2016-04-25T08:55:47","date_gmt":"2016-04-25T11:55:47","guid":{"rendered":"http:\/\/www.eltrabajo.cl\/portal\/?p=69078"},"modified":"2016-04-25T08:55:47","modified_gmt":"2016-04-25T11:55:47","slug":"instalan-lomos-de-toro-reductores-de-velocidad-en-michimalongo-y-traslavina","status":"publish","type":"post","link":"https:\/\/eltrabajo.cl\/portal\/instalan-lomos-de-toro-reductores-de-velocidad-en-michimalongo-y-traslavina\/","title":{"rendered":"Instalan \u2018lomos de toro\u2019 reductores de velocidad en Michimalongo y Traslavi\u00f1a"},"content":{"rendered":"<p>Tras cumplir los tr\u00e1mites administrativos que permitieron la autorizaci\u00f3n para incorporar medidas de seguridad vial en la calle Michimalongo, la Municipalidad de San Felipe en la jornada del viernes dio cumplimiento al compromiso suscrito con vecinos de la villa El Carmen, en cuanto a instalar cuatro resaltos reductores de velocidad en esta transitada arteria de la comuna.<br \/>\nSe trata de una inversi\u00f3n de 4,5 millones de pesos, recursos municipales que permitieron ejecutar estas medidas de seguridad vial, tanto en Michimalongo a la altura de la villa El Carmen, como tambi\u00e9n en la calle Traslavi\u00f1a, a la altura de Freire, donde se han producido situaciones bastante complejas desde el punto de vista del tr\u00e1nsito de veh\u00edculos.<br \/>\nEl Secretario comunal de Planificaci\u00f3n, Claudio Paredes, efectu\u00f3 un recorrido por las obras, sum\u00e1ndose en calle Michimalongo el presidente de la Uni\u00f3n Comunal de Juntas de Vecinos Francisco Valenzuela y el tesorero de la Junta de Vecinos El Carmen, Germ\u00e1n Cataldo, a objeto de verificar su correcta ejecuci\u00f3n, la que fue supervisada por el director de Tr\u00e1nsito, Guillermo Orellana.<br \/>\n\u201cEl se\u00f1or alcalde Patricio Freire ha establecido un programa de ejecuci\u00f3n de reductores de velocidad, particularmente en aquellas arterias de alto tr\u00e1fico. Particularmente en Michimalongo, la municipalidad ya hab\u00eda instalado cuatro, hacia el oriente, y ahora con estos cuatro lomos de toro, como se les conoce popularmente, en esta misma calle pero a la altura de la villa El Carmen, que es donde se han registrado algunos accidentes de tr\u00e1nsito\u201d, se\u00f1al\u00f3 Claudio Paredes.<br \/>\nEl personero municipal manifest\u00f3 en todo caso que este tipo de medidas de seguridad vial no garantizan que no se registren accidentes, pues la mayor\u00eda de estos se deben al descuido ya sea de peatones, ciclistas o automovilistas, por lo tanto formul\u00f3 un llamado a ser respetuosos de la ley de tr\u00e1nsito.<br \/>\nA\u00f1adi\u00f3 que \u201cen general esto forma parte de una pol\u00edtica de mejoramiento y seguridad vial, en toda la comuna, donde se han instalado m\u00e1s de 25 lomos de toro, cada uno de los cuales debe ser autorizado por la Secretar\u00eda Regional Ministerial de Transportes y por la Secretar\u00eda T\u00e9cnica de Transporte, que son estamentos t\u00e9cnicos que demoran entre 3 a 4 meses en aprobar estas solicitudes que hacemos para mayor seguridad en las calles\u201d.<br \/>\nEl presidente de la Unco de Juntas de Vecinos, Francisco Valenzuela, valor\u00f3 la iniciativa municipal que ha permitido desarrollar este tipo de acciones en la comuna, pero particularmente en este sector, donde se da respuesta a la demanda ciudadana que se vio acrecentada tras el accidente de un estudiante del sector.<br \/>\nEl mismo planteamiento formul\u00f3 Germ\u00e1n Cataldo, tesorero de la Junta de Vecinos de El Carmen, quien manifest\u00f3 que \u201cgracias a Dios se concretaron estos lomos de toro, que necesit\u00e1bamos mucho en Michimalongo, por lo que agradecemos al alcalde que atendi\u00f3 nuestra solicitud\u201d.<br \/>\nEs necesario recalcar que la calle Michimalongo est\u00e1 considerada dentro de un proyecto de gran envergadura, que implicar\u00e1 convertirla en avenida, ampliar la zona de circulaci\u00f3n, disponer un bandej\u00f3n central y desarrollar por tanto una inversi\u00f3n enorme, de m\u00e1s de 4 mil millones de pesos, que el alcalde Patricio Freire espera que pueda concretarse en 2017.<\/p>\n<figure id=\"attachment_69079\" aria-describedby=\"caption-attachment-69079\" style=\"width: 530px\" class=\"wp-caption alignleft\"><a href=\"http:\/\/www.eltrabajo.cl\/portal\/instalan-lomos-de-toro-reductores-de-velocidad-en-michimalongo-y-traslavina\/resaltos\/\" rel=\"attachment wp-att-69079\"><img data-recalc-dims=\"1\" loading=\"lazy\" decoding=\"async\" class=\"size-full wp-image-69079\" src=\"https:\/\/i0.wp.com\/www.eltrabajo.cl\/portal\/wp-content\/uploads\/2016\/04\/resaltos.jpg?resize=530%2C350\" alt=\"Durante el viernes, personal municipal instal\u00f3 resaltos reductores de velocidad en Villa El Carmen.\" width=\"530\" height=\"350\" srcset=\"https:\/\/i0.wp.com\/eltrabajo.cl\/portal\/wp-content\/uploads\/2016\/04\/resaltos.jpg?w=530&amp;ssl=1 530w, https:\/\/i0.wp.com\/eltrabajo.cl\/portal\/wp-content\/uploads\/2016\/04\/resaltos.jpg?resize=200%2C132&amp;ssl=1 200w, https:\/\/i0.wp.com\/eltrabajo.cl\/portal\/wp-content\/uploads\/2016\/04\/resaltos.jpg?resize=300%2C198&amp;ssl=1 300w, https:\/\/i0.wp.com\/eltrabajo.cl\/portal\/wp-content\/uploads\/2016\/04\/resaltos.jpg?resize=227%2C150&amp;ssl=1 227w, https:\/\/i0.wp.com\/eltrabajo.cl\/portal\/wp-content\/uploads\/2016\/04\/resaltos.jpg?resize=400%2C264&amp;ssl=1 400w\" sizes=\"auto, (max-width: 530px) 100vw, 530px\" \/><\/a><figcaption id=\"caption-attachment-69079\" class=\"wp-caption-text\">Durante el viernes, personal municipal instal\u00f3 resaltos reductores de velocidad en Villa El Carmen.<\/figcaption><\/figure>\n<figure id=\"attachment_69080\" aria-describedby=\"caption-attachment-69080\" style=\"width: 530px\" class=\"wp-caption alignleft\"><a href=\"http:\/\/www.eltrabajo.cl\/portal\/instalan-lomos-de-toro-reductores-de-velocidad-en-michimalongo-y-traslavina\/resaltos-2\/\" rel=\"attachment wp-att-69080\"><img data-recalc-dims=\"1\" loading=\"lazy\" decoding=\"async\" class=\"size-full wp-image-69080\" src=\"https:\/\/i0.wp.com\/www.eltrabajo.cl\/portal\/wp-content\/uploads\/2016\/04\/resaltos-2.jpg?resize=530%2C348\" alt=\"En calle Traslavi\u00f1a tambi\u00e9n se inatalaron reductores de velocidad.\" width=\"530\" height=\"348\" srcset=\"https:\/\/i0.wp.com\/eltrabajo.cl\/portal\/wp-content\/uploads\/2016\/04\/resaltos-2.jpg?w=530&amp;ssl=1 530w, https:\/\/i0.wp.com\/eltrabajo.cl\/portal\/wp-content\/uploads\/2016\/04\/resaltos-2.jpg?resize=200%2C131&amp;ssl=1 200w, https:\/\/i0.wp.com\/eltrabajo.cl\/portal\/wp-content\/uploads\/2016\/04\/resaltos-2.jpg?resize=300%2C197&amp;ssl=1 300w, https:\/\/i0.wp.com\/eltrabajo.cl\/portal\/wp-content\/uploads\/2016\/04\/resaltos-2.jpg?resize=228%2C150&amp;ssl=1 228w, https:\/\/i0.wp.com\/eltrabajo.cl\/portal\/wp-content\/uploads\/2016\/04\/resaltos-2.jpg?resize=400%2C263&amp;ssl=1 400w\" sizes=\"auto, (max-width: 530px) 100vw, 530px\" \/><\/a><figcaption id=\"caption-attachment-69080\" class=\"wp-caption-text\">En calle Traslavi\u00f1a tambi\u00e9n se inatalaron reductores de velocidad.<\/figcaption><\/figure>\n","protected":false},"excerpt":{"rendered":"<p>Tras cumplir los tr\u00e1mites administrativos que permitieron la autorizaci\u00f3n para incorporar medidas de seguridad vial en la calle Michimalongo, la Municipalidad de San Felipe en la jornada del viernes dio cumplimiento al&#8230;<\/p>\n","protected":false},"author":1,"featured_media":69079,"comment_status":"open","ping_status":"open","sticky":false,"template":"","format":"standard","meta":{"advanced_seo_description":"","jetpack_seo_html_title":"","jetpack_seo_noindex":false,"_jetpack_memberships_contains_paid_content":false,"footnotes":""},"categories":[1],"tags":[],"class_list":["post-69078","post","type-post","status-publish","format-standard","has-post-thumbnail","hentry","category-cronica"],"jetpack_featured_media_url":"https:\/\/i0.wp.com\/eltrabajo.cl\/portal\/wp-content\/uploads\/2016\/04\/resaltos.jpg?fit=530%2C350&ssl=1","jetpack_sharing_enabled":true,"jetpack_likes_enabled":true,"jetpack-related-posts":[],"_links":{"self":[{"href":"https:\/\/eltrabajo.cl\/portal\/wp-json\/wp\/v2\/posts\/69078","targetHints":{"allow":["GET"]}}],"collection":[{"href":"https:\/\/eltrabajo.cl\/portal\/wp-json\/wp\/v2\/posts"}],"about":[{"href":"https:\/\/eltrabajo.cl\/portal\/wp-json\/wp\/v2\/types\/post"}],"author":[{"embeddable":true,"href":"https:\/\/eltrabajo.cl\/portal\/wp-json\/wp\/v2\/users\/1"}],"replies":[{"embeddable":true,"href":"https:\/\/eltrabajo.cl\/portal\/wp-json\/wp\/v2\/comments?post=69078"}],"version-history":[{"count":0,"href":"https:\/\/eltrabajo.cl\/portal\/wp-json\/wp\/v2\/posts\/69078\/revisions"}],"wp:featuredmedia":[{"embeddable":true,"href":"https:\/\/eltrabajo.cl\/portal\/wp-json\/wp\/v2\/media\/69079"}],"wp:attachment":[{"href":"https:\/\/eltrabajo.cl\/portal\/wp-json\/wp\/v2\/media?parent=69078"}],"wp:term":[{"taxonomy":"category","embeddable":true,"href":"https:\/\/eltrabajo.cl\/portal\/wp-json\/wp\/v2\/categories?post=69078"},{"taxonomy":"post_tag","embeddable":true,"href":"https:\/\/eltrabajo.cl\/portal\/wp-json\/wp\/v2\/tags?post=69078"}],"curies":[{"name":"wp","href":"https:\/\/api.w.org\/{rel}","templated":true}]}}