{"id":69091,"date":"2016-04-25T09:03:48","date_gmt":"2016-04-25T12:03:48","guid":{"rendered":"http:\/\/www.eltrabajo.cl\/portal\/?p=69091"},"modified":"2016-04-25T09:03:48","modified_gmt":"2016-04-25T12:03:48","slug":"dos-heridos-por-perdigones-en-confuso-incidente-en-discotheque-scalibur","status":"publish","type":"post","link":"https:\/\/eltrabajo.cl\/portal\/dos-heridos-por-perdigones-en-confuso-incidente-en-discotheque-scalibur\/","title":{"rendered":"Dos heridos por perdigones en confuso incidente en Discotheque Scalibur"},"content":{"rendered":"<p><strong>Desconocidos irrumpieron efectuando disparos y otros da\u00f1os:<\/strong><\/p>\n<p>Carabineros investiga los hechos ocurridos la madrugada de ayer domingo en los estacionamientos de la concurrida discoteca. Hasta el momento no hay detenidos por el hecho que se enmarcar\u00eda dentro de un ajuste de cuentas por una ri\u00f1a previa.<br \/>\nDos hombres adultos resultaron heridos por impactos de perdigones tras un confuso incidente en los estacionamientos de la discoteca Scalibur de San Felipe. En el lugar, dos desconocidos irrumpieron efectuando disparos al aire y contra dos v\u00edctimas que denunciaron el hecho a Carabineros.<br \/>\nDe acuerdo al relato de los afectados, a eso de las 05:00 horas de ayer domingo, dos sujetos a bordo de un veh\u00edculo marca Honda de color gris, ingresaron hasta el sector de los estacionamientos de la discoteca, intimidando y amenazando de muerte al portero con una escopeta.<br \/>\nR\u00e1pidamente los sujetos descendieron del m\u00f3vil efectuando disparos al aire y en contra de dos v\u00edctimas que resultaron lesionados en mejillas, cuello y espalda producto de impactos de perdigones percutados.<br \/>\nDe esta manera, los mismos antisociales realizaron da\u00f1os a veh\u00edculos que se encontraban estacionados, destruyendo los parabrisas delanteros y traseros para luego huir en direcci\u00f3n desconocida.<br \/>\nLos heridos fueron derivados hasta el servicio de urgencias del Hospital San Camilo de San Felipe, siendo diagnosticados con lesiones de car\u00e1cter leve.<br \/>\nTras las diligencias policiales efectuadas en el lugar, no se logr\u00f3 establecer las identidades de estos sujetos.<br \/>\nPor instrucci\u00f3n del Fiscal de turno, las pericias quedar\u00e1n a cargo de la Secci\u00f3n de Investigaci\u00f3n Policial SIP de Carabineros de San Felipe, para indagar m\u00e1s detalles de lo ocurrido dentro de la discoteca.<br \/>\nExtraoficialmente se pudo conocer que el episodio descrito se tratar\u00eda de un ajuste de cuentas tras una ri\u00f1a al interior del local, m\u00f3vil que est\u00e1 siendo investigado por la polic\u00eda uniformada.<br \/>\n<strong>Pablo Salinas Sald\u00edas<\/strong><\/p>\n<figure id=\"attachment_69092\" aria-describedby=\"caption-attachment-69092\" style=\"width: 530px\" class=\"wp-caption alignleft\"><a href=\"http:\/\/www.eltrabajo.cl\/portal\/dos-heridos-por-perdigones-en-confuso-incidente-en-discotheque-scalibur\/herido-perdigon\/\" rel=\"attachment wp-att-69092\"><img data-recalc-dims=\"1\" loading=\"lazy\" decoding=\"async\" class=\"size-full wp-image-69092\" src=\"https:\/\/i0.wp.com\/www.eltrabajo.cl\/portal\/wp-content\/uploads\/2016\/04\/herido-perdigon.jpg?resize=530%2C350\" alt=\"Los heridos fueron derivados hasta el servicio de urgencias del Hospital San Camilo, diagnosticados con lesiones leves. (Foto Referencial).\" width=\"530\" height=\"350\" srcset=\"https:\/\/i0.wp.com\/eltrabajo.cl\/portal\/wp-content\/uploads\/2016\/04\/herido-perdigon.jpg?w=530&amp;ssl=1 530w, https:\/\/i0.wp.com\/eltrabajo.cl\/portal\/wp-content\/uploads\/2016\/04\/herido-perdigon.jpg?resize=200%2C132&amp;ssl=1 200w, https:\/\/i0.wp.com\/eltrabajo.cl\/portal\/wp-content\/uploads\/2016\/04\/herido-perdigon.jpg?resize=300%2C198&amp;ssl=1 300w, https:\/\/i0.wp.com\/eltrabajo.cl\/portal\/wp-content\/uploads\/2016\/04\/herido-perdigon.jpg?resize=227%2C150&amp;ssl=1 227w, https:\/\/i0.wp.com\/eltrabajo.cl\/portal\/wp-content\/uploads\/2016\/04\/herido-perdigon.jpg?resize=400%2C264&amp;ssl=1 400w\" sizes=\"auto, (max-width: 530px) 100vw, 530px\" \/><\/a><figcaption id=\"caption-attachment-69092\" class=\"wp-caption-text\">Los heridos fueron derivados hasta el servicio de urgencias del Hospital San Camilo, diagnosticados con lesiones leves. (Foto Referencial).<\/figcaption><\/figure>\n","protected":false},"excerpt":{"rendered":"<p>Desconocidos irrumpieron efectuando disparos y otros da\u00f1os: Carabineros investiga los hechos ocurridos la madrugada de ayer domingo en los estacionamientos de la concurrida discoteca. Hasta el momento no hay detenidos por el&#8230;<\/p>\n","protected":false},"author":1,"featured_media":69092,"comment_status":"open","ping_status":"open","sticky":false,"template":"","format":"standard","meta":{"advanced_seo_description":"","jetpack_seo_html_title":"","jetpack_seo_noindex":false,"_jetpack_memberships_contains_paid_content":false,"footnotes":""},"categories":[21],"tags":[],"class_list":["post-69091","post","type-post","status-publish","format-standard","has-post-thumbnail","hentry","category-policial"],"jetpack_featured_media_url":"https:\/\/i0.wp.com\/eltrabajo.cl\/portal\/wp-content\/uploads\/2016\/04\/herido-perdigon.jpg?fit=530%2C350&ssl=1","jetpack_sharing_enabled":true,"jetpack_likes_enabled":true,"jetpack-related-posts":[],"_links":{"self":[{"href":"https:\/\/eltrabajo.cl\/portal\/wp-json\/wp\/v2\/posts\/69091","targetHints":{"allow":["GET"]}}],"collection":[{"href":"https:\/\/eltrabajo.cl\/portal\/wp-json\/wp\/v2\/posts"}],"about":[{"href":"https:\/\/eltrabajo.cl\/portal\/wp-json\/wp\/v2\/types\/post"}],"author":[{"embeddable":true,"href":"https:\/\/eltrabajo.cl\/portal\/wp-json\/wp\/v2\/users\/1"}],"replies":[{"embeddable":true,"href":"https:\/\/eltrabajo.cl\/portal\/wp-json\/wp\/v2\/comments?post=69091"}],"version-history":[{"count":0,"href":"https:\/\/eltrabajo.cl\/portal\/wp-json\/wp\/v2\/posts\/69091\/revisions"}],"wp:featuredmedia":[{"embeddable":true,"href":"https:\/\/eltrabajo.cl\/portal\/wp-json\/wp\/v2\/media\/69092"}],"wp:attachment":[{"href":"https:\/\/eltrabajo.cl\/portal\/wp-json\/wp\/v2\/media?parent=69091"}],"wp:term":[{"taxonomy":"category","embeddable":true,"href":"https:\/\/eltrabajo.cl\/portal\/wp-json\/wp\/v2\/categories?post=69091"},{"taxonomy":"post_tag","embeddable":true,"href":"https:\/\/eltrabajo.cl\/portal\/wp-json\/wp\/v2\/tags?post=69091"}],"curies":[{"name":"wp","href":"https:\/\/api.w.org\/{rel}","templated":true}]}}