{"id":69095,"date":"2016-04-25T09:05:27","date_gmt":"2016-04-25T12:05:27","guid":{"rendered":"http:\/\/www.eltrabajo.cl\/portal\/?p=69095"},"modified":"2016-04-25T09:05:27","modified_gmt":"2016-04-25T12:05:27","slug":"secuestran-agreden-y-marcan-a-mujer-para-abandonarla-en-rinconada-de-silva","status":"publish","type":"post","link":"https:\/\/eltrabajo.cl\/portal\/secuestran-agreden-y-marcan-a-mujer-para-abandonarla-en-rinconada-de-silva\/","title":{"rendered":"Secuestran, agreden y &#8216;marcan&#8217; a mujer para abandonarla en Rinconada de Silva"},"content":{"rendered":"<p><strong>Un hombre y dos mujeres semi encapuchados:\u00a0Aparentemente se tratar\u00eda de una venganza registrada el pasado viernes cuando la v\u00edctima transitaba por el centro de San Felipe y fue abordada por desconocidos que la subieron a un veh\u00edculo y la llevaron hasta las cercan\u00edas del Cristo de Rinconada de Silva, donde le marcaron dos mensajes en la piel con arma blanca.<\/strong><\/p>\n<p>PUTAENDO.- Una mujer residente en la localidad de Granallas, cuya identidad y edad a\u00fan se mantienen en reserva, fue v\u00edctima de un extra\u00f1o secuestro mientras transitaba por las calles del centro de San Felipe la ma\u00f1ana del pasado viernes.<br \/>\nTodo comenz\u00f3 cuando a eso de las 07:40 horas de ese d\u00eda, la mujer se dirigi\u00f3 a la capital provincial y se desplaz\u00f3 por el centro de la comuna, momento en el cual sorpresivamente fue abordada por un hombre y dos mujeres desconocidos que la amedrentaron y subieron a bordo de un veh\u00edculo que hasta el momento la v\u00edctima no ha podido identificar.<br \/>\nEn el trayecto, la mujer not\u00f3 que estaba siendo trasladada hasta la parte posterior del terreno donde se emplaza el Cristo de Madera, en Rinconada de Silva, donde fue bajada del m\u00f3vil y brutalmente agredida con un arma blanca, con la cual los secuestradores le escribieron un insulto en uno de sus brazos (loca) y el n\u00famero \u2018250\u2019 en uno de sus senos.<br \/>\nTras el ataque los sujetos la abandonaron a su suerte en las inmediaciones del Santuario.<br \/>\nLa afectada, una vez repuesta de la traum\u00e1tica experiencia, pidi\u00f3 ayuda a Carabineros, quienes se trasladaron r\u00e1pidamente al lugar y la llevaron hasta el Hospital San Antonio de Putaendo para la constataci\u00f3n de lesiones y luego a la Tenencia de Putaendo.<br \/>\nLlam\u00f3 la atenci\u00f3n en la instituci\u00f3n uniformada que la v\u00edctima no fue v\u00edctima de un asalto, pues sus agresores no le robaron ninguno de los elementos que portaba al momento de ser abordada en la comuna de San Felipe. Carabineros inform\u00f3 que de acuerdo a testimonio entregado por la mujer, en todo momento fue amenazada de muerte mientras se encontraba al interior del veh\u00edculo de los secuestradores.<br \/>\nVersiones extraoficiales se\u00f1alan que al parecer todo se deber\u00eda a una venganza por un conflicto entre v\u00edctima y alguno de sus victimarios desatado a trav\u00e9s de la red Facebook, situaci\u00f3n que no ha sido confirmada.<br \/>\nAl lugar lleg\u00f3 tambi\u00e9n personal de la SIP de Carabineros que se encuentra investigando los antecedentes del caso.<\/p>\n<figure id=\"attachment_69096\" aria-describedby=\"caption-attachment-69096\" style=\"width: 530px\" class=\"wp-caption alignleft\"><a href=\"http:\/\/www.eltrabajo.cl\/portal\/secuestran-agreden-y-marcan-a-mujer-para-abandonarla-en-rinconada-de-silva\/secuestro-putaendo\/\" rel=\"attachment wp-att-69096\"><img data-recalc-dims=\"1\" loading=\"lazy\" decoding=\"async\" class=\"size-full wp-image-69096\" src=\"https:\/\/i0.wp.com\/www.eltrabajo.cl\/portal\/wp-content\/uploads\/2016\/04\/Secuestro-Putaendo.jpg?resize=530%2C349\" alt=\"La v\u00edctima fue acompa\u00f1ada por personal SIP desde tenencia de Putaendo.\" width=\"530\" height=\"349\" srcset=\"https:\/\/i0.wp.com\/eltrabajo.cl\/portal\/wp-content\/uploads\/2016\/04\/Secuestro-Putaendo.jpg?w=530&amp;ssl=1 530w, https:\/\/i0.wp.com\/eltrabajo.cl\/portal\/wp-content\/uploads\/2016\/04\/Secuestro-Putaendo.jpg?resize=200%2C132&amp;ssl=1 200w, https:\/\/i0.wp.com\/eltrabajo.cl\/portal\/wp-content\/uploads\/2016\/04\/Secuestro-Putaendo.jpg?resize=300%2C198&amp;ssl=1 300w, https:\/\/i0.wp.com\/eltrabajo.cl\/portal\/wp-content\/uploads\/2016\/04\/Secuestro-Putaendo.jpg?resize=228%2C150&amp;ssl=1 228w, https:\/\/i0.wp.com\/eltrabajo.cl\/portal\/wp-content\/uploads\/2016\/04\/Secuestro-Putaendo.jpg?resize=400%2C263&amp;ssl=1 400w\" sizes=\"auto, (max-width: 530px) 100vw, 530px\" \/><\/a><figcaption id=\"caption-attachment-69096\" class=\"wp-caption-text\">La v\u00edctima fue acompa\u00f1ada por personal SIP desde tenencia de Putaendo.<\/figcaption><\/figure>\n","protected":false},"excerpt":{"rendered":"<p>Un hombre y dos mujeres semi encapuchados:\u00a0Aparentemente se tratar\u00eda de una venganza registrada el pasado viernes cuando la v\u00edctima transitaba por el centro de San Felipe y fue abordada por desconocidos que&#8230;<\/p>\n","protected":false},"author":1,"featured_media":69096,"comment_status":"open","ping_status":"open","sticky":false,"template":"","format":"standard","meta":{"advanced_seo_description":"","jetpack_seo_html_title":"","jetpack_seo_noindex":false,"_jetpack_memberships_contains_paid_content":false,"footnotes":""},"categories":[21],"tags":[],"class_list":["post-69095","post","type-post","status-publish","format-standard","has-post-thumbnail","hentry","category-policial"],"jetpack_featured_media_url":"https:\/\/i0.wp.com\/eltrabajo.cl\/portal\/wp-content\/uploads\/2016\/04\/Secuestro-Putaendo.jpg?fit=530%2C349&ssl=1","jetpack_sharing_enabled":true,"jetpack_likes_enabled":true,"jetpack-related-posts":[],"_links":{"self":[{"href":"https:\/\/eltrabajo.cl\/portal\/wp-json\/wp\/v2\/posts\/69095","targetHints":{"allow":["GET"]}}],"collection":[{"href":"https:\/\/eltrabajo.cl\/portal\/wp-json\/wp\/v2\/posts"}],"about":[{"href":"https:\/\/eltrabajo.cl\/portal\/wp-json\/wp\/v2\/types\/post"}],"author":[{"embeddable":true,"href":"https:\/\/eltrabajo.cl\/portal\/wp-json\/wp\/v2\/users\/1"}],"replies":[{"embeddable":true,"href":"https:\/\/eltrabajo.cl\/portal\/wp-json\/wp\/v2\/comments?post=69095"}],"version-history":[{"count":0,"href":"https:\/\/eltrabajo.cl\/portal\/wp-json\/wp\/v2\/posts\/69095\/revisions"}],"wp:featuredmedia":[{"embeddable":true,"href":"https:\/\/eltrabajo.cl\/portal\/wp-json\/wp\/v2\/media\/69096"}],"wp:attachment":[{"href":"https:\/\/eltrabajo.cl\/portal\/wp-json\/wp\/v2\/media?parent=69095"}],"wp:term":[{"taxonomy":"category","embeddable":true,"href":"https:\/\/eltrabajo.cl\/portal\/wp-json\/wp\/v2\/categories?post=69095"},{"taxonomy":"post_tag","embeddable":true,"href":"https:\/\/eltrabajo.cl\/portal\/wp-json\/wp\/v2\/tags?post=69095"}],"curies":[{"name":"wp","href":"https:\/\/api.w.org\/{rel}","templated":true}]}}