{"id":69099,"date":"2016-04-26T08:29:43","date_gmt":"2016-04-26T11:29:43","guid":{"rendered":"http:\/\/www.eltrabajo.cl\/portal\/?p=69099"},"modified":"2016-04-26T08:29:43","modified_gmt":"2016-04-26T11:29:43","slug":"agricultores-andinos-reclaman-negligencia-de-codelco-por-reiterados-derrames","status":"publish","type":"post","link":"https:\/\/eltrabajo.cl\/portal\/agricultores-andinos-reclaman-negligencia-de-codelco-por-reiterados-derrames\/","title":{"rendered":"Agricultores andinos reclaman negligencia de Codelco por reiterados derrames"},"content":{"rendered":"<p><strong>\u00abHa da\u00f1ado nuestra actividad y patrimonio en reiteradas ocasiones\u00bb, se\u00f1al\u00f3 el presidente de la entidad V\u00edctor Cat\u00e1n.<\/strong><\/p>\n<p><strong>LOS ANDES.-<\/strong> El Presidente de la Asociaci\u00f3n de Agricultores, V\u00edctor Cat\u00e1n, acus\u00f3 de negligencia a Codelco por el derrame de relaves ocurrido el domingo 17 de abril como consecuencia de las intensas precipitaciones que azotaron la zona.<br \/>\nDicha situaci\u00f3n se une al derrame de concentrado de cobre en los R\u00edos Blanco y Aconcagua, el pasado 25 de febrero, una reiteraci\u00f3n de este tipo de hechos que inquieta de sobremanera a los agricultores.<br \/>\n\u201cNos encontramos sumamente preocupados por el actuar negligente de Codelco Andina, ya que ha da\u00f1ado nuestra actividad y patrimonio en reiteradas ocasiones, con la certeza de las d\u00e9cadas de esfuerzo pa\u00eds que se requirieron para construir una imagen para nuestra fruta a nivel internacional\u201d, expuso Cat\u00e1n.<br \/>\nManifest\u00f3 que la Gerencia de Comunicaciones de Codelco Chile sali\u00f3 al paso de lo sucedido con respecto a los relaves, diciendo que \u201cavalanchas de barro provocaron da\u00f1os\u201d a la estructura, \u201cconsecuencia del frente de mal tiempo que afect\u00f3 la zona central del pa\u00eds\u201d, y que se \u201ccometi\u00f3 el error de enviar relave por la canaleta hacia el Tranque Ovejer\u00eda, sin haberla inspeccionado a\u00fan, dadas las adversas condiciones clim\u00e1ticas que imperaban\u201d.<br \/>\n\u201cNos sorprende que la empresa minera m\u00e1s grande del mundo en producci\u00f3n de cobre no posea la infraestructura y el personal adecuados para trabajar con materiales peligrosos en episodios como \u00e9ste\u201d, recalc\u00f3 V\u00edctor Cat\u00e1n, quien compar\u00f3 esta negligencia con lo sucedido en fin de semana en Santiago, tras el desborde del Rio Mapocho por las obras de Costanera Norte.<br \/>\nA trav\u00e9s de la Asociaci\u00f3n de Agricultores de la provincia, se est\u00e1 levantando informaci\u00f3n para estimar los riesgos y da\u00f1os provocados a la salud de las personas, al agua y los suelos utilizados para la producci\u00f3n de especies.<\/p>\n<figure id=\"attachment_69100\" aria-describedby=\"caption-attachment-69100\" style=\"width: 300px\" class=\"wp-caption alignleft\"><a href=\"http:\/\/www.eltrabajo.cl\/portal\/agricultores-andinos-reclaman-negligencia-de-codelco-por-reiterados-derrames\/victor-catan-agricultores-los-andes\/\" rel=\"attachment wp-att-69100\"><img data-recalc-dims=\"1\" loading=\"lazy\" decoding=\"async\" class=\"size-medium wp-image-69100\" src=\"https:\/\/i0.wp.com\/www.eltrabajo.cl\/portal\/wp-content\/uploads\/2016\/04\/Victor-Catan-Agricultores-Los-Andes-300x198.jpg?resize=300%2C198\" alt=\"V\u00edctor Cat\u00e1n, presidente de la Asociaci\u00f3n de Agricultores de Los Andes.\" width=\"300\" height=\"198\" srcset=\"https:\/\/i0.wp.com\/eltrabajo.cl\/portal\/wp-content\/uploads\/2016\/04\/Victor-Catan-Agricultores-Los-Andes.jpg?resize=300%2C198&amp;ssl=1 300w, https:\/\/i0.wp.com\/eltrabajo.cl\/portal\/wp-content\/uploads\/2016\/04\/Victor-Catan-Agricultores-Los-Andes.jpg?resize=200%2C132&amp;ssl=1 200w, https:\/\/i0.wp.com\/eltrabajo.cl\/portal\/wp-content\/uploads\/2016\/04\/Victor-Catan-Agricultores-Los-Andes.jpg?resize=227%2C150&amp;ssl=1 227w, https:\/\/i0.wp.com\/eltrabajo.cl\/portal\/wp-content\/uploads\/2016\/04\/Victor-Catan-Agricultores-Los-Andes.jpg?resize=400%2C264&amp;ssl=1 400w, https:\/\/i0.wp.com\/eltrabajo.cl\/portal\/wp-content\/uploads\/2016\/04\/Victor-Catan-Agricultores-Los-Andes.jpg?w=530&amp;ssl=1 530w\" sizes=\"auto, (max-width: 300px) 100vw, 300px\" \/><\/a><figcaption id=\"caption-attachment-69100\" class=\"wp-caption-text\">V\u00edctor Cat\u00e1n, presidente de la Asociaci\u00f3n de Agricultores de Los Andes.<\/figcaption><\/figure>\n","protected":false},"excerpt":{"rendered":"<p>\u00abHa da\u00f1ado nuestra actividad y patrimonio en reiteradas ocasiones\u00bb, se\u00f1al\u00f3 el presidente de la entidad V\u00edctor Cat\u00e1n. LOS ANDES.- El Presidente de la Asociaci\u00f3n de Agricultores, V\u00edctor Cat\u00e1n, acus\u00f3 de negligencia a&#8230;<\/p>\n","protected":false},"author":1,"featured_media":69100,"comment_status":"open","ping_status":"open","sticky":false,"template":"","format":"standard","meta":{"advanced_seo_description":"","jetpack_seo_html_title":"","jetpack_seo_noindex":false,"_jetpack_memberships_contains_paid_content":false,"footnotes":""},"categories":[1],"tags":[],"class_list":["post-69099","post","type-post","status-publish","format-standard","has-post-thumbnail","hentry","category-cronica"],"jetpack_featured_media_url":"https:\/\/i0.wp.com\/eltrabajo.cl\/portal\/wp-content\/uploads\/2016\/04\/Victor-Catan-Agricultores-Los-Andes.jpg?fit=530%2C350&ssl=1","jetpack_sharing_enabled":true,"jetpack_likes_enabled":true,"jetpack-related-posts":[],"_links":{"self":[{"href":"https:\/\/eltrabajo.cl\/portal\/wp-json\/wp\/v2\/posts\/69099","targetHints":{"allow":["GET"]}}],"collection":[{"href":"https:\/\/eltrabajo.cl\/portal\/wp-json\/wp\/v2\/posts"}],"about":[{"href":"https:\/\/eltrabajo.cl\/portal\/wp-json\/wp\/v2\/types\/post"}],"author":[{"embeddable":true,"href":"https:\/\/eltrabajo.cl\/portal\/wp-json\/wp\/v2\/users\/1"}],"replies":[{"embeddable":true,"href":"https:\/\/eltrabajo.cl\/portal\/wp-json\/wp\/v2\/comments?post=69099"}],"version-history":[{"count":0,"href":"https:\/\/eltrabajo.cl\/portal\/wp-json\/wp\/v2\/posts\/69099\/revisions"}],"wp:featuredmedia":[{"embeddable":true,"href":"https:\/\/eltrabajo.cl\/portal\/wp-json\/wp\/v2\/media\/69100"}],"wp:attachment":[{"href":"https:\/\/eltrabajo.cl\/portal\/wp-json\/wp\/v2\/media?parent=69099"}],"wp:term":[{"taxonomy":"category","embeddable":true,"href":"https:\/\/eltrabajo.cl\/portal\/wp-json\/wp\/v2\/categories?post=69099"},{"taxonomy":"post_tag","embeddable":true,"href":"https:\/\/eltrabajo.cl\/portal\/wp-json\/wp\/v2\/tags?post=69099"}],"curies":[{"name":"wp","href":"https:\/\/api.w.org\/{rel}","templated":true}]}}