{"id":69107,"date":"2016-04-26T08:33:36","date_gmt":"2016-04-26T11:33:36","guid":{"rendered":"http:\/\/www.eltrabajo.cl\/portal\/?p=69107"},"modified":"2016-04-26T08:33:36","modified_gmt":"2016-04-26T11:33:36","slug":"en-prision-preventiva-quedo-sujeto-que-estrangulo-y-apunalo-a-su-ex-pareja","status":"publish","type":"post","link":"https:\/\/eltrabajo.cl\/portal\/en-prision-preventiva-quedo-sujeto-que-estrangulo-y-apunalo-a-su-ex-pareja\/","title":{"rendered":"En prisi\u00f3n preventiva qued\u00f3 sujeto que estrangul\u00f3 y apu\u00f1al\u00f3 a su ex pareja"},"content":{"rendered":"<p><strong>LOS ANDES.-<\/strong> Con heridas menos graves result\u00f3 una mujer que estuvo a punto de ser ultimada por su pareja quien trat\u00f3 de estrangularla y luego la apu\u00f1al\u00f3 en los gl\u00fateos y otras partes del cuerpo.<br \/>\nLos hechos se produjeron en el sector del Barrio La Concepci\u00f3n a eso de las 5.45 horas del viernes, cuando la v\u00edctima de iniciales B.C.B.A. regresaba a su casa despu\u00e9s de haber estado compartiendo con unas amigas.<br \/>\nEn esos momentos comenz\u00f3 a ser seguida por su ex conviviente, el mec\u00e1nico C.P.V.H., de 31 a\u00f1os, con quien hab\u00eda terminado la relaci\u00f3n a causa tambi\u00e9n de problemas de violencia intrafamiliar.<br \/>\nLa mujer apur\u00f3 el paso y lleg\u00f3 a la casa que comparte con su madre y su abuelo en la calle Luis Cruz Mart\u00ednez, pero como la reja estaba cerrada debi\u00f3 escalarla y saltar al antejard\u00edn.<br \/>\nSu ex conviviente hizo lo mismo y una vez que ambos estaban en el antejard\u00edn el hombre comenz\u00f3 a insultarla con palabras de grueso calibre, para luego abalanzarse sobre ella y comenzar a propinarle golpes de pu\u00f1o en el rostro y cabeza.<br \/>\nA ra\u00edz de la golpiza la mujer cay\u00f3 al piso y el sujeto se puso sobre ella comenzando a estrangularla con la finalidad de matarla.<br \/>\nAnte la resistencia de la v\u00edctima, el cel\u00f3pata extrajo de entre sus ropas un cortaplumas con el cual la apu\u00f1al\u00f3 en su pierna y gl\u00fateo izquierdo, adem\u00e1s provocarle cortes en las manos y rostro.<br \/>\nLa mujer pudo golpearle la mano a su ex pareja y botarle el arma, momento que aprovech\u00f3 para zafarse y pedir ayuda a su madre y abuelo quienes dorm\u00edan al interior de la casa.<br \/>\nAmbos salieron en su ayuda, ante lo cual el mec\u00e1nico se retir\u00f3 del lugar y volvi\u00f3 a los pocos minutos comenzando a la lanzar piedras y botellas al inmueble a fin de que su ex pareja saliera a enfrentarla.<br \/>\nLa v\u00edctima aterrada y sangrante por las heridas recibidas se comunic\u00f3 con Carabineros del cuadrante 3 quienes a los pocos minutos llegaron al lugar sorprendiendo al agresor en el lugar.<br \/>\n\u00c9ste, al ver a los Carabineros, intent\u00f3 escapar ocult\u00e1ndose en la casa de una vecina desde donde fue sacado y reducido por los polic\u00edas.<br \/>\nLa mujer fue trasladada hasta el Servicio de Urgencia del Hospital San Juan de Dios donde le diagnosticaron heridas cortopunzantes en su gl\u00fateo y hematomas m\u00faltiples de car\u00e1cter menos grave.<br \/>\nEl agresor pas\u00f3 a disposici\u00f3n del Tribunal de Garant\u00eda de Los Andes donde el fiscal Jorge Alfaro los formaliz\u00f3 por los delitos de lesiones menos graves en contexto de violencia intrafamiliar, porte ilegal de arma blanca y dos delitos de violaci\u00f3n de morada.<br \/>\nEl persecutor mencion\u00f3 en audiencia que este sujeto ya hab\u00eda sido condenado anteriormente a 61 d\u00edas por agredir a su ex pareja y tambi\u00e9n registra otra condena del a\u00f1o 2009 por golpear a una conviviente anterior.<br \/>\nAnte ello y para dar protecci\u00f3n a la v\u00edctima el fiscal solicit\u00f3 la medida cautelar de prisi\u00f3n preventiva en contra del imputado.<br \/>\nSin embargo, la defensora Lisette de la Fuente se opuso, argumento que por los dichos de su representado, ambos a\u00fan mantienen una relaci\u00f3n de convivencia y se encontraban juntos bebiendo y drog\u00e1ndose cuando se produjo el altercado inicial.<br \/>\nNo obstante ello, la magistrado Pamela Peralta consider\u00f3 lo suficientemente acreditado el hecho y la participaci\u00f3n del sujeto, por lo cual decret\u00f3 la prisi\u00f3n preventiva por los cuatro meses que durar\u00e1 la investigaci\u00f3n.<br \/>\nEl fiscal se\u00f1al\u00f3 que una vez que se tenga el informe de lesiones el delito de lesiones menos graves podr\u00eda ser recalificado, quedando incluso como Femicidio frustrado.<\/p>\n<figure id=\"attachment_69108\" aria-describedby=\"caption-attachment-69108\" style=\"width: 530px\" class=\"wp-caption alignleft\"><a href=\"http:\/\/www.eltrabajo.cl\/portal\/en-prision-preventiva-quedo-sujeto-que-estrangulo-y-apunalo-a-su-ex-pareja\/mecanico-agresor\/\" rel=\"attachment wp-att-69108\"><img data-recalc-dims=\"1\" loading=\"lazy\" decoding=\"async\" class=\"size-full wp-image-69108\" src=\"https:\/\/i0.wp.com\/www.eltrabajo.cl\/portal\/wp-content\/uploads\/2016\/04\/Mecanico-agresor.jpg?resize=530%2C348\" alt=\"El sujeto qued\u00f3 con prisi\u00f3n preventiva por haber tras la brutal agresi\u00f3n que propin\u00f3 a su ex pareja.\" width=\"530\" height=\"348\" srcset=\"https:\/\/i0.wp.com\/eltrabajo.cl\/portal\/wp-content\/uploads\/2016\/04\/Mecanico-agresor.jpg?w=530&amp;ssl=1 530w, https:\/\/i0.wp.com\/eltrabajo.cl\/portal\/wp-content\/uploads\/2016\/04\/Mecanico-agresor.jpg?resize=200%2C131&amp;ssl=1 200w, https:\/\/i0.wp.com\/eltrabajo.cl\/portal\/wp-content\/uploads\/2016\/04\/Mecanico-agresor.jpg?resize=300%2C197&amp;ssl=1 300w, https:\/\/i0.wp.com\/eltrabajo.cl\/portal\/wp-content\/uploads\/2016\/04\/Mecanico-agresor.jpg?resize=228%2C150&amp;ssl=1 228w, https:\/\/i0.wp.com\/eltrabajo.cl\/portal\/wp-content\/uploads\/2016\/04\/Mecanico-agresor.jpg?resize=400%2C263&amp;ssl=1 400w\" sizes=\"auto, (max-width: 530px) 100vw, 530px\" \/><\/a><figcaption id=\"caption-attachment-69108\" class=\"wp-caption-text\">El sujeto qued\u00f3 con prisi\u00f3n preventiva por haber tras la brutal agresi\u00f3n que propin\u00f3 a su ex pareja.<\/figcaption><\/figure>\n","protected":false},"excerpt":{"rendered":"<p>LOS ANDES.- Con heridas menos graves result\u00f3 una mujer que estuvo a punto de ser ultimada por su pareja quien trat\u00f3 de estrangularla y luego la apu\u00f1al\u00f3 en los gl\u00fateos y otras&#8230;<\/p>\n","protected":false},"author":1,"featured_media":69108,"comment_status":"open","ping_status":"open","sticky":false,"template":"","format":"standard","meta":{"advanced_seo_description":"","jetpack_seo_html_title":"","jetpack_seo_noindex":false,"_jetpack_memberships_contains_paid_content":false,"footnotes":""},"categories":[21],"tags":[],"class_list":["post-69107","post","type-post","status-publish","format-standard","has-post-thumbnail","hentry","category-policial"],"jetpack_featured_media_url":"https:\/\/i0.wp.com\/eltrabajo.cl\/portal\/wp-content\/uploads\/2016\/04\/Mecanico-agresor.jpg?fit=530%2C348&ssl=1","jetpack_sharing_enabled":true,"jetpack_likes_enabled":true,"jetpack-related-posts":[],"_links":{"self":[{"href":"https:\/\/eltrabajo.cl\/portal\/wp-json\/wp\/v2\/posts\/69107","targetHints":{"allow":["GET"]}}],"collection":[{"href":"https:\/\/eltrabajo.cl\/portal\/wp-json\/wp\/v2\/posts"}],"about":[{"href":"https:\/\/eltrabajo.cl\/portal\/wp-json\/wp\/v2\/types\/post"}],"author":[{"embeddable":true,"href":"https:\/\/eltrabajo.cl\/portal\/wp-json\/wp\/v2\/users\/1"}],"replies":[{"embeddable":true,"href":"https:\/\/eltrabajo.cl\/portal\/wp-json\/wp\/v2\/comments?post=69107"}],"version-history":[{"count":0,"href":"https:\/\/eltrabajo.cl\/portal\/wp-json\/wp\/v2\/posts\/69107\/revisions"}],"wp:featuredmedia":[{"embeddable":true,"href":"https:\/\/eltrabajo.cl\/portal\/wp-json\/wp\/v2\/media\/69108"}],"wp:attachment":[{"href":"https:\/\/eltrabajo.cl\/portal\/wp-json\/wp\/v2\/media?parent=69107"}],"wp:term":[{"taxonomy":"category","embeddable":true,"href":"https:\/\/eltrabajo.cl\/portal\/wp-json\/wp\/v2\/categories?post=69107"},{"taxonomy":"post_tag","embeddable":true,"href":"https:\/\/eltrabajo.cl\/portal\/wp-json\/wp\/v2\/tags?post=69107"}],"curies":[{"name":"wp","href":"https:\/\/api.w.org\/{rel}","templated":true}]}}