{"id":69115,"date":"2016-04-26T08:44:25","date_gmt":"2016-04-26T11:44:25","guid":{"rendered":"http:\/\/www.eltrabajo.cl\/portal\/?p=69115"},"modified":"2016-04-26T08:44:25","modified_gmt":"2016-04-26T11:44:25","slug":"inician-campana-para-prevenir-el-extravio-de-personas-de-la-tercera-edad","status":"publish","type":"post","link":"https:\/\/eltrabajo.cl\/portal\/inician-campana-para-prevenir-el-extravio-de-personas-de-la-tercera-edad\/","title":{"rendered":"Inician campa\u00f1a para prevenir el extrav\u00edo de personas de la tercera edad"},"content":{"rendered":"<p><strong>La principal causa es la desorientaci\u00f3n que se origina en enfermedades que provocan alteraci\u00f3n de la memoria.<\/strong><\/p>\n<p><strong>LOS ANDES.-<\/strong> \u00abRecu\u00e9rdalos y denuncia el extrav\u00edo a tiempo\u00bb, es la campa\u00f1a impulsada por la Polic\u00eda de Investigaci\u00f3n, Senama y la Gobernaci\u00f3n andina dirigida a las personas que forman parte del entorno cercano de alg\u00fan adulto mayor, para fomentar h\u00e1bitos que contribuyan a prevenir su extrav\u00edo.<br \/>\nCabe se\u00f1alar, que durante el 2015 la PDI registr\u00f3 un total de 11.237 v\u00edctimas en investigaciones por presunta desgracia, de las cuales 761 corresponden a personas de 60 a\u00f1os y m\u00e1s.<br \/>\nTras estos casos, la principal causa de su extrav\u00edo es la desorientaci\u00f3n que se origina en enfermedades que provocan alteraci\u00f3n de la memoria: alzheimer, arterioesclerosis m\u00faltiple, diabetes mellitus, demencia senil, cardiomiopat\u00eda hipertensiva, son algunas de ellas.<br \/>\nEsta iniciativa busca prevenir el extrav\u00edo de las personas sobre 60 a\u00f1os y tiene como finalidad generar mayor conciencia de esta realidad y estar alerta sobre lo que hacen nuestros adultos mayores para evitar su extrav\u00edo y\/o alguna desgracia mayor.<br \/>\nEn la plaza de armas de Los Andes las autoridades hicieron entrega de cartillas informativas a los transe\u00fantes.<br \/>\nAcerca de esta iniciativa, la gobernadora Mar\u00eda Victoria Rodr\u00edguez manifest\u00f3 que esta es una problem\u00e1tica que afecta a todas las familias, \u201cporque un adulto mayor, incluso no teniendo alzheimer o demencia senil pueden sufrir algunas descompensaciones que les pueden provocar una desorientaci\u00f3n y para ello es muy importante que nos preocupemos de todos nuestros adultos mayores y que porten en alguna parte de sus vestimentas su identidad y alg\u00fan tel\u00e9fono donde se pueda llamar en caso que se extrav\u00eden\u201d.<br \/>\nAsimismo, recalc\u00f3 que es muy importante hacer la denuncia a tiempo, \u201cpues si se hace r\u00e1pidamente se puede efectuar el recorrido que \u00e9l hizo antes de perderse o bien conocer su rutina y as\u00ed poder encontrarlo de manera m\u00e1s r\u00e1pida\u201d.<br \/>\nIndic\u00f3 adem\u00e1s que lo importantes es que un adulto mayor pueda ser acompa\u00f1ado por otra persona en caso que requiera hacer alg\u00fan tr\u00e1mite porque puede perder la orientaci\u00f3n, \u201cy por eso con la PDI queremos hacer un trabajo preventivo, aun cuando nosotros no vivamos con alg\u00fan adulto mayor, saber de su rutina, donde van y tener un contacto permanente con ellos, ya que a veces ellos se pierden y no se encuentran\u201d.<br \/>\nAgreg\u00f3 que la PDI tiene un rol muy cercano con la comunidad y por eso se debe hacer en forma pronta la denuncia en caso que un adulto mayor se pierda y as\u00ed pueda ser encontrado r\u00e1pidamente y que no se vea expuesto a ser v\u00edctima de un delito.<br \/>\nPor su parte, el Jefe de la Brigada de Homicidios, Comisario Gino Guti\u00e9rrez, destac\u00f3 la importancia de esta campa\u00f1a sobre todo para las personas que est\u00e1n en el entorno de los adultos mayores a fin de que no se extrav\u00eden.<br \/>\n\u201cLa Polic\u00eda de Investigaciones en forma permanente est\u00e1 trabajando para que se hagan las denuncias por presunta desgracia, pues no se trata de un delito, sino que una alerta para que nosotros podamos efectuar los caminos conducentes a la ubicaci\u00f3n de esta persona que generalmente por un tema asociado a una enfermedad o avanzada edad se desorientan y se pierden y es ah\u00ed donde actuamos las polic\u00edas para encontrarlos\u201d, explic\u00f3.<br \/>\nDijo que muchas veces se solicitan a los familiares algunos detalles de vestimentas, tatuajes o rasgos distintivos que permitan su ubicaci\u00f3n.<\/p>\n<figure id=\"attachment_69116\" aria-describedby=\"caption-attachment-69116\" style=\"width: 530px\" class=\"wp-caption alignleft\"><a href=\"http:\/\/www.eltrabajo.cl\/portal\/inician-campana-para-prevenir-el-extravio-de-personas-de-la-tercera-edad\/adulto-pdi4\/\" rel=\"attachment wp-att-69116\"><img data-recalc-dims=\"1\" loading=\"lazy\" decoding=\"async\" class=\"size-full wp-image-69116\" src=\"https:\/\/i0.wp.com\/www.eltrabajo.cl\/portal\/wp-content\/uploads\/2016\/04\/adulto-pdi4.jpg?resize=530%2C348\" alt=\"Sensibilizando a la comunidad, la PDI en conjunto con la Gobernaci\u00f3n de Los Andes, iniciaron una campa\u00f1a preventiva para evitar extrav\u00edos de personas de la tercera edad. \" width=\"530\" height=\"348\" srcset=\"https:\/\/i0.wp.com\/eltrabajo.cl\/portal\/wp-content\/uploads\/2016\/04\/adulto-pdi4.jpg?w=530&amp;ssl=1 530w, https:\/\/i0.wp.com\/eltrabajo.cl\/portal\/wp-content\/uploads\/2016\/04\/adulto-pdi4.jpg?resize=200%2C131&amp;ssl=1 200w, https:\/\/i0.wp.com\/eltrabajo.cl\/portal\/wp-content\/uploads\/2016\/04\/adulto-pdi4.jpg?resize=300%2C197&amp;ssl=1 300w, https:\/\/i0.wp.com\/eltrabajo.cl\/portal\/wp-content\/uploads\/2016\/04\/adulto-pdi4.jpg?resize=228%2C150&amp;ssl=1 228w, https:\/\/i0.wp.com\/eltrabajo.cl\/portal\/wp-content\/uploads\/2016\/04\/adulto-pdi4.jpg?resize=400%2C263&amp;ssl=1 400w\" sizes=\"auto, (max-width: 530px) 100vw, 530px\" \/><\/a><figcaption id=\"caption-attachment-69116\" class=\"wp-caption-text\">Sensibilizando a la comunidad, la PDI en conjunto con la Gobernaci\u00f3n de Los Andes, iniciaron una campa\u00f1a preventiva para evitar extrav\u00edos de personas de la tercera edad.<\/figcaption><\/figure>\n","protected":false},"excerpt":{"rendered":"<p>La principal causa es la desorientaci\u00f3n que se origina en enfermedades que provocan alteraci\u00f3n de la memoria. LOS ANDES.- \u00abRecu\u00e9rdalos y denuncia el extrav\u00edo a tiempo\u00bb, es la campa\u00f1a impulsada por la&#8230;<\/p>\n","protected":false},"author":1,"featured_media":69116,"comment_status":"open","ping_status":"open","sticky":false,"template":"","format":"standard","meta":{"advanced_seo_description":"","jetpack_seo_html_title":"","jetpack_seo_noindex":false,"_jetpack_memberships_contains_paid_content":false,"footnotes":""},"categories":[1],"tags":[],"class_list":["post-69115","post","type-post","status-publish","format-standard","has-post-thumbnail","hentry","category-cronica"],"jetpack_featured_media_url":"https:\/\/i0.wp.com\/eltrabajo.cl\/portal\/wp-content\/uploads\/2016\/04\/adulto-pdi4.jpg?fit=530%2C348&ssl=1","jetpack_sharing_enabled":true,"jetpack_likes_enabled":true,"jetpack-related-posts":[],"_links":{"self":[{"href":"https:\/\/eltrabajo.cl\/portal\/wp-json\/wp\/v2\/posts\/69115","targetHints":{"allow":["GET"]}}],"collection":[{"href":"https:\/\/eltrabajo.cl\/portal\/wp-json\/wp\/v2\/posts"}],"about":[{"href":"https:\/\/eltrabajo.cl\/portal\/wp-json\/wp\/v2\/types\/post"}],"author":[{"embeddable":true,"href":"https:\/\/eltrabajo.cl\/portal\/wp-json\/wp\/v2\/users\/1"}],"replies":[{"embeddable":true,"href":"https:\/\/eltrabajo.cl\/portal\/wp-json\/wp\/v2\/comments?post=69115"}],"version-history":[{"count":0,"href":"https:\/\/eltrabajo.cl\/portal\/wp-json\/wp\/v2\/posts\/69115\/revisions"}],"wp:featuredmedia":[{"embeddable":true,"href":"https:\/\/eltrabajo.cl\/portal\/wp-json\/wp\/v2\/media\/69116"}],"wp:attachment":[{"href":"https:\/\/eltrabajo.cl\/portal\/wp-json\/wp\/v2\/media?parent=69115"}],"wp:term":[{"taxonomy":"category","embeddable":true,"href":"https:\/\/eltrabajo.cl\/portal\/wp-json\/wp\/v2\/categories?post=69115"},{"taxonomy":"post_tag","embeddable":true,"href":"https:\/\/eltrabajo.cl\/portal\/wp-json\/wp\/v2\/tags?post=69115"}],"curies":[{"name":"wp","href":"https:\/\/api.w.org\/{rel}","templated":true}]}}