{"id":69120,"date":"2016-04-26T08:50:52","date_gmt":"2016-04-26T11:50:52","guid":{"rendered":"http:\/\/www.eltrabajo.cl\/portal\/?p=69120"},"modified":"2016-04-26T08:50:52","modified_gmt":"2016-04-26T11:50:52","slug":"ninas-u13-ganan-primera-etapa-del-nacional-de-voleibol-en-curico","status":"publish","type":"post","link":"https:\/\/eltrabajo.cl\/portal\/ninas-u13-ganan-primera-etapa-del-nacional-de-voleibol-en-curico\/","title":{"rendered":"Ni\u00f1as U13 ganan primera etapa del Nacional de v\u00f3leibol en Curic\u00f3"},"content":{"rendered":"<p><strong>Hicieron morder el polvo a sus adversarias en su debut nacional:<\/strong><br \/>\nLa primera jornada del Campeonato Nacional de V\u00f3leibol 2016 se realiz\u00f3 este s\u00e1bado y domingo en la ciudad de Curic\u00f3, campeonato que es organizado por la Federaci\u00f3n Nacional de V\u00f3leibol. \u00bfY por qu\u00e9 es noticia? Porque un seleccionado femenino U13 de varios colegios sanfelipe\u00f1os est\u00e1 compitiendo en representaci\u00f3n de nuestra comuna, as\u00ed tambi\u00e9n, otros clubes locales.<\/p>\n<p><strong>FIERAS JUGADORAS<\/strong><br \/>\nLa informaci\u00f3n se desprende de las declaraciones brindadas a Diario El Trabajo por uno de los tres profesores a cargo del equipo, Carlos Mercado, quien explic\u00f3 tambi\u00e9n que \u00ablas chicas de nuestro San Felipe V\u00f3ley est\u00e1n s\u00faper contentas, derrotaron en esta primera etapa a sus pares de Curic\u00f3; las de Uni\u00f3n V\u00f3ley; al Boston College y el Corina Urbina de San Felipe, esta jornada se desarroll\u00f3 con 18 equipos en tres sedes, Curic\u00f3, y las otras dos en Concepci\u00f3n\u00bb, dijo el profesor.<br \/>\nSeg\u00fan Mercado, son 15 ni\u00f1as seleccionadas de colegios como el Colegio Vedruna; Colegio Pumanque; Liceo Curim\u00f3n y el IAC de San Felipe. \u00abLa siguiente etapa ser\u00e1 en junio, y el campeonato se estar\u00eda disputando en su parte final para el mes de octubre, con este triunfo ya sabemos que nuestras ni\u00f1as pasan a la categor\u00eda A, por lo que ya nos preparamos para una dura pelea\u00bb, agreg\u00f3 el profesor Mercado.<br \/>\nSi ni\u00f1as menores de trece a\u00f1os desean incorporarse a este club, pueden pedir a sus padres que llamen al 9660 83210. Los otros profesores encargados de este trabajo de entrenamiento y formaci\u00f3n se llaman Ernesto S\u00e1nchez y Ariel Gonz\u00e1lez.<br \/>\n<strong>Roberto Gonz\u00e1lez Short<\/strong><br \/>\n<strong>rgonzalez@eltrabajo.cl<\/strong><\/p>\n<div class=\"tiled-gallery type-rectangular tiled-gallery-unresized\" data-original-width=\"640\" data-carousel-extra='null' itemscope itemtype=\"http:\/\/schema.org\/ImageGallery\" > <div class=\"gallery-row\" style=\"width: 640px; height: 284px;\" data-original-width=\"640\" data-original-height=\"284\" > <div class=\"gallery-group images-1\" style=\"width: 427px; height: 284px;\" data-original-width=\"427\" data-original-height=\"284\" > <div class=\"tiled-gallery-item tiled-gallery-item-large\" itemprop=\"associatedMedia\" itemscope itemtype=\"http:\/\/schema.org\/ImageObject\"> <a href=\"https:\/\/eltrabajo.cl\/portal\/ninas-u13-ganan-primera-etapa-del-nacional-de-voleibol-en-curico\/amiguis33\/\" border=\"0\" itemprop=\"url\"> <meta itemprop=\"width\" content=\"423\"> <meta itemprop=\"height\" content=\"280\"> <img decoding=\"async\" class=\"\" data-attachment-id=\"69121\" data-orig-file=\"https:\/\/eltrabajo.cl\/portal\/wp-content\/uploads\/2016\/04\/Amiguis33.jpg\" data-orig-size=\"528,350\" data-comments-opened=\"1\" data-image-meta=\"{&quot;aperture&quot;:&quot;0&quot;,&quot;credit&quot;:&quot;&quot;,&quot;camera&quot;:&quot;&quot;,&quot;caption&quot;:&quot;&quot;,&quot;created_timestamp&quot;:&quot;0&quot;,&quot;copyright&quot;:&quot;&quot;,&quot;focal_length&quot;:&quot;0&quot;,&quot;iso&quot;:&quot;0&quot;,&quot;shutter_speed&quot;:&quot;0&quot;,&quot;title&quot;:&quot;&quot;,&quot;orientation&quot;:&quot;0&quot;}\" data-image-title=\"AMIGAS PARA SIEMPRE.- Emilia Carrasco, Emilia Villalobos y Catalina Quintanilla son tres coquetas se\u00f1oritas muy buenas en el v\u00f3leibol, as\u00ed lo demostraron en esta primera jornada del Nacional en Curic\u00f3.\" data-image-description=\"&lt;p&gt;AMIGAS PARA SIEMPRE.- Emilia Carrasco, Emilia Villalobos y Catalina Quintanilla son tres coquetas se\u00f1oritas muy buenas en el v\u00f3leibol, as\u00ed lo demostraron en esta primera jornada del Nacional en Curic\u00f3.&lt;\/p&gt; \" data-medium-file=\"https:\/\/i0.wp.com\/eltrabajo.cl\/portal\/wp-content\/uploads\/2016\/04\/Amiguis33.jpg?fit=300%2C199&#038;ssl=1\" data-large-file=\"https:\/\/i0.wp.com\/eltrabajo.cl\/portal\/wp-content\/uploads\/2016\/04\/Amiguis33.jpg?fit=528%2C350&#038;ssl=1\" src=\"https:\/\/i0.wp.com\/eltrabajo.cl\/portal\/wp-content\/uploads\/2016\/04\/Amiguis33.jpg?w=423&#038;h=280&#038;ssl=1\" srcset=\"https:\/\/i0.wp.com\/eltrabajo.cl\/portal\/wp-content\/uploads\/2016\/04\/Amiguis33.jpg?w=528&amp;ssl=1 528w, https:\/\/i0.wp.com\/eltrabajo.cl\/portal\/wp-content\/uploads\/2016\/04\/Amiguis33.jpg?resize=200%2C133&amp;ssl=1 200w, https:\/\/i0.wp.com\/eltrabajo.cl\/portal\/wp-content\/uploads\/2016\/04\/Amiguis33.jpg?resize=300%2C199&amp;ssl=1 300w, https:\/\/i0.wp.com\/eltrabajo.cl\/portal\/wp-content\/uploads\/2016\/04\/Amiguis33.jpg?resize=226%2C150&amp;ssl=1 226w, https:\/\/i0.wp.com\/eltrabajo.cl\/portal\/wp-content\/uploads\/2016\/04\/Amiguis33.jpg?resize=400%2C265&amp;ssl=1 400w\" width=\"423\" height=\"280\" loading=\"lazy\" data-original-width=\"423\" data-original-height=\"280\" itemprop=\"http:\/\/schema.org\/image\" title=\"AMIGAS PARA SIEMPRE.- Emilia Carrasco, Emilia Villalobos y Catalina Quintanilla son tres coquetas se\u00f1oritas muy buenas en el v\u00f3leibol, as\u00ed lo demostraron en esta primera jornada del Nacional en Curic\u00f3.\" alt=\"AMIGAS PARA SIEMPRE.- Emilia Carrasco, Emilia Villalobos y Catalina Quintanilla son tres coquetas se\u00f1oritas muy buenas en el v\u00f3leibol, as\u00ed lo demostraron en esta primera jornada del Nacional en Curic\u00f3.\" style=\"width: 423px; height: 280px;\" \/> <\/a> <div class=\"tiled-gallery-caption\" itemprop=\"caption description\"> AMIGAS PARA SIEMPRE.- Emilia Carrasco, Emilia Villalobos y Catalina Quintanilla son tres coquetas se\u00f1oritas muy buenas en el v\u00f3leibol, as\u00ed lo demostraron en esta primera jornada del Nacional en Curic\u00f3. <\/div> <\/div> <\/div> <!-- close group --> <div class=\"gallery-group images-2\" style=\"width: 213px; height: 284px;\" data-original-width=\"213\" data-original-height=\"284\" > <div class=\"tiled-gallery-item tiled-gallery-item-small\" itemprop=\"associatedMedia\" itemscope itemtype=\"http:\/\/schema.org\/ImageObject\"> <a href=\"https:\/\/eltrabajo.cl\/portal\/ninas-u13-ganan-primera-etapa-del-nacional-de-voleibol-en-curico\/campeonas1-4\/\" border=\"0\" itemprop=\"url\"> <meta itemprop=\"width\" content=\"209\"> <meta itemprop=\"height\" content=\"138\"> <img decoding=\"async\" class=\"\" data-attachment-id=\"69122\" data-orig-file=\"https:\/\/eltrabajo.cl\/portal\/wp-content\/uploads\/2016\/04\/Campeonas1.jpg\" data-orig-size=\"530,350\" data-comments-opened=\"1\" data-image-meta=\"{&quot;aperture&quot;:&quot;0&quot;,&quot;credit&quot;:&quot;&quot;,&quot;camera&quot;:&quot;&quot;,&quot;caption&quot;:&quot;&quot;,&quot;created_timestamp&quot;:&quot;0&quot;,&quot;copyright&quot;:&quot;&quot;,&quot;focal_length&quot;:&quot;0&quot;,&quot;iso&quot;:&quot;0&quot;,&quot;shutter_speed&quot;:&quot;0&quot;,&quot;title&quot;:&quot;&quot;,&quot;orientation&quot;:&quot;0&quot;}\" data-image-title=\"PURA DINAMITA.- Ellas son ni\u00f1as seleccionadas de colegios como el Colegio Vedruna; Colegio Pumanque; Liceo Curim\u00f3n y el IAC de San Felipe.\" data-image-description=\"&lt;p&gt;PURA DINAMITA.- Ellas son ni\u00f1as seleccionadas de colegios como el Colegio Vedruna; Colegio Pumanque; Liceo Curim\u00f3n y el IAC de San Felipe.&lt;\/p&gt; \" data-medium-file=\"https:\/\/i0.wp.com\/eltrabajo.cl\/portal\/wp-content\/uploads\/2016\/04\/Campeonas1.jpg?fit=300%2C198&#038;ssl=1\" data-large-file=\"https:\/\/i0.wp.com\/eltrabajo.cl\/portal\/wp-content\/uploads\/2016\/04\/Campeonas1.jpg?fit=530%2C350&#038;ssl=1\" src=\"https:\/\/i0.wp.com\/eltrabajo.cl\/portal\/wp-content\/uploads\/2016\/04\/Campeonas1.jpg?w=209&#038;h=138&#038;ssl=1\" srcset=\"https:\/\/i0.wp.com\/eltrabajo.cl\/portal\/wp-content\/uploads\/2016\/04\/Campeonas1.jpg?w=530&amp;ssl=1 530w, https:\/\/i0.wp.com\/eltrabajo.cl\/portal\/wp-content\/uploads\/2016\/04\/Campeonas1.jpg?resize=200%2C132&amp;ssl=1 200w, https:\/\/i0.wp.com\/eltrabajo.cl\/portal\/wp-content\/uploads\/2016\/04\/Campeonas1.jpg?resize=300%2C198&amp;ssl=1 300w, https:\/\/i0.wp.com\/eltrabajo.cl\/portal\/wp-content\/uploads\/2016\/04\/Campeonas1.jpg?resize=227%2C150&amp;ssl=1 227w, https:\/\/i0.wp.com\/eltrabajo.cl\/portal\/wp-content\/uploads\/2016\/04\/Campeonas1.jpg?resize=400%2C264&amp;ssl=1 400w\" width=\"209\" height=\"138\" loading=\"lazy\" data-original-width=\"209\" data-original-height=\"138\" itemprop=\"http:\/\/schema.org\/image\" title=\"PURA DINAMITA.- Ellas son ni\u00f1as seleccionadas de colegios como el Colegio Vedruna; Colegio Pumanque; Liceo Curim\u00f3n y el IAC de San Felipe.\" alt=\"PURA DINAMITA.- Ellas son ni\u00f1as seleccionadas de colegios como el Colegio Vedruna; Colegio Pumanque; Liceo Curim\u00f3n y el IAC de San Felipe.\" style=\"width: 209px; height: 138px;\" \/> <\/a> <div class=\"tiled-gallery-caption\" itemprop=\"caption description\"> PURA DINAMITA.- Ellas son ni\u00f1as seleccionadas de colegios como el Colegio Vedruna; Colegio Pumanque; Liceo Curim\u00f3n y el IAC de San Felipe. <\/div> <\/div> <div class=\"tiled-gallery-item tiled-gallery-item-small\" itemprop=\"associatedMedia\" itemscope itemtype=\"http:\/\/schema.org\/ImageObject\"> <a href=\"https:\/\/eltrabajo.cl\/portal\/ninas-u13-ganan-primera-etapa-del-nacional-de-voleibol-en-curico\/campeonas2\/\" border=\"0\" itemprop=\"url\"> <meta itemprop=\"width\" content=\"209\"> <meta itemprop=\"height\" content=\"138\"> <img decoding=\"async\" class=\"\" data-attachment-id=\"69123\" data-orig-file=\"https:\/\/eltrabajo.cl\/portal\/wp-content\/uploads\/2016\/04\/Campeonas2.jpg\" data-orig-size=\"530,350\" data-comments-opened=\"1\" data-image-meta=\"{&quot;aperture&quot;:&quot;0&quot;,&quot;credit&quot;:&quot;&quot;,&quot;camera&quot;:&quot;&quot;,&quot;caption&quot;:&quot;&quot;,&quot;created_timestamp&quot;:&quot;0&quot;,&quot;copyright&quot;:&quot;&quot;,&quot;focal_length&quot;:&quot;0&quot;,&quot;iso&quot;:&quot;0&quot;,&quot;shutter_speed&quot;:&quot;0&quot;,&quot;title&quot;:&quot;&quot;,&quot;orientation&quot;:&quot;0&quot;}\" data-image-title=\"A\u00daN HAY LUGAR.- Si ni\u00f1as menores de trece a\u00f1os desean incorporarse a este club, pueden pedir a sus padres que llamen al 9660 83210.\" data-image-description=\"&lt;p&gt;A\u00daN HAY LUGAR.- Si ni\u00f1as menores de trece a\u00f1os desean incorporarse a este club, pueden pedir a sus padres que llamen al 9660 83210.&lt;\/p&gt; \" data-medium-file=\"https:\/\/i0.wp.com\/eltrabajo.cl\/portal\/wp-content\/uploads\/2016\/04\/Campeonas2.jpg?fit=300%2C198&#038;ssl=1\" data-large-file=\"https:\/\/i0.wp.com\/eltrabajo.cl\/portal\/wp-content\/uploads\/2016\/04\/Campeonas2.jpg?fit=530%2C350&#038;ssl=1\" src=\"https:\/\/i0.wp.com\/eltrabajo.cl\/portal\/wp-content\/uploads\/2016\/04\/Campeonas2.jpg?w=209&#038;h=138&#038;ssl=1\" srcset=\"https:\/\/i0.wp.com\/eltrabajo.cl\/portal\/wp-content\/uploads\/2016\/04\/Campeonas2.jpg?w=530&amp;ssl=1 530w, https:\/\/i0.wp.com\/eltrabajo.cl\/portal\/wp-content\/uploads\/2016\/04\/Campeonas2.jpg?resize=200%2C132&amp;ssl=1 200w, https:\/\/i0.wp.com\/eltrabajo.cl\/portal\/wp-content\/uploads\/2016\/04\/Campeonas2.jpg?resize=300%2C198&amp;ssl=1 300w, https:\/\/i0.wp.com\/eltrabajo.cl\/portal\/wp-content\/uploads\/2016\/04\/Campeonas2.jpg?resize=227%2C150&amp;ssl=1 227w, https:\/\/i0.wp.com\/eltrabajo.cl\/portal\/wp-content\/uploads\/2016\/04\/Campeonas2.jpg?resize=400%2C264&amp;ssl=1 400w\" width=\"209\" height=\"138\" loading=\"lazy\" data-original-width=\"209\" data-original-height=\"138\" itemprop=\"http:\/\/schema.org\/image\" title=\"A\u00daN HAY LUGAR.- Si ni\u00f1as menores de trece a\u00f1os desean incorporarse a este club, pueden pedir a sus padres que llamen al 9660 83210.\" alt=\"A\u00daN HAY LUGAR.- Si ni\u00f1as menores de trece a\u00f1os desean incorporarse a este club, pueden pedir a sus padres que llamen al 9660 83210.\" style=\"width: 209px; height: 138px;\" \/> <\/a> <div class=\"tiled-gallery-caption\" itemprop=\"caption description\"> A\u00daN HAY LUGAR.- Si ni\u00f1as menores de trece a\u00f1os desean incorporarse a este club, pueden pedir a sus padres que llamen al 9660 83210. <\/div> <\/div> <\/div> <!-- close group --> <\/div> <!-- close row --> <div class=\"gallery-row\" style=\"width: 640px; height: 211px;\" data-original-width=\"640\" data-original-height=\"211\" > <div class=\"gallery-group images-1\" style=\"width: 320px; height: 211px;\" data-original-width=\"320\" data-original-height=\"211\" > <div class=\"tiled-gallery-item tiled-gallery-item-large\" itemprop=\"associatedMedia\" itemscope itemtype=\"http:\/\/schema.org\/ImageObject\"> <a href=\"https:\/\/eltrabajo.cl\/portal\/ninas-u13-ganan-primera-etapa-del-nacional-de-voleibol-en-curico\/carlos-mercado-2\/\" border=\"0\" itemprop=\"url\"> <meta itemprop=\"width\" content=\"316\"> <meta itemprop=\"height\" content=\"207\"> <img decoding=\"async\" class=\"\" data-attachment-id=\"69124\" data-orig-file=\"https:\/\/eltrabajo.cl\/portal\/wp-content\/uploads\/2016\/04\/Carlos-Mercado.jpg\" data-orig-size=\"530,348\" data-comments-opened=\"1\" data-image-meta=\"{&quot;aperture&quot;:&quot;0&quot;,&quot;credit&quot;:&quot;&quot;,&quot;camera&quot;:&quot;&quot;,&quot;caption&quot;:&quot;&quot;,&quot;created_timestamp&quot;:&quot;0&quot;,&quot;copyright&quot;:&quot;&quot;,&quot;focal_length&quot;:&quot;0&quot;,&quot;iso&quot;:&quot;0&quot;,&quot;shutter_speed&quot;:&quot;0&quot;,&quot;title&quot;:&quot;&quot;,&quot;orientation&quot;:&quot;0&quot;}\" data-image-title=\"Carlos Mercado Vera, profesor y entrenador de las j\u00f3venes deportistas.\" data-image-description=\"&lt;p&gt;Carlos Mercado Vera, profesor y entrenador de las j\u00f3venes deportistas.&lt;\/p&gt; \" data-medium-file=\"https:\/\/i0.wp.com\/eltrabajo.cl\/portal\/wp-content\/uploads\/2016\/04\/Carlos-Mercado.jpg?fit=300%2C197&#038;ssl=1\" data-large-file=\"https:\/\/i0.wp.com\/eltrabajo.cl\/portal\/wp-content\/uploads\/2016\/04\/Carlos-Mercado.jpg?fit=530%2C348&#038;ssl=1\" src=\"https:\/\/i0.wp.com\/eltrabajo.cl\/portal\/wp-content\/uploads\/2016\/04\/Carlos-Mercado.jpg?w=316&#038;h=207&#038;ssl=1\" srcset=\"https:\/\/i0.wp.com\/eltrabajo.cl\/portal\/wp-content\/uploads\/2016\/04\/Carlos-Mercado.jpg?w=530&amp;ssl=1 530w, https:\/\/i0.wp.com\/eltrabajo.cl\/portal\/wp-content\/uploads\/2016\/04\/Carlos-Mercado.jpg?resize=200%2C131&amp;ssl=1 200w, https:\/\/i0.wp.com\/eltrabajo.cl\/portal\/wp-content\/uploads\/2016\/04\/Carlos-Mercado.jpg?resize=300%2C197&amp;ssl=1 300w, https:\/\/i0.wp.com\/eltrabajo.cl\/portal\/wp-content\/uploads\/2016\/04\/Carlos-Mercado.jpg?resize=228%2C150&amp;ssl=1 228w, https:\/\/i0.wp.com\/eltrabajo.cl\/portal\/wp-content\/uploads\/2016\/04\/Carlos-Mercado.jpg?resize=400%2C263&amp;ssl=1 400w\" width=\"316\" height=\"207\" loading=\"lazy\" data-original-width=\"316\" data-original-height=\"207\" itemprop=\"http:\/\/schema.org\/image\" title=\"Carlos Mercado Vera, profesor y entrenador de las j\u00f3venes deportistas.\" alt=\"Carlos Mercado Vera, profesor y entrenador de las j\u00f3venes deportistas.\" style=\"width: 316px; height: 207px;\" \/> <\/a> <div class=\"tiled-gallery-caption\" itemprop=\"caption description\"> Carlos Mercado Vera, profesor y entrenador de las j\u00f3venes deportistas. <\/div> <\/div> <\/div> <!-- close group --> <div class=\"gallery-group images-1\" style=\"width: 320px; height: 211px;\" data-original-width=\"320\" data-original-height=\"211\" > <div class=\"tiled-gallery-item tiled-gallery-item-large\" itemprop=\"associatedMedia\" itemscope itemtype=\"http:\/\/schema.org\/ImageObject\"> <a href=\"https:\/\/eltrabajo.cl\/portal\/ninas-u13-ganan-primera-etapa-del-nacional-de-voleibol-en-curico\/sofia-trivino\/\" border=\"0\" itemprop=\"url\"> <meta itemprop=\"width\" content=\"316\"> <meta itemprop=\"height\" content=\"207\"> <img decoding=\"async\" class=\"\" data-attachment-id=\"69125\" data-orig-file=\"https:\/\/eltrabajo.cl\/portal\/wp-content\/uploads\/2016\/04\/Sofia-Trivino.jpg\" data-orig-size=\"530,348\" data-comments-opened=\"1\" data-image-meta=\"{&quot;aperture&quot;:&quot;0&quot;,&quot;credit&quot;:&quot;&quot;,&quot;camera&quot;:&quot;&quot;,&quot;caption&quot;:&quot;&quot;,&quot;created_timestamp&quot;:&quot;0&quot;,&quot;copyright&quot;:&quot;&quot;,&quot;focal_length&quot;:&quot;0&quot;,&quot;iso&quot;:&quot;0&quot;,&quot;shutter_speed&quot;:&quot;0&quot;,&quot;title&quot;:&quot;&quot;,&quot;orientation&quot;:&quot;0&quot;}\" data-image-title=\"LA REGALONA DEL EQUIPO.- La peque\u00f1ita Sof\u00eda Trivi\u00f1o Mu\u00f1oz fue una de las ni\u00f1as que m\u00e1s disfrut\u00f3 de este colosal viaje a Curic\u00f3.\" data-image-description=\"&lt;p&gt;LA REGALONA DEL EQUIPO.- La peque\u00f1ita Sof\u00eda Trivi\u00f1o Mu\u00f1oz fue una de las ni\u00f1as que m\u00e1s disfrut\u00f3 de este colosal viaje a Curic\u00f3.&lt;\/p&gt; \" data-medium-file=\"https:\/\/i0.wp.com\/eltrabajo.cl\/portal\/wp-content\/uploads\/2016\/04\/Sofia-Trivino.jpg?fit=300%2C197&#038;ssl=1\" data-large-file=\"https:\/\/i0.wp.com\/eltrabajo.cl\/portal\/wp-content\/uploads\/2016\/04\/Sofia-Trivino.jpg?fit=530%2C348&#038;ssl=1\" src=\"https:\/\/i0.wp.com\/eltrabajo.cl\/portal\/wp-content\/uploads\/2016\/04\/Sofia-Trivino.jpg?w=316&#038;h=207&#038;ssl=1\" srcset=\"https:\/\/i0.wp.com\/eltrabajo.cl\/portal\/wp-content\/uploads\/2016\/04\/Sofia-Trivino.jpg?w=530&amp;ssl=1 530w, https:\/\/i0.wp.com\/eltrabajo.cl\/portal\/wp-content\/uploads\/2016\/04\/Sofia-Trivino.jpg?resize=200%2C131&amp;ssl=1 200w, https:\/\/i0.wp.com\/eltrabajo.cl\/portal\/wp-content\/uploads\/2016\/04\/Sofia-Trivino.jpg?resize=300%2C197&amp;ssl=1 300w, https:\/\/i0.wp.com\/eltrabajo.cl\/portal\/wp-content\/uploads\/2016\/04\/Sofia-Trivino.jpg?resize=228%2C150&amp;ssl=1 228w, https:\/\/i0.wp.com\/eltrabajo.cl\/portal\/wp-content\/uploads\/2016\/04\/Sofia-Trivino.jpg?resize=400%2C263&amp;ssl=1 400w\" width=\"316\" height=\"207\" loading=\"lazy\" data-original-width=\"316\" data-original-height=\"207\" itemprop=\"http:\/\/schema.org\/image\" title=\"LA REGALONA DEL EQUIPO.- La peque\u00f1ita Sof\u00eda Trivi\u00f1o Mu\u00f1oz fue una de las ni\u00f1as que m\u00e1s disfrut\u00f3 de este colosal viaje a Curic\u00f3.\" alt=\"LA REGALONA DEL EQUIPO.- La peque\u00f1ita Sof\u00eda Trivi\u00f1o Mu\u00f1oz fue una de las ni\u00f1as que m\u00e1s disfrut\u00f3 de este colosal viaje a Curic\u00f3.\" style=\"width: 316px; height: 207px;\" \/> <\/a> <div class=\"tiled-gallery-caption\" itemprop=\"caption description\"> LA REGALONA DEL EQUIPO.- La peque\u00f1ita Sof\u00eda Trivi\u00f1o Mu\u00f1oz fue una de las ni\u00f1as que m\u00e1s disfrut\u00f3 de este colosal viaje a Curic\u00f3. <\/div> <\/div> <\/div> <!-- close group --> <\/div> <!-- close row --> <\/div>\n","protected":false},"excerpt":{"rendered":"<p>Hicieron morder el polvo a sus adversarias en su debut nacional: La primera jornada del Campeonato Nacional de V\u00f3leibol 2016 se realiz\u00f3 este s\u00e1bado y domingo en la ciudad de Curic\u00f3, campeonato&#8230;<\/p>\n","protected":false},"author":1,"featured_media":69123,"comment_status":"open","ping_status":"open","sticky":false,"template":"","format":"standard","meta":{"advanced_seo_description":"","jetpack_seo_html_title":"","jetpack_seo_noindex":false,"_jetpack_memberships_contains_paid_content":false,"footnotes":""},"categories":[15],"tags":[],"class_list":["post-69120","post","type-post","status-publish","format-standard","has-post-thumbnail","hentry","category-comunidad"],"jetpack_featured_media_url":"https:\/\/i0.wp.com\/eltrabajo.cl\/portal\/wp-content\/uploads\/2016\/04\/Campeonas2.jpg?fit=530%2C350&ssl=1","jetpack_sharing_enabled":true,"jetpack_likes_enabled":true,"jetpack-related-posts":[],"_links":{"self":[{"href":"https:\/\/eltrabajo.cl\/portal\/wp-json\/wp\/v2\/posts\/69120","targetHints":{"allow":["GET"]}}],"collection":[{"href":"https:\/\/eltrabajo.cl\/portal\/wp-json\/wp\/v2\/posts"}],"about":[{"href":"https:\/\/eltrabajo.cl\/portal\/wp-json\/wp\/v2\/types\/post"}],"author":[{"embeddable":true,"href":"https:\/\/eltrabajo.cl\/portal\/wp-json\/wp\/v2\/users\/1"}],"replies":[{"embeddable":true,"href":"https:\/\/eltrabajo.cl\/portal\/wp-json\/wp\/v2\/comments?post=69120"}],"version-history":[{"count":0,"href":"https:\/\/eltrabajo.cl\/portal\/wp-json\/wp\/v2\/posts\/69120\/revisions"}],"wp:featuredmedia":[{"embeddable":true,"href":"https:\/\/eltrabajo.cl\/portal\/wp-json\/wp\/v2\/media\/69123"}],"wp:attachment":[{"href":"https:\/\/eltrabajo.cl\/portal\/wp-json\/wp\/v2\/media?parent=69120"}],"wp:term":[{"taxonomy":"category","embeddable":true,"href":"https:\/\/eltrabajo.cl\/portal\/wp-json\/wp\/v2\/categories?post=69120"},{"taxonomy":"post_tag","embeddable":true,"href":"https:\/\/eltrabajo.cl\/portal\/wp-json\/wp\/v2\/tags?post=69120"}],"curies":[{"name":"wp","href":"https:\/\/api.w.org\/{rel}","templated":true}]}}