{"id":69127,"date":"2016-04-26T08:53:59","date_gmt":"2016-04-26T11:53:59","guid":{"rendered":"http:\/\/www.eltrabajo.cl\/portal\/?p=69127"},"modified":"2016-04-26T08:53:59","modified_gmt":"2016-04-26T11:53:59","slug":"actor-nacional-visito-escuela-jose-manso-de-velasco-en-la-semana-del-libro","status":"publish","type":"post","link":"https:\/\/eltrabajo.cl\/portal\/actor-nacional-visito-escuela-jose-manso-de-velasco-en-la-semana-del-libro\/","title":{"rendered":"Actor nacional visit\u00f3 escuela Jos\u00e9 Manso de Velasco en la semana del Libro"},"content":{"rendered":"<p>En el marco de la celebraci\u00f3n de la semana del Libro, los diferentes establecimientos educacionales de la comuna de San Felipe prepararon diferentes actividades para resaltar esta jornada.<br \/>\nUna de ellas, es la que realiz\u00f3 el taller de periodismo de la escuela Jos\u00e9 Manso de Velasco el pasado d\u00eda jueves, y que signific\u00f3 la presencia del destacado actor nacional Renato Jofr\u00e9, quien interpretara el rol de Diego Quiroga en la teleserie \u2018Papa a la deriva\u2019, la que fue transmitida por Mega.<br \/>\nEn la jornada, los cientos de alumnos de esta escuela, pudieron conocer en persona al destacado actor, adem\u00e1s de formular preguntas, las que fueron respondidas animadamente por Jofr\u00e9, actividad que se prolong\u00f3 por m\u00e1s de una hora, de la que tambi\u00e9n participaron los funcionarios del establecimiento.<br \/>\nEn la ocasi\u00f3n, Paola Rojas Fajardo, directora de la escuela, se refiri\u00f3 a las actividades realizadas, se\u00f1alando que \u201cesta visita se enmarca dentro de la celebraci\u00f3n de la semana del Libro, y en conjunto con el taller de periodismo, planificamos la visita de un actor, ya que todos los talleres que nosotros realizamos tienen que ver con el desarrollo de la expresi\u00f3n, y elegimos a Renato para que nos pudiera dar su visi\u00f3n con relaci\u00f3n a aquello, invitando e incentivando con esto, a que los ni\u00f1os y ni\u00f1as participen de la lectura, visita que nos tiene bastante felices\u201d.<br \/>\nPor su parte, Renato Jofr\u00e9, actor del \u00e1rea dram\u00e1tica de Mega, tambi\u00e9n destac\u00f3 estas actividades, sosteniendo \u201cha sido una grata invitaci\u00f3n, la que acepte inmediatamente, porque siempre me ha encantado relacionarme con las nuevas generaciones, poder escucharlos, lo que es una incre\u00edble experiencia, porque tambi\u00e9n los alumnos salen de lo habitual, de la sala de clases, y juegan a tomar un rol que es mucho m\u00e1s cercano a lo profesional, en este caso a ser periodista, la gente me ha recibido muy bien, las personas de San Felipe son muy cari\u00f1osas, adem\u00e1s que desde siempre he pasado las vacaciones ac\u00e1, as\u00ed que estoy muy feliz\u201d.<\/p>\n<figure id=\"attachment_69128\" aria-describedby=\"caption-attachment-69128\" style=\"width: 530px\" class=\"wp-caption alignleft\"><a href=\"http:\/\/www.eltrabajo.cl\/portal\/actor-nacional-visito-escuela-jose-manso-de-velasco-en-la-semana-del-libro\/semana-del-libro\/\" rel=\"attachment wp-att-69128\"><img data-recalc-dims=\"1\" loading=\"lazy\" decoding=\"async\" class=\"size-full wp-image-69128\" src=\"https:\/\/i0.wp.com\/www.eltrabajo.cl\/portal\/wp-content\/uploads\/2016\/04\/semana-del-libro.jpg?resize=530%2C349\" alt=\"El actor Renato Jofr\u00e9 visit\u00f3 la escuela Jos\u00e9 Manso de Velasco y realiz\u00f3 una animada entrevista a los alumnos del taller de periodismo.\" width=\"530\" height=\"349\" srcset=\"https:\/\/i0.wp.com\/eltrabajo.cl\/portal\/wp-content\/uploads\/2016\/04\/semana-del-libro.jpg?w=530&amp;ssl=1 530w, https:\/\/i0.wp.com\/eltrabajo.cl\/portal\/wp-content\/uploads\/2016\/04\/semana-del-libro.jpg?resize=200%2C132&amp;ssl=1 200w, https:\/\/i0.wp.com\/eltrabajo.cl\/portal\/wp-content\/uploads\/2016\/04\/semana-del-libro.jpg?resize=300%2C198&amp;ssl=1 300w, https:\/\/i0.wp.com\/eltrabajo.cl\/portal\/wp-content\/uploads\/2016\/04\/semana-del-libro.jpg?resize=228%2C150&amp;ssl=1 228w, https:\/\/i0.wp.com\/eltrabajo.cl\/portal\/wp-content\/uploads\/2016\/04\/semana-del-libro.jpg?resize=400%2C263&amp;ssl=1 400w\" sizes=\"auto, (max-width: 530px) 100vw, 530px\" \/><\/a><figcaption id=\"caption-attachment-69128\" class=\"wp-caption-text\">El actor Renato Jofr\u00e9 visit\u00f3 la escuela Jos\u00e9 Manso de Velasco y realiz\u00f3 una animada entrevista a los alumnos del taller de periodismo.<\/figcaption><\/figure>\n<figure id=\"attachment_69129\" aria-describedby=\"caption-attachment-69129\" style=\"width: 530px\" class=\"wp-caption alignleft\"><a href=\"http:\/\/www.eltrabajo.cl\/portal\/actor-nacional-visito-escuela-jose-manso-de-velasco-en-la-semana-del-libro\/portadilla-semana-del-libro\/\" rel=\"attachment wp-att-69129\"><img data-recalc-dims=\"1\" loading=\"lazy\" decoding=\"async\" class=\"size-full wp-image-69129\" src=\"https:\/\/i0.wp.com\/www.eltrabajo.cl\/portal\/wp-content\/uploads\/2016\/04\/portadilla-semana-del-libro.jpg?resize=530%2C349\" alt=\"El actor Renato Jofr\u00e9 visit\u00f3 la escuela Jos\u00e9 Manso de Velasco y realiz\u00f3 una animada entrevista a los alumnos del taller de periodismo.\" width=\"530\" height=\"349\" srcset=\"https:\/\/i0.wp.com\/eltrabajo.cl\/portal\/wp-content\/uploads\/2016\/04\/portadilla-semana-del-libro.jpg?w=530&amp;ssl=1 530w, https:\/\/i0.wp.com\/eltrabajo.cl\/portal\/wp-content\/uploads\/2016\/04\/portadilla-semana-del-libro.jpg?resize=200%2C132&amp;ssl=1 200w, https:\/\/i0.wp.com\/eltrabajo.cl\/portal\/wp-content\/uploads\/2016\/04\/portadilla-semana-del-libro.jpg?resize=300%2C198&amp;ssl=1 300w, https:\/\/i0.wp.com\/eltrabajo.cl\/portal\/wp-content\/uploads\/2016\/04\/portadilla-semana-del-libro.jpg?resize=228%2C150&amp;ssl=1 228w, https:\/\/i0.wp.com\/eltrabajo.cl\/portal\/wp-content\/uploads\/2016\/04\/portadilla-semana-del-libro.jpg?resize=400%2C263&amp;ssl=1 400w\" sizes=\"auto, (max-width: 530px) 100vw, 530px\" \/><\/a><figcaption id=\"caption-attachment-69129\" class=\"wp-caption-text\">El actor Renato Jofr\u00e9 visit\u00f3 la escuela Jos\u00e9 Manso de Velasco y realiz\u00f3 una animada entrevista a los alumnos del taller de periodismo.<\/figcaption><\/figure>\n","protected":false},"excerpt":{"rendered":"<p>En el marco de la celebraci\u00f3n de la semana del Libro, los diferentes establecimientos educacionales de la comuna de San Felipe prepararon diferentes actividades para resaltar esta jornada. Una de ellas, es&#8230;<\/p>\n","protected":false},"author":1,"featured_media":69129,"comment_status":"open","ping_status":"open","sticky":false,"template":"","format":"standard","meta":{"advanced_seo_description":"","jetpack_seo_html_title":"","jetpack_seo_noindex":false,"_jetpack_memberships_contains_paid_content":false,"footnotes":""},"categories":[15],"tags":[],"class_list":["post-69127","post","type-post","status-publish","format-standard","has-post-thumbnail","hentry","category-comunidad"],"jetpack_featured_media_url":"https:\/\/i0.wp.com\/eltrabajo.cl\/portal\/wp-content\/uploads\/2016\/04\/portadilla-semana-del-libro.jpg?fit=530%2C349&ssl=1","jetpack_sharing_enabled":true,"jetpack_likes_enabled":true,"jetpack-related-posts":[],"_links":{"self":[{"href":"https:\/\/eltrabajo.cl\/portal\/wp-json\/wp\/v2\/posts\/69127","targetHints":{"allow":["GET"]}}],"collection":[{"href":"https:\/\/eltrabajo.cl\/portal\/wp-json\/wp\/v2\/posts"}],"about":[{"href":"https:\/\/eltrabajo.cl\/portal\/wp-json\/wp\/v2\/types\/post"}],"author":[{"embeddable":true,"href":"https:\/\/eltrabajo.cl\/portal\/wp-json\/wp\/v2\/users\/1"}],"replies":[{"embeddable":true,"href":"https:\/\/eltrabajo.cl\/portal\/wp-json\/wp\/v2\/comments?post=69127"}],"version-history":[{"count":0,"href":"https:\/\/eltrabajo.cl\/portal\/wp-json\/wp\/v2\/posts\/69127\/revisions"}],"wp:featuredmedia":[{"embeddable":true,"href":"https:\/\/eltrabajo.cl\/portal\/wp-json\/wp\/v2\/media\/69129"}],"wp:attachment":[{"href":"https:\/\/eltrabajo.cl\/portal\/wp-json\/wp\/v2\/media?parent=69127"}],"wp:term":[{"taxonomy":"category","embeddable":true,"href":"https:\/\/eltrabajo.cl\/portal\/wp-json\/wp\/v2\/categories?post=69127"},{"taxonomy":"post_tag","embeddable":true,"href":"https:\/\/eltrabajo.cl\/portal\/wp-json\/wp\/v2\/tags?post=69127"}],"curies":[{"name":"wp","href":"https:\/\/api.w.org\/{rel}","templated":true}]}}