{"id":69132,"date":"2016-04-26T08:56:41","date_gmt":"2016-04-26T11:56:41","guid":{"rendered":"http:\/\/www.eltrabajo.cl\/portal\/?p=69132"},"modified":"2016-04-26T08:56:42","modified_gmt":"2016-04-26T11:56:42","slug":"con-carabineros-haran-respetar-turnos-de-bandereros-en-obra-ruta-60-ch","status":"publish","type":"post","link":"https:\/\/eltrabajo.cl\/portal\/con-carabineros-haran-respetar-turnos-de-bandereros-en-obra-ruta-60-ch\/","title":{"rendered":"Con\u00a0Carabineros har\u00e1n respetar turnos de bandereros en obra ruta 60 CH"},"content":{"rendered":"<p><strong>Seg\u00fan Vialidad, aumento del parque vehicular en Aconcagua es el que provoca tacos kilom\u00e9tricos en Panquehue. Adem\u00e1s culpan a imprudencia e impaciencia de conductores por accidentes que se han registrado.<\/strong><\/p>\n<p>Con el objetivo de implementar medidas que permitan mitigar las extensas esperas y los tacos kilom\u00e9tricos que se producen en la carretera 60 CH, producto de las reparaciones que se est\u00e1n realizando en la ruta a la altura de la comuna de Panquehue, el Director Regional de Vialidad Valpara\u00edso, Mauricio Pinto, se reuni\u00f3 con el Gobernador de la Provincia de San Felipe, Eduardo Le\u00f3n y el Capit\u00e1n de Carabineros Alfredo Castillo, y entre otros puntos, consensuaron en la necesidad de contar con presencia policial en el sector, al menos en los horarios de mayor congesti\u00f3n vehicular.<br \/>\nDe acuerdo a lo manifestado por Pinto, la reuni\u00f3n result\u00f3 bastante productiva, puesto que adem\u00e1s, permiti\u00f3 dar a conocer a la m\u00e1xima autoridad provincial las gestiones realizadas como Direcci\u00f3n de Vialidad, con el contratista a cargo de los trabajos, con el fin de optimizar las obras y terminarlas lo m\u00e1s r\u00e1pido posible y de la forma m\u00e1s segura.<br \/>\nRespecto de cu\u00e1l es la principal causa de las largas detenciones, que seg\u00fan algunos conductores aconcag\u00fcinos durante la semana pasada, sobrepasaban la hora de espera, el profesional explic\u00f3 que \u201choy nos encontramos con mucha cantidad de veh\u00edculos que est\u00e1n circulando en las horas peak, que independientemente de lo que nosotros estamos haciendo, con un corte bastante optimizado, est\u00e1 generando congesti\u00f3n en los horarios punta, mientras que en otros momentos el corte funciona bastante bien. Hoy yo circul\u00e9 por ah\u00ed y estuve detenido 6 minutos sin ning\u00fan tipo de conflicto\u201d, sostuvo.<br \/>\nSi bien algunas personas se\u00f1alan que la extensi\u00f3n de la v\u00eda donde se est\u00e1 efectuando el cambio de loza, sobrepasa el kil\u00f3metro, Pinto fue enf\u00e1tico en decir que el trazado de las obras no supera los 500 metros y que por razones t\u00e9cnicas esa extensi\u00f3n no puede ser disminuida, puesto que \u201cnosotros podemos hacer cortes de hasta 2500 metros, eso es lo que la normativa nos permite, hacer eso hoy con este nivel de tr\u00e1nsito implicar\u00eda una espera a\u00fan mayor, por lo tanto llegamos a un \u00f3ptimo, porque menos de los 500 mts, nos alargar\u00eda el tiempo de t\u00e9rmino de la obra\u201d, recalc\u00f3.<br \/>\nEn un principio, los trabajos de reposici\u00f3n del pavimento del trazado de la carretera 60 CH, deber\u00edan haber terminado en julio de este a\u00f1o, sin embargo, ante la contingencia vehicular, las molestias que manifiestan los usuarios y la solicitud del alcalde de Panquehue Luis Pradenas, se est\u00e1 buscando la f\u00f3rmula para terminar antes con esta repavimentaci\u00f3n.<br \/>\n\u201cHemos recibido esas cr\u00edticas de parte del alcalde y lo que pasa es que las medidas est\u00e1n tomadas, pero nos estamos enfrentando un poco a la impaciencia y a la gran cantidad de veh\u00edculos que est\u00e1n circulando, por lo tanto ah\u00ed vamos a seguir tomando medidas\u2026 porque es nuestra obligaci\u00f3n hacerlo\u201d, apunt\u00f3 Pinto.<br \/>\nDe acuerdo con el personero vial, el tiempo de espera ideal ronda los 15 minutos, sin embargo los conductores no est\u00e1n respetando ese lapso y cuando se quiere volver a poner el disco Pare, la gente quiere seguir pasando, por lo tanto, el banderero se ve obligado a dejar pasar los veh\u00edculos de un solo lado hasta que se libera la ruta.<\/p>\n<p><strong>SITUACI\u00d3N RIESGOSA<\/strong><br \/>\nEsta supuesta &#8216;impaciencia&#8217; de los conductores, de la cual hace referencia Pinto, habr\u00eda generado diversas situaciones de riesgo, lo que finalmente decant\u00f3 en que el Gobernador de la Provincia de San Felipe, Eduardo Le\u00f3n, determinara que la presencia de Carabineros es indispensable en los sectores donde se producen los \u2018atochamientos\u2019, generando un inminente riesgo de accidentes provocados por conductores que se quieren \u2018saltar la fila\u2019 y pasar cuando no les corresponde.<br \/>\n\u201cEste trabajo se ha hecho por d\u00e9cadas, pero hoy tiene 2 variables distintas, uno es el aumento de veh\u00edculos, lo que genera las largas esperas y lo otro, es la irresponsabilidad de muchos conductores, que han puesto en riesgo no s\u00f3lo sus vidas, sino que tambi\u00e9n la de otros conductores y trabajadores, as\u00ed que hemos coordinado con Carabineros y se har\u00e1 presente para fiscalizar esa situaci\u00f3n\u201d, expuso Le\u00f3n<br \/>\nAs\u00ed mismo, la m\u00e1xima autoridad provincial cont\u00f3 que \u201cel viernes pasado, la imprudencia de un conductor cost\u00f3 que se accidentara el banderero, afortunadamente sin consecuencias graves, tambi\u00e9n otros incidentes que se han producido por veh\u00edculos que pasan igual cuando las m\u00e1quinas est\u00e1n trabajando, entonces hoy la falta de respeto de muchos conductores ha generado situaciones de riesgo, sabemos que hay tiempos de espera, lo est\u00e1 analizando el Ministerio de Obras P\u00fablicas, se est\u00e1 haciendo un replanteamiento junto con la empresa para acortar los tiempos y hacer m\u00e1s amable la espera\u201d, narr\u00f3.<br \/>\nAdem\u00e1s de la presencia de Carabineros, Vialidad determin\u00f3 ciertas medidas de mitigaci\u00f3n, tales como, reforzar la se\u00f1alizaci\u00f3n, limitar el eje para evitar los cruces de la gente que espera en la cola y el aumento de iluminaci\u00f3n en los sectores de los cortes durante el horario nocturno<br \/>\nFinalmente, Mauricio Pinto, afirm\u00f3 que esta es la \u00fanica manera de poder llevar a cabo el mejoramiento de la ruta, por lo que llam\u00f3 a los conductores a armarse de paciencia, mientras se busca avanzar en los trabajos<br \/>\n\u201cEstas obras las vamos a terminar lo antes posible\u2026 el remplazo de las losas lleva un tiempo, puesto que el hormig\u00f3n que se coloca se debe endurecer antes de darlo a tr\u00e1nsito y hoy lo estamos entregando con 7 d\u00edas\u201d, sentenci\u00f3 el Director Regional de Vialidad.<\/p>\n<figure id=\"attachment_69133\" aria-describedby=\"caption-attachment-69133\" style=\"width: 530px\" class=\"wp-caption alignleft\"><a href=\"http:\/\/www.eltrabajo.cl\/portal\/con-carabineros-haran-respetar-turnos-de-bandereros-en-obra-ruta-60-ch\/foto-2-este-es-el-panorama-de-ayer-a-eso-de-las-19-horas-a-la-altura\/\" rel=\"attachment wp-att-69133\"><img data-recalc-dims=\"1\" loading=\"lazy\" decoding=\"async\" class=\"size-full wp-image-69133\" src=\"https:\/\/i0.wp.com\/www.eltrabajo.cl\/portal\/wp-content\/uploads\/2016\/04\/FOTO-2-Este-es-el-panorama-de-ayer-a-eso-de-las-19-horas-a-la-altura.jpg?resize=530%2C348\" alt=\"Esta es la acumulaci\u00f3n de veh\u00edculos que se ve\u00eda ayer a eso de las 18 horas.\" width=\"530\" height=\"348\" srcset=\"https:\/\/i0.wp.com\/eltrabajo.cl\/portal\/wp-content\/uploads\/2016\/04\/FOTO-2-Este-es-el-panorama-de-ayer-a-eso-de-las-19-horas-a-la-altura.jpg?w=530&amp;ssl=1 530w, https:\/\/i0.wp.com\/eltrabajo.cl\/portal\/wp-content\/uploads\/2016\/04\/FOTO-2-Este-es-el-panorama-de-ayer-a-eso-de-las-19-horas-a-la-altura.jpg?resize=200%2C131&amp;ssl=1 200w, https:\/\/i0.wp.com\/eltrabajo.cl\/portal\/wp-content\/uploads\/2016\/04\/FOTO-2-Este-es-el-panorama-de-ayer-a-eso-de-las-19-horas-a-la-altura.jpg?resize=300%2C197&amp;ssl=1 300w, https:\/\/i0.wp.com\/eltrabajo.cl\/portal\/wp-content\/uploads\/2016\/04\/FOTO-2-Este-es-el-panorama-de-ayer-a-eso-de-las-19-horas-a-la-altura.jpg?resize=228%2C150&amp;ssl=1 228w, https:\/\/i0.wp.com\/eltrabajo.cl\/portal\/wp-content\/uploads\/2016\/04\/FOTO-2-Este-es-el-panorama-de-ayer-a-eso-de-las-19-horas-a-la-altura.jpg?resize=400%2C263&amp;ssl=1 400w\" sizes=\"auto, (max-width: 530px) 100vw, 530px\" \/><\/a><figcaption id=\"caption-attachment-69133\" class=\"wp-caption-text\">Esta es la acumulaci\u00f3n de veh\u00edculos que se ve\u00eda ayer a eso de las 18 horas.<\/figcaption><\/figure>\n","protected":false},"excerpt":{"rendered":"<p>Seg\u00fan Vialidad, aumento del parque vehicular en Aconcagua es el que provoca tacos kilom\u00e9tricos en Panquehue. Adem\u00e1s culpan a imprudencia e impaciencia de conductores por accidentes que se han registrado. Con el&#8230;<\/p>\n","protected":false},"author":1,"featured_media":69133,"comment_status":"open","ping_status":"open","sticky":false,"template":"","format":"standard","meta":{"advanced_seo_description":"","jetpack_seo_html_title":"","jetpack_seo_noindex":false,"_jetpack_memberships_contains_paid_content":false,"footnotes":""},"categories":[1],"tags":[],"class_list":["post-69132","post","type-post","status-publish","format-standard","has-post-thumbnail","hentry","category-cronica"],"jetpack_featured_media_url":"https:\/\/i0.wp.com\/eltrabajo.cl\/portal\/wp-content\/uploads\/2016\/04\/FOTO-2-Este-es-el-panorama-de-ayer-a-eso-de-las-19-horas-a-la-altura.jpg?fit=530%2C348&ssl=1","jetpack_sharing_enabled":true,"jetpack_likes_enabled":true,"jetpack-related-posts":[],"_links":{"self":[{"href":"https:\/\/eltrabajo.cl\/portal\/wp-json\/wp\/v2\/posts\/69132","targetHints":{"allow":["GET"]}}],"collection":[{"href":"https:\/\/eltrabajo.cl\/portal\/wp-json\/wp\/v2\/posts"}],"about":[{"href":"https:\/\/eltrabajo.cl\/portal\/wp-json\/wp\/v2\/types\/post"}],"author":[{"embeddable":true,"href":"https:\/\/eltrabajo.cl\/portal\/wp-json\/wp\/v2\/users\/1"}],"replies":[{"embeddable":true,"href":"https:\/\/eltrabajo.cl\/portal\/wp-json\/wp\/v2\/comments?post=69132"}],"version-history":[{"count":0,"href":"https:\/\/eltrabajo.cl\/portal\/wp-json\/wp\/v2\/posts\/69132\/revisions"}],"wp:featuredmedia":[{"embeddable":true,"href":"https:\/\/eltrabajo.cl\/portal\/wp-json\/wp\/v2\/media\/69133"}],"wp:attachment":[{"href":"https:\/\/eltrabajo.cl\/portal\/wp-json\/wp\/v2\/media?parent=69132"}],"wp:term":[{"taxonomy":"category","embeddable":true,"href":"https:\/\/eltrabajo.cl\/portal\/wp-json\/wp\/v2\/categories?post=69132"},{"taxonomy":"post_tag","embeddable":true,"href":"https:\/\/eltrabajo.cl\/portal\/wp-json\/wp\/v2\/tags?post=69132"}],"curies":[{"name":"wp","href":"https:\/\/api.w.org\/{rel}","templated":true}]}}