{"id":69140,"date":"2016-04-27T08:27:49","date_gmt":"2016-04-27T11:27:49","guid":{"rendered":"http:\/\/www.eltrabajo.cl\/portal\/?p=69140"},"modified":"2016-04-27T08:27:50","modified_gmt":"2016-04-27T11:27:50","slug":"este-domingo-se-realizara-el-provincial-de-cueca-en-el-teatro-municipal","status":"publish","type":"post","link":"https:\/\/eltrabajo.cl\/portal\/este-domingo-se-realizara-el-provincial-de-cueca-en-el-teatro-municipal\/","title":{"rendered":"Este domingo se realizar\u00e1 el Provincial de Cueca en el Teatro Municipal"},"content":{"rendered":"<p><strong>Inscripciones abiertas hasta el viernes:\u00a0Esta es la etapa provincial para el campeonato regional que se realizar\u00e1 en mayo y del que saldr\u00e1 el representante que competir\u00e1 en Arica, en junio pr\u00f3ximo.<\/strong><\/p>\n<p>Hasta el viernes se extender\u00e1n las inscripciones para participar del Campeonato Provincial de Cueca, el que se realizar\u00e1 este domingo 1 de mayo, a las 15 horas, en el Teatro Municipal de San Felipe y en el que pueden participar parejas mayores de 18 a\u00f1os de edad, que registren domicilio en una de las seis comunas de la provincia de San Felipe.<br \/>\nSe trata de la etapa clasificatoria para el campeonato regional programado para el 7 de mayo, del que saldr\u00e1 el representante que competir\u00e1 en el tradicional Campeonato Nacional de Arica, a realizarse en junio.<br \/>\nLa informaci\u00f3n la entreg\u00f3 el profesor Danilo Godoy, del Departamento de Cultura de la Municipalidad de San Felipe, quien se\u00f1al\u00f3 que originalmente este campeonato de cueca estaba contemplado para el 17 de abril, en el marco de la Fiesta de la Vendimia, sin embargo debido al sistema frontal que lleg\u00f3 acompa\u00f1ado de intensa lluvia ese fin de semana, se debi\u00f3 suspender el evento y por ende, tambi\u00e9n este torneo de cueca.<br \/>\nDanilo Godoy manifest\u00f3 que los interesados en participar deben inscribirse en el Departamento de Cultura de la Municipalidad de San Felipe, en la avenida Chacabuco 178, entre Salinas y Combate de las Coimas, al tiempo que en el n\u00famero telef\u00f3nico 2509082 o en el correo electr\u00f3nico cultura@sanfe.cl, se pueden realizar consultas.<br \/>\nLa cueca que se baila en este campeonato provincial, es la cueca tradicional centrina, seg\u00fan las bases del Campeonato que organiza el Club de Huasos de Arica y en esta etapa solo clasifica una pareja.<\/p>\n<figure id=\"attachment_69141\" aria-describedby=\"caption-attachment-69141\" style=\"width: 528px\" class=\"wp-caption alignleft\"><a href=\"http:\/\/www.eltrabajo.cl\/portal\/este-domingo-se-realizara-el-provincial-de-cueca-en-el-teatro-municipal\/cueca\/\" rel=\"attachment wp-att-69141\"><img data-recalc-dims=\"1\" loading=\"lazy\" decoding=\"async\" class=\"size-full wp-image-69141\" src=\"https:\/\/i0.wp.com\/www.eltrabajo.cl\/portal\/wp-content\/uploads\/2016\/04\/Cueca.jpg?resize=528%2C350\" alt=\"En el campeonato Provincial de Cueca podr\u00e1n participar parejas mayores de 18 a\u00f1os de edad y que registren domicilio en alguna comuna de la provincia de San Felipe.\" width=\"528\" height=\"350\" srcset=\"https:\/\/i0.wp.com\/eltrabajo.cl\/portal\/wp-content\/uploads\/2016\/04\/Cueca.jpg?w=528&amp;ssl=1 528w, https:\/\/i0.wp.com\/eltrabajo.cl\/portal\/wp-content\/uploads\/2016\/04\/Cueca.jpg?resize=200%2C133&amp;ssl=1 200w, https:\/\/i0.wp.com\/eltrabajo.cl\/portal\/wp-content\/uploads\/2016\/04\/Cueca.jpg?resize=300%2C199&amp;ssl=1 300w, https:\/\/i0.wp.com\/eltrabajo.cl\/portal\/wp-content\/uploads\/2016\/04\/Cueca.jpg?resize=226%2C150&amp;ssl=1 226w, https:\/\/i0.wp.com\/eltrabajo.cl\/portal\/wp-content\/uploads\/2016\/04\/Cueca.jpg?resize=400%2C265&amp;ssl=1 400w\" sizes=\"auto, (max-width: 528px) 100vw, 528px\" \/><\/a><figcaption id=\"caption-attachment-69141\" class=\"wp-caption-text\">En el campeonato Provincial de Cueca podr\u00e1n participar parejas mayores de 18 a\u00f1os de edad y que registren domicilio en alguna comuna de la provincia de San Felipe.<\/figcaption><\/figure>\n","protected":false},"excerpt":{"rendered":"<p>Inscripciones abiertas hasta el viernes:\u00a0Esta es la etapa provincial para el campeonato regional que se realizar\u00e1 en mayo y del que saldr\u00e1 el representante que competir\u00e1 en Arica, en junio pr\u00f3ximo. Hasta&#8230;<\/p>\n","protected":false},"author":1,"featured_media":69141,"comment_status":"open","ping_status":"open","sticky":false,"template":"","format":"standard","meta":{"advanced_seo_description":"","jetpack_seo_html_title":"","jetpack_seo_noindex":false,"_jetpack_memberships_contains_paid_content":false,"footnotes":""},"categories":[1],"tags":[],"class_list":["post-69140","post","type-post","status-publish","format-standard","has-post-thumbnail","hentry","category-cronica"],"jetpack_featured_media_url":"https:\/\/i0.wp.com\/eltrabajo.cl\/portal\/wp-content\/uploads\/2016\/04\/Cueca.jpg?fit=528%2C350&ssl=1","jetpack_sharing_enabled":true,"jetpack_likes_enabled":true,"jetpack-related-posts":[],"_links":{"self":[{"href":"https:\/\/eltrabajo.cl\/portal\/wp-json\/wp\/v2\/posts\/69140","targetHints":{"allow":["GET"]}}],"collection":[{"href":"https:\/\/eltrabajo.cl\/portal\/wp-json\/wp\/v2\/posts"}],"about":[{"href":"https:\/\/eltrabajo.cl\/portal\/wp-json\/wp\/v2\/types\/post"}],"author":[{"embeddable":true,"href":"https:\/\/eltrabajo.cl\/portal\/wp-json\/wp\/v2\/users\/1"}],"replies":[{"embeddable":true,"href":"https:\/\/eltrabajo.cl\/portal\/wp-json\/wp\/v2\/comments?post=69140"}],"version-history":[{"count":0,"href":"https:\/\/eltrabajo.cl\/portal\/wp-json\/wp\/v2\/posts\/69140\/revisions"}],"wp:featuredmedia":[{"embeddable":true,"href":"https:\/\/eltrabajo.cl\/portal\/wp-json\/wp\/v2\/media\/69141"}],"wp:attachment":[{"href":"https:\/\/eltrabajo.cl\/portal\/wp-json\/wp\/v2\/media?parent=69140"}],"wp:term":[{"taxonomy":"category","embeddable":true,"href":"https:\/\/eltrabajo.cl\/portal\/wp-json\/wp\/v2\/categories?post=69140"},{"taxonomy":"post_tag","embeddable":true,"href":"https:\/\/eltrabajo.cl\/portal\/wp-json\/wp\/v2\/tags?post=69140"}],"curies":[{"name":"wp","href":"https:\/\/api.w.org\/{rel}","templated":true}]}}