{"id":69144,"date":"2016-04-27T08:30:05","date_gmt":"2016-04-27T11:30:05","guid":{"rendered":"http:\/\/www.eltrabajo.cl\/portal\/?p=69144"},"modified":"2016-04-27T08:30:05","modified_gmt":"2016-04-27T11:30:05","slug":"sin-limite-de-edad-se-podra-postular-al-subsidio-de-arriendo","status":"publish","type":"post","link":"https:\/\/eltrabajo.cl\/portal\/sin-limite-de-edad-se-podra-postular-al-subsidio-de-arriendo\/","title":{"rendered":"Sin l\u00edmite de edad se podr\u00e1 postular al Subsidio de Arriendo"},"content":{"rendered":"<p>El Subsidio de Arriendo del Minvu, es programa que busca apoyar a las familias que actualmente est\u00e9n de allegados o arrendatarios, con la entrega mensual de 3 UF (cerca de $75 mil pesos), para un periodo m\u00e1ximo de 8 a\u00f1os, que permitan paliar el pago del arriendo mensual de una vivienda de hasta $220 mil pesos.<br \/>\nEl Ministerio de Vivienda y Urbanismo realiz\u00f3 una serie de modificaciones a sus programas habitacionales, entre ellas, facilitar el acceso de ciudadanos extranjeros que vivan en Chile. As\u00ed, pueden postular con la c\u00e9dula de identidad para extranjeros.<br \/>\nEl Director (P y T) Regional de Serviu, Manuel Le\u00f3n, destac\u00f3 \u00e9sta y otras modificaciones creadas por el Minvu, las que permiten mejorar la aplicaci\u00f3n del programa. \u201cEl Gobierno de la Presidenta Michelle Bachelet determin\u00f3 extender en cuanto a flexibilidad y requisitos el Subsidio de Arriendo. Hasta el a\u00f1o anterior s\u00f3lo pod\u00edan postular hasta 35 a\u00f1os y a partir de este a\u00f1o se puede postular sin l\u00edmite de edad, y aquellas personas que son adultos mayores pueden postular sin n\u00facleo familiar. Por lo tanto, les estamos dando soluci\u00f3n a una mayor cantidad de beneficiarios\u201d.<br \/>\nEl programa actualmente est\u00e1 en proceso de postulaci\u00f3n, el que terminar\u00e1 reci\u00e9n el 30 de noviembre de este a\u00f1o. Cada mes se cierra con una lista de beneficiados y quienes no alcanzaron a obtener el subsidio durante ese mes, pueden volver a postular al mes siguiente.<br \/>\nAl respecto, el Seremi Minvu, Rodrigo Uribe, se\u00f1al\u00f3 que este programa \u201ces un beneficio para todas las familias, se puede postular mes a mes, permite arrendar viviendas hasta 220 mil pesos y es un instrumento que permite a cualquier persona estar postulando, es flexible. En ese sentido, el llamado es a acercarse a las oficinas del Serviu en la regi\u00f3n y postular online en la p\u00e1gina del ministerio\u201d.<br \/>\nEl subsidio puede aplicarse en cualquier comuna del pa\u00eds y admite cambiarse de vivienda una vez obtenido el beneficio. Adem\u00e1s, permite postular directamente a un subsidio para una vivienda definitiva, ya que la idea del programa es que la familia que obtenga el beneficio pueda ahorrar el dinero que antes usaba para pagar el arriendo y acceder luego a un programa para una vivienda definitiva.<\/p>\n<figure id=\"attachment_69145\" aria-describedby=\"caption-attachment-69145\" style=\"width: 530px\" class=\"wp-caption alignleft\"><a href=\"http:\/\/www.eltrabajo.cl\/portal\/sin-limite-de-edad-se-podra-postular-al-subsidio-de-arriendo\/subsidio-arriendo-extranjera-01\/\" rel=\"attachment wp-att-69145\"><img data-recalc-dims=\"1\" loading=\"lazy\" decoding=\"async\" class=\"size-full wp-image-69145\" src=\"https:\/\/i0.wp.com\/www.eltrabajo.cl\/portal\/wp-content\/uploads\/2016\/04\/Subsidio-arriendo-extranjera-01.jpg?resize=530%2C350\" alt=\"Una de las mejoras que presenta el Subsidio de Arriendo es que ya no existe l\u00edmite de edad para postular a este beneficio.\" width=\"530\" height=\"350\" srcset=\"https:\/\/i0.wp.com\/eltrabajo.cl\/portal\/wp-content\/uploads\/2016\/04\/Subsidio-arriendo-extranjera-01.jpg?w=530&amp;ssl=1 530w, https:\/\/i0.wp.com\/eltrabajo.cl\/portal\/wp-content\/uploads\/2016\/04\/Subsidio-arriendo-extranjera-01.jpg?resize=200%2C132&amp;ssl=1 200w, https:\/\/i0.wp.com\/eltrabajo.cl\/portal\/wp-content\/uploads\/2016\/04\/Subsidio-arriendo-extranjera-01.jpg?resize=300%2C198&amp;ssl=1 300w, https:\/\/i0.wp.com\/eltrabajo.cl\/portal\/wp-content\/uploads\/2016\/04\/Subsidio-arriendo-extranjera-01.jpg?resize=227%2C150&amp;ssl=1 227w, https:\/\/i0.wp.com\/eltrabajo.cl\/portal\/wp-content\/uploads\/2016\/04\/Subsidio-arriendo-extranjera-01.jpg?resize=400%2C264&amp;ssl=1 400w\" sizes=\"auto, (max-width: 530px) 100vw, 530px\" \/><\/a><figcaption id=\"caption-attachment-69145\" class=\"wp-caption-text\">Una de las mejoras que presenta el Subsidio de Arriendo es que ya no existe l\u00edmite de edad para postular a este beneficio.<\/figcaption><\/figure>\n","protected":false},"excerpt":{"rendered":"<p>El Subsidio de Arriendo del Minvu, es programa que busca apoyar a las familias que actualmente est\u00e9n de allegados o arrendatarios, con la entrega mensual de 3 UF (cerca de $75 mil&#8230;<\/p>\n","protected":false},"author":1,"featured_media":69145,"comment_status":"open","ping_status":"open","sticky":false,"template":"","format":"standard","meta":{"advanced_seo_description":"","jetpack_seo_html_title":"","jetpack_seo_noindex":false,"_jetpack_memberships_contains_paid_content":false,"footnotes":""},"categories":[1],"tags":[],"class_list":["post-69144","post","type-post","status-publish","format-standard","has-post-thumbnail","hentry","category-cronica"],"jetpack_featured_media_url":"https:\/\/i0.wp.com\/eltrabajo.cl\/portal\/wp-content\/uploads\/2016\/04\/Subsidio-arriendo-extranjera-01.jpg?fit=530%2C350&ssl=1","jetpack_sharing_enabled":true,"jetpack_likes_enabled":true,"jetpack-related-posts":[],"_links":{"self":[{"href":"https:\/\/eltrabajo.cl\/portal\/wp-json\/wp\/v2\/posts\/69144","targetHints":{"allow":["GET"]}}],"collection":[{"href":"https:\/\/eltrabajo.cl\/portal\/wp-json\/wp\/v2\/posts"}],"about":[{"href":"https:\/\/eltrabajo.cl\/portal\/wp-json\/wp\/v2\/types\/post"}],"author":[{"embeddable":true,"href":"https:\/\/eltrabajo.cl\/portal\/wp-json\/wp\/v2\/users\/1"}],"replies":[{"embeddable":true,"href":"https:\/\/eltrabajo.cl\/portal\/wp-json\/wp\/v2\/comments?post=69144"}],"version-history":[{"count":0,"href":"https:\/\/eltrabajo.cl\/portal\/wp-json\/wp\/v2\/posts\/69144\/revisions"}],"wp:featuredmedia":[{"embeddable":true,"href":"https:\/\/eltrabajo.cl\/portal\/wp-json\/wp\/v2\/media\/69145"}],"wp:attachment":[{"href":"https:\/\/eltrabajo.cl\/portal\/wp-json\/wp\/v2\/media?parent=69144"}],"wp:term":[{"taxonomy":"category","embeddable":true,"href":"https:\/\/eltrabajo.cl\/portal\/wp-json\/wp\/v2\/categories?post=69144"},{"taxonomy":"post_tag","embeddable":true,"href":"https:\/\/eltrabajo.cl\/portal\/wp-json\/wp\/v2\/tags?post=69144"}],"curies":[{"name":"wp","href":"https:\/\/api.w.org\/{rel}","templated":true}]}}