{"id":69158,"date":"2016-04-27T08:45:05","date_gmt":"2016-04-27T11:45:05","guid":{"rendered":"http:\/\/www.eltrabajo.cl\/portal\/?p=69158"},"modified":"2016-04-27T08:45:05","modified_gmt":"2016-04-27T11:45:05","slug":"vecinos-de-sector-las-cuatro-villas-participan-de-capacitacion-en-resolucion-de-conflictos","status":"publish","type":"post","link":"https:\/\/eltrabajo.cl\/portal\/vecinos-de-sector-las-cuatro-villas-participan-de-capacitacion-en-resolucion-de-conflictos\/","title":{"rendered":"Vecinos de sector Las Cuatro Villas participan de capacitaci\u00f3n en resoluci\u00f3n de conflictos"},"content":{"rendered":"<p><strong>Taller \u2018Resoluci\u00f3n Pac\u00edfica de Conflictos\u2019 forma parte de las iniciativas sociales que ejecuta el programa Quiero Mi Barrio del Ministerio de Vivienda y Urbanismo (Minvu) en el sector de Cuatro Villas.<\/strong><\/p>\n<p>Con la participaci\u00f3n de una treintena de vecinos del barrio Las Cuatro Villas de San Felipe, se llev\u00f3 a cabo la primera sesi\u00f3n del taller \u2018Resoluci\u00f3n Pac\u00edfica de Conflictos\u2019, iniciativa enmarcada en el Plan de Gesti\u00f3n Social que el programa Quiero Mi Barrio del Minvu desarrolla en esta comuna.<br \/>\nEl taller es dictado por el experto en mediaci\u00f3n comunitaria de la Universidad de Chile, Juan Francisco Serrano, quien a trav\u00e9s de las cuatro sesiones que tendr\u00e1 el programa, promover\u00e1 relaciones seguras y positivas entre la comunidad, abordando la soluci\u00f3n de los conflictos entre personas a trav\u00e9s de la intervenci\u00f3n de un mediador, que act\u00faa como tercero imparcial, facilitando la comunicaci\u00f3n entre las partes, y permitiendo que los involucrados en el conflicto participen de las soluciones de sus propios problemas.<br \/>\nTras finalizar las sesiones del taller, la comunidad pintar\u00e1 un gran mural, cuyos elementos ser\u00e1n elegidos de un concurso de pintura para ni\u00f1os y j\u00f3venes, realizado en todos los estamentos que tengan relaci\u00f3n con el barrio.<br \/>\nCabe se\u00f1alar que el taller cuenta con el apoyo de Senda (Servicio Nacional para la Prevenci\u00f3n y Rehabilitaci\u00f3n del Consumo de Drogas y Alcohol).<br \/>\nEl programa Quiero Mi Barrio del Ministerio de Vivienda y Urbanismo se basa en un modelo de recuperaci\u00f3n barrial que combina criterios de integralidad urbana, en sus dimensiones f\u00edsica y social, asumiendo la condici\u00f3n multidimensional de la recuperaci\u00f3n y la necesidad de tener una mirada interescalar y de largo plazo que reconozca la complejidad de producir cambios en el espacio f\u00edsico de los barrios y en sus din\u00e1micas sociales, incorporando a las comunidades y a los gobiernos locales como actores claves en todas las etapas del proceso de recuperaci\u00f3n.<\/p>\n<figure id=\"attachment_69159\" aria-describedby=\"caption-attachment-69159\" style=\"width: 530px\" class=\"wp-caption alignleft\"><a href=\"http:\/\/www.eltrabajo.cl\/portal\/vecinos-de-sector-las-cuatro-villas-participan-de-capacitacion-en-resolucion-de-conflictos\/vecinos-de-las-4-villas\/\" rel=\"attachment wp-att-69159\"><img data-recalc-dims=\"1\" loading=\"lazy\" decoding=\"async\" class=\"size-full wp-image-69159\" src=\"https:\/\/i0.wp.com\/www.eltrabajo.cl\/portal\/wp-content\/uploads\/2016\/04\/Vecinos-de-las-4-Villas.jpg?resize=530%2C350\" alt=\"Con gran participaci\u00f3n se llev\u00f3 a cabo la primera sesi\u00f3n del taller \u2018Resoluci\u00f3n Pac\u00edfica de Conflictos\u2019, que se desarrolla junto a vecinos del sector Las Cuatro Villas.\" width=\"530\" height=\"350\" srcset=\"https:\/\/i0.wp.com\/eltrabajo.cl\/portal\/wp-content\/uploads\/2016\/04\/Vecinos-de-las-4-Villas.jpg?w=530&amp;ssl=1 530w, https:\/\/i0.wp.com\/eltrabajo.cl\/portal\/wp-content\/uploads\/2016\/04\/Vecinos-de-las-4-Villas.jpg?resize=200%2C132&amp;ssl=1 200w, https:\/\/i0.wp.com\/eltrabajo.cl\/portal\/wp-content\/uploads\/2016\/04\/Vecinos-de-las-4-Villas.jpg?resize=300%2C198&amp;ssl=1 300w, https:\/\/i0.wp.com\/eltrabajo.cl\/portal\/wp-content\/uploads\/2016\/04\/Vecinos-de-las-4-Villas.jpg?resize=227%2C150&amp;ssl=1 227w, https:\/\/i0.wp.com\/eltrabajo.cl\/portal\/wp-content\/uploads\/2016\/04\/Vecinos-de-las-4-Villas.jpg?resize=400%2C264&amp;ssl=1 400w\" sizes=\"auto, (max-width: 530px) 100vw, 530px\" \/><\/a><figcaption id=\"caption-attachment-69159\" class=\"wp-caption-text\">Con gran participaci\u00f3n se llev\u00f3 a cabo la primera sesi\u00f3n del taller \u2018Resoluci\u00f3n Pac\u00edfica de Conflictos\u2019, que se desarrolla junto a vecinos del sector Las Cuatro Villas.<\/figcaption><\/figure>\n","protected":false},"excerpt":{"rendered":"<p>Taller \u2018Resoluci\u00f3n Pac\u00edfica de Conflictos\u2019 forma parte de las iniciativas sociales que ejecuta el programa Quiero Mi Barrio del Ministerio de Vivienda y Urbanismo (Minvu) en el sector de Cuatro Villas. Con&#8230;<\/p>\n","protected":false},"author":1,"featured_media":69159,"comment_status":"open","ping_status":"open","sticky":false,"template":"","format":"standard","meta":{"advanced_seo_description":"","jetpack_seo_html_title":"","jetpack_seo_noindex":false,"_jetpack_memberships_contains_paid_content":false,"footnotes":""},"categories":[1],"tags":[],"class_list":["post-69158","post","type-post","status-publish","format-standard","has-post-thumbnail","hentry","category-cronica"],"jetpack_featured_media_url":"https:\/\/i0.wp.com\/eltrabajo.cl\/portal\/wp-content\/uploads\/2016\/04\/Vecinos-de-las-4-Villas.jpg?fit=530%2C350&ssl=1","jetpack_sharing_enabled":true,"jetpack_likes_enabled":true,"jetpack-related-posts":[],"_links":{"self":[{"href":"https:\/\/eltrabajo.cl\/portal\/wp-json\/wp\/v2\/posts\/69158","targetHints":{"allow":["GET"]}}],"collection":[{"href":"https:\/\/eltrabajo.cl\/portal\/wp-json\/wp\/v2\/posts"}],"about":[{"href":"https:\/\/eltrabajo.cl\/portal\/wp-json\/wp\/v2\/types\/post"}],"author":[{"embeddable":true,"href":"https:\/\/eltrabajo.cl\/portal\/wp-json\/wp\/v2\/users\/1"}],"replies":[{"embeddable":true,"href":"https:\/\/eltrabajo.cl\/portal\/wp-json\/wp\/v2\/comments?post=69158"}],"version-history":[{"count":0,"href":"https:\/\/eltrabajo.cl\/portal\/wp-json\/wp\/v2\/posts\/69158\/revisions"}],"wp:featuredmedia":[{"embeddable":true,"href":"https:\/\/eltrabajo.cl\/portal\/wp-json\/wp\/v2\/media\/69159"}],"wp:attachment":[{"href":"https:\/\/eltrabajo.cl\/portal\/wp-json\/wp\/v2\/media?parent=69158"}],"wp:term":[{"taxonomy":"category","embeddable":true,"href":"https:\/\/eltrabajo.cl\/portal\/wp-json\/wp\/v2\/categories?post=69158"},{"taxonomy":"post_tag","embeddable":true,"href":"https:\/\/eltrabajo.cl\/portal\/wp-json\/wp\/v2\/tags?post=69158"}],"curies":[{"name":"wp","href":"https:\/\/api.w.org\/{rel}","templated":true}]}}