{"id":69162,"date":"2016-04-27T08:47:38","date_gmt":"2016-04-27T11:47:38","guid":{"rendered":"http:\/\/www.eltrabajo.cl\/portal\/?p=69162"},"modified":"2016-04-27T08:47:38","modified_gmt":"2016-04-27T11:47:38","slug":"brigada-microtrafico-detuvo-a-sujeto-que-vendia-estupefacientes-en-sargento-aldea","status":"publish","type":"post","link":"https:\/\/eltrabajo.cl\/portal\/brigada-microtrafico-detuvo-a-sujeto-que-vendia-estupefacientes-en-sargento-aldea\/","title":{"rendered":"Brigada Microtr\u00e1fico detuvo a sujeto que vend\u00eda estupefacientes en Sargento Aldea"},"content":{"rendered":"<p><strong> Acci\u00f3n de la PDI se efectu\u00f3 gracias a un llamado an\u00f3nimo al anexo 134<\/strong><\/p>\n<p>Control de identidad termin\u00f3 con la detenci\u00f3n de un sujeto que manten\u00eda en su hogar un total de 97,5 gramos de coca\u00edna base y 2,9 gramos de cannabis sativa.<br \/>\nNuevamente un llamado an\u00f3nimo al anexo de emergencias 134 de la Polic\u00eda de Investigaciones, permiti\u00f3 que el Grupo de Microtr\u00e1fico Cero, MT 0 de la Brigada de Investigaci\u00f3n Criminal, Bircim San Felipe, detuviera a un sujeto identificado como Esteban L\u00f3pez Lazcano, quien comercializaba sustancias il\u00edcitas en las inmediaciones de los Departamentos Sargento Aldea.<br \/>\nLa unidad policial logr\u00f3 visualizar el accionar del individuo, que en una primera instancia, se encontraba transitando en una moto tipo scooter, para luego detenerse en la esquina de las avenidas Sargento Aldea con Luis Gajardo Guerrero. Luego que el antisocial ingresara a uno de los block de departamentos, los detectives le realizaron el respectivo control de identidad, descubriendo que \u00e9ste no portaba su c\u00e9dula, por lo que, procedi\u00f3 la revisi\u00f3n de sus vestimentas.<br \/>\nTras el registro, se detect\u00f3 que el sujeto portaba envoltorios de papel cuadriculado que conten\u00eda una sustancia verdosa, hecho que provoc\u00f3 que los efectivos policiales procedieran a allanar su inmueble. En el lugar, se encontr\u00f3 sustancia en polvo a granel, que una vez realizada la prueba de campo con coloraci\u00f3n positiva, determin\u00f3 que se trataba de 97,5 gramos de coca\u00edna base y 2,9 gramos de cannabis sativa, droga con un valor de venta de $ 487.500.<br \/>\nDe acuerdo a lo informado por el subprefecto de Investigaciones, Carlos Rivera, el imputado \u2013sin antecedentes penales- fue detenido por el delito de Microtr\u00e1fico flagrante y posteriormente puesto a disposici\u00f3n del Juzgado de Garant\u00eda de San Felipe, para su respectivo control de detenci\u00f3n, conforme a lo dispuesto por el fiscal de turno.<\/p>\n<figure id=\"attachment_69163\" aria-describedby=\"caption-attachment-69163\" style=\"width: 530px\" class=\"wp-caption alignleft\"><a href=\"http:\/\/www.eltrabajo.cl\/portal\/brigada-microtrafico-detuvo-a-sujeto-que-vendia-estupefacientes-en-sargento-aldea\/foto-1-pdi-detiene-a-microtraficante-que-poseia-97-5-gramos\/\" rel=\"attachment wp-att-69163\"><img data-recalc-dims=\"1\" loading=\"lazy\" decoding=\"async\" class=\"size-full wp-image-69163\" src=\"https:\/\/i0.wp.com\/www.eltrabajo.cl\/portal\/wp-content\/uploads\/2016\/04\/FOTO-1-PDI-detiene-a-microtraficante-que-poseia-97.5-gramos.jpg?resize=530%2C350\" alt=\"PDI detiene a microtraficante que pose\u00eda 97,5 gramos de coca\u00edna base y 2,9 gramos de cannabis sativa, sustancias que comercializaba en poblaci\u00f3n Sargento Aldea.\" width=\"530\" height=\"350\" srcset=\"https:\/\/i0.wp.com\/eltrabajo.cl\/portal\/wp-content\/uploads\/2016\/04\/FOTO-1-PDI-detiene-a-microtraficante-que-poseia-97.5-gramos.jpg?w=530&amp;ssl=1 530w, https:\/\/i0.wp.com\/eltrabajo.cl\/portal\/wp-content\/uploads\/2016\/04\/FOTO-1-PDI-detiene-a-microtraficante-que-poseia-97.5-gramos.jpg?resize=200%2C132&amp;ssl=1 200w, https:\/\/i0.wp.com\/eltrabajo.cl\/portal\/wp-content\/uploads\/2016\/04\/FOTO-1-PDI-detiene-a-microtraficante-que-poseia-97.5-gramos.jpg?resize=300%2C198&amp;ssl=1 300w, https:\/\/i0.wp.com\/eltrabajo.cl\/portal\/wp-content\/uploads\/2016\/04\/FOTO-1-PDI-detiene-a-microtraficante-que-poseia-97.5-gramos.jpg?resize=227%2C150&amp;ssl=1 227w, https:\/\/i0.wp.com\/eltrabajo.cl\/portal\/wp-content\/uploads\/2016\/04\/FOTO-1-PDI-detiene-a-microtraficante-que-poseia-97.5-gramos.jpg?resize=400%2C264&amp;ssl=1 400w\" sizes=\"auto, (max-width: 530px) 100vw, 530px\" \/><\/a><figcaption id=\"caption-attachment-69163\" class=\"wp-caption-text\">PDI detiene a microtraficante que pose\u00eda 97,5 gramos de coca\u00edna base y 2,9 gramos de cannabis sativa, sustancias que comercializaba en poblaci\u00f3n Sargento Aldea.<\/figcaption><\/figure>\n","protected":false},"excerpt":{"rendered":"<p>Acci\u00f3n de la PDI se efectu\u00f3 gracias a un llamado an\u00f3nimo al anexo 134 Control de identidad termin\u00f3 con la detenci\u00f3n de un sujeto que manten\u00eda en su hogar un total de&#8230;<\/p>\n","protected":false},"author":1,"featured_media":69163,"comment_status":"open","ping_status":"open","sticky":false,"template":"","format":"standard","meta":{"advanced_seo_description":"","jetpack_seo_html_title":"","jetpack_seo_noindex":false,"_jetpack_memberships_contains_paid_content":false,"footnotes":""},"categories":[21],"tags":[],"class_list":["post-69162","post","type-post","status-publish","format-standard","has-post-thumbnail","hentry","category-policial"],"jetpack_featured_media_url":"https:\/\/i0.wp.com\/eltrabajo.cl\/portal\/wp-content\/uploads\/2016\/04\/FOTO-1-PDI-detiene-a-microtraficante-que-poseia-97.5-gramos.jpg?fit=530%2C350&ssl=1","jetpack_sharing_enabled":true,"jetpack_likes_enabled":true,"jetpack-related-posts":[],"_links":{"self":[{"href":"https:\/\/eltrabajo.cl\/portal\/wp-json\/wp\/v2\/posts\/69162","targetHints":{"allow":["GET"]}}],"collection":[{"href":"https:\/\/eltrabajo.cl\/portal\/wp-json\/wp\/v2\/posts"}],"about":[{"href":"https:\/\/eltrabajo.cl\/portal\/wp-json\/wp\/v2\/types\/post"}],"author":[{"embeddable":true,"href":"https:\/\/eltrabajo.cl\/portal\/wp-json\/wp\/v2\/users\/1"}],"replies":[{"embeddable":true,"href":"https:\/\/eltrabajo.cl\/portal\/wp-json\/wp\/v2\/comments?post=69162"}],"version-history":[{"count":0,"href":"https:\/\/eltrabajo.cl\/portal\/wp-json\/wp\/v2\/posts\/69162\/revisions"}],"wp:featuredmedia":[{"embeddable":true,"href":"https:\/\/eltrabajo.cl\/portal\/wp-json\/wp\/v2\/media\/69163"}],"wp:attachment":[{"href":"https:\/\/eltrabajo.cl\/portal\/wp-json\/wp\/v2\/media?parent=69162"}],"wp:term":[{"taxonomy":"category","embeddable":true,"href":"https:\/\/eltrabajo.cl\/portal\/wp-json\/wp\/v2\/categories?post=69162"},{"taxonomy":"post_tag","embeddable":true,"href":"https:\/\/eltrabajo.cl\/portal\/wp-json\/wp\/v2\/tags?post=69162"}],"curies":[{"name":"wp","href":"https:\/\/api.w.org\/{rel}","templated":true}]}}