{"id":69166,"date":"2016-04-27T08:50:18","date_gmt":"2016-04-27T11:50:18","guid":{"rendered":"http:\/\/www.eltrabajo.cl\/portal\/?p=69166"},"modified":"2016-04-27T08:50:18","modified_gmt":"2016-04-27T11:50:18","slug":"de-estas-tres-candidatas-surge-manana-la-reina-de-la-escuela-agricola-2016","status":"publish","type":"post","link":"https:\/\/eltrabajo.cl\/portal\/de-estas-tres-candidatas-surge-manana-la-reina-de-la-escuela-agricola-2016\/","title":{"rendered":"De estas tres candidatas surge ma\u00f1ana la Reina de la Escuela Agr\u00edcola 2016"},"content":{"rendered":"<p><strong>Instituci\u00f3n sanfelipe\u00f1a cumple sus 92 a\u00f1os de existencia:<\/strong><\/p>\n<p>Aunque debi\u00f3 ser el s\u00e1bado 9, ser\u00e1 hasta ma\u00f1ana jueves 28 de abril cuando la Escuela Agr\u00edcola de San Felipe celebre sus 92 a\u00f1os de existencia, pues esta insigne casa de estudios naci\u00f3 oficialmente el mi\u00e9rcoles 9 de abril de 1924, as\u00ed las cosas, la actual generaci\u00f3n estudiantil desde ya est\u00e1 preparando su fiesta de aniversario, por lo que decidieron elegir a su propia Reina 2016, por lo que crearon tres alianzas en competencia.<br \/>\n\u00abSoy la candidata que representa a la Alianza Pirata, represento a los estudiantes de 4\u00baB, 3\u00baA, 1\u00baC y 1\u00baA. Tengo 17 a\u00f1os y estoy promocionando mi escuela para acumular puntos, pero tambi\u00e9n porque la llevo siempre en mi coraz\u00f3n\u00bb, coment\u00f3 a Diario El Trabajo la \u00fanica de las tres candidatas que nos ha visitado, D\u00e9bora L\u00f3pez Carrasco.<br \/>\nEsta bella pirata escolar tiene a todos los cursos que representa locos por participar y apoyarla, ya que su liderazgo y c\u00e1lida presencia hace que muchos la sigan como abejas.<br \/>\nLas otras candidatas involucradas en este concurso de simpat\u00eda escolar son Vianka N\u00fa\u00f1ez de la Alianza H\u00e9roes, quien representa a los chicos de 3\u00baB, 2\u00baA y 1\u00baD, as\u00ed como la jovencita Marianela Le\u00f3n de la Alianza Villanos, ella representa a los estudiantes de 4\u00baA,1\u00baE, 2\u00baB y de 1\u00baB. Seg\u00fan inform\u00f3 D\u00e9bora, todo el jueves estar\u00e1n de fiesta en la Agr\u00edcola, pero ser\u00e1 hasta la noche cuando se elija a la nueva reina.<br \/>\nActualmente la Escuela Agr\u00edcola de San Felipe es reconocida como la primera en Chile, segunda en Sudam\u00e9rica y s\u00e9ptima a nivel mundial. El 10 de marzo de 1978 pas\u00f3 a manos de la Corporaci\u00f3n de Desarrollo Social del Sector Rural, Codesser, dependiente de la Sociedad Nacional de Agricultura.<br \/>\n<strong>Roberto Gonz\u00e1lez Short<\/strong><br \/>\n<strong>rgonzalez@eltrabajo.cl<\/strong><\/p>\n<figure id=\"attachment_69167\" aria-describedby=\"caption-attachment-69167\" style=\"width: 530px\" class=\"wp-caption alignleft\"><a href=\"http:\/\/www.eltrabajo.cl\/portal\/de-estas-tres-candidatas-surge-manana-la-reina-de-la-escuela-agricola-2016\/candidatas1-5\/\" rel=\"attachment wp-att-69167\"><img data-recalc-dims=\"1\" loading=\"lazy\" decoding=\"async\" class=\"size-full wp-image-69167\" src=\"https:\/\/i0.wp.com\/www.eltrabajo.cl\/portal\/wp-content\/uploads\/2016\/04\/Candidatas1.jpg?resize=530%2C350\" alt=\"\u00bfCU\u00c1L SER\u00c1 LA REINA?- Ellas son las tres candidatas a Reina Escuela Agr\u00edcola 2016: D\u00e9bora L\u00f3pez de la Alianza Pirata, Vianka N\u00fa\u00f1ez de la Alianza H\u00e9roes y Marianela Le\u00f3n de la Alianza Villanos.\" width=\"530\" height=\"350\" srcset=\"https:\/\/i0.wp.com\/eltrabajo.cl\/portal\/wp-content\/uploads\/2016\/04\/Candidatas1.jpg?w=530&amp;ssl=1 530w, https:\/\/i0.wp.com\/eltrabajo.cl\/portal\/wp-content\/uploads\/2016\/04\/Candidatas1.jpg?resize=200%2C132&amp;ssl=1 200w, https:\/\/i0.wp.com\/eltrabajo.cl\/portal\/wp-content\/uploads\/2016\/04\/Candidatas1.jpg?resize=300%2C198&amp;ssl=1 300w, https:\/\/i0.wp.com\/eltrabajo.cl\/portal\/wp-content\/uploads\/2016\/04\/Candidatas1.jpg?resize=227%2C150&amp;ssl=1 227w, https:\/\/i0.wp.com\/eltrabajo.cl\/portal\/wp-content\/uploads\/2016\/04\/Candidatas1.jpg?resize=400%2C264&amp;ssl=1 400w\" sizes=\"auto, (max-width: 530px) 100vw, 530px\" \/><\/a><figcaption id=\"caption-attachment-69167\" class=\"wp-caption-text\">\u00bfCU\u00c1L SER\u00c1 LA REINA?- Ellas son las tres candidatas a Reina Escuela Agr\u00edcola 2016: D\u00e9bora L\u00f3pez de la Alianza Pirata, Vianka N\u00fa\u00f1ez de la Alianza H\u00e9roes y Marianela Le\u00f3n de la Alianza Villanos.<\/figcaption><\/figure>\n","protected":false},"excerpt":{"rendered":"<p>Instituci\u00f3n sanfelipe\u00f1a cumple sus 92 a\u00f1os de existencia: Aunque debi\u00f3 ser el s\u00e1bado 9, ser\u00e1 hasta ma\u00f1ana jueves 28 de abril cuando la Escuela Agr\u00edcola de San Felipe celebre sus 92 a\u00f1os&#8230;<\/p>\n","protected":false},"author":1,"featured_media":69167,"comment_status":"open","ping_status":"open","sticky":false,"template":"","format":"standard","meta":{"advanced_seo_description":"","jetpack_seo_html_title":"","jetpack_seo_noindex":false,"_jetpack_memberships_contains_paid_content":false,"footnotes":""},"categories":[15],"tags":[],"class_list":["post-69166","post","type-post","status-publish","format-standard","has-post-thumbnail","hentry","category-comunidad"],"jetpack_featured_media_url":"https:\/\/i0.wp.com\/eltrabajo.cl\/portal\/wp-content\/uploads\/2016\/04\/Candidatas1.jpg?fit=530%2C350&ssl=1","jetpack_sharing_enabled":true,"jetpack_likes_enabled":true,"jetpack-related-posts":[],"_links":{"self":[{"href":"https:\/\/eltrabajo.cl\/portal\/wp-json\/wp\/v2\/posts\/69166","targetHints":{"allow":["GET"]}}],"collection":[{"href":"https:\/\/eltrabajo.cl\/portal\/wp-json\/wp\/v2\/posts"}],"about":[{"href":"https:\/\/eltrabajo.cl\/portal\/wp-json\/wp\/v2\/types\/post"}],"author":[{"embeddable":true,"href":"https:\/\/eltrabajo.cl\/portal\/wp-json\/wp\/v2\/users\/1"}],"replies":[{"embeddable":true,"href":"https:\/\/eltrabajo.cl\/portal\/wp-json\/wp\/v2\/comments?post=69166"}],"version-history":[{"count":0,"href":"https:\/\/eltrabajo.cl\/portal\/wp-json\/wp\/v2\/posts\/69166\/revisions"}],"wp:featuredmedia":[{"embeddable":true,"href":"https:\/\/eltrabajo.cl\/portal\/wp-json\/wp\/v2\/media\/69167"}],"wp:attachment":[{"href":"https:\/\/eltrabajo.cl\/portal\/wp-json\/wp\/v2\/media?parent=69166"}],"wp:term":[{"taxonomy":"category","embeddable":true,"href":"https:\/\/eltrabajo.cl\/portal\/wp-json\/wp\/v2\/categories?post=69166"},{"taxonomy":"post_tag","embeddable":true,"href":"https:\/\/eltrabajo.cl\/portal\/wp-json\/wp\/v2\/tags?post=69166"}],"curies":[{"name":"wp","href":"https:\/\/api.w.org\/{rel}","templated":true}]}}