{"id":69175,"date":"2016-04-27T08:57:44","date_gmt":"2016-04-27T11:57:44","guid":{"rendered":"http:\/\/www.eltrabajo.cl\/portal\/?p=69175"},"modified":"2016-04-27T08:57:44","modified_gmt":"2016-04-27T11:57:44","slug":"impecable-desfile-de-colegios-en-conmemoracion-del-aniversario-89-de-carabineros","status":"publish","type":"post","link":"https:\/\/eltrabajo.cl\/portal\/impecable-desfile-de-colegios-en-conmemoracion-del-aniversario-89-de-carabineros\/","title":{"rendered":"Impecable desfile de colegios en conmemoraci\u00f3n del aniversario 89 de Carabineros"},"content":{"rendered":"<p>Diversos establecimientos educacionales del Valle de Aconcagua se dieron cita ayer al medio d\u00eda, para desfilar frente a las autoridades civiles y uniformadas en conmemoraci\u00f3n del octog\u00e9simo noveno aniversario de Carabineros de Chile, actividad que fue precedida por la respectiva y tradicional misa de acci\u00f3n de gracias de la Instituci\u00f3n uniformada.<br \/>\nEl Gobernador de la Provincia de San Felipe, Eduardo Le\u00f3n, La Gobernadora de la Provincia de Los Andes, Mar\u00eda Victoria Rodr\u00edguez y el Gobernador de la Provincia de Petorca Mario Fuentes, junto al Teniente Coronel Pablo Salgado, Prefecto de la Prefectura Aconcagua y otros representantes del alto mando de la V Zona de Carabineros de Valpara\u00edso, observaron la impecable presentaci\u00f3n de la Banda Institucional y el paso de distintas unidades policiales, para luego observar el encajonamiento de la Banda de Guerra del Colegio Alonso de Ercilla, la cual, instrument\u00f3 el paso del resto de los colegios que se hicieron part\u00edcipes del aniversario 89 de Carabineros.<\/p>\n<div class=\"tiled-gallery type-rectangular tiled-gallery-unresized\" data-original-width=\"640\" data-carousel-extra='null' itemscope itemtype=\"http:\/\/schema.org\/ImageGallery\" > <div class=\"gallery-row\" style=\"width: 640px; height: 284px;\" data-original-width=\"640\" data-original-height=\"284\" > <div class=\"gallery-group images-1\" style=\"width: 427px; height: 284px;\" data-original-width=\"427\" data-original-height=\"284\" > <div class=\"tiled-gallery-item tiled-gallery-item-large\" itemprop=\"associatedMedia\" itemscope itemtype=\"http:\/\/schema.org\/ImageObject\"> <a href=\"https:\/\/eltrabajo.cl\/portal\/impecable-desfile-de-colegios-en-conmemoracion-del-aniversario-89-de-carabineros\/foto-5-alternativa-division-fronteriza\/\" border=\"0\" itemprop=\"url\"> <meta itemprop=\"width\" content=\"423\"> <meta itemprop=\"height\" content=\"280\"> <img decoding=\"async\" class=\"\" data-attachment-id=\"69176\" data-orig-file=\"https:\/\/eltrabajo.cl\/portal\/wp-content\/uploads\/2016\/04\/FOTO-5-ALTERNATIVA-DIVISI\u00d3N-FRONTERIZA.jpg\" data-orig-size=\"530,350\" data-comments-opened=\"1\" data-image-meta=\"{&quot;aperture&quot;:&quot;0&quot;,&quot;credit&quot;:&quot;&quot;,&quot;camera&quot;:&quot;&quot;,&quot;caption&quot;:&quot;&quot;,&quot;created_timestamp&quot;:&quot;0&quot;,&quot;copyright&quot;:&quot;&quot;,&quot;focal_length&quot;:&quot;0&quot;,&quot;iso&quot;:&quot;0&quot;,&quot;shutter_speed&quot;:&quot;0&quot;,&quot;title&quot;:&quot;&quot;,&quot;orientation&quot;:&quot;0&quot;}\" data-image-title=\"Alternativa divisi\u00f3n fronteriza.\" data-image-description=\"&lt;p&gt;Alternativa divisi\u00f3n fronteriza.&lt;\/p&gt; \" data-medium-file=\"https:\/\/i0.wp.com\/eltrabajo.cl\/portal\/wp-content\/uploads\/2016\/04\/FOTO-5-ALTERNATIVA-DIVISI%C3%93N-FRONTERIZA.jpg?fit=300%2C198&#038;ssl=1\" data-large-file=\"https:\/\/i0.wp.com\/eltrabajo.cl\/portal\/wp-content\/uploads\/2016\/04\/FOTO-5-ALTERNATIVA-DIVISI%C3%93N-FRONTERIZA.jpg?fit=530%2C350&#038;ssl=1\" src=\"https:\/\/i0.wp.com\/eltrabajo.cl\/portal\/wp-content\/uploads\/2016\/04\/FOTO-5-ALTERNATIVA-DIVISI%C3%93N-FRONTERIZA.jpg?w=423&#038;h=280&#038;ssl=1\" width=\"423\" height=\"280\" loading=\"lazy\" data-original-width=\"423\" data-original-height=\"280\" itemprop=\"http:\/\/schema.org\/image\" title=\"Alternativa divisi\u00f3n fronteriza.\" alt=\"Alternativa divisi\u00f3n fronteriza.\" style=\"width: 423px; height: 280px;\" \/> <\/a> <div class=\"tiled-gallery-caption\" itemprop=\"caption description\"> Alternativa divisi\u00f3n fronteriza. <\/div> <\/div> <\/div> <!-- close group --> <div class=\"gallery-group images-2\" style=\"width: 213px; height: 284px;\" data-original-width=\"213\" data-original-height=\"284\" > <div class=\"tiled-gallery-item tiled-gallery-item-small\" itemprop=\"associatedMedia\" itemscope itemtype=\"http:\/\/schema.org\/ImageObject\"> <a href=\"https:\/\/eltrabajo.cl\/portal\/impecable-desfile-de-colegios-en-conmemoracion-del-aniversario-89-de-carabineros\/foto-6-banda-instrumental-de-carabineros-se-prepara-para-el-encajonam\/\" border=\"0\" itemprop=\"url\"> <meta itemprop=\"width\" content=\"209\"> <meta itemprop=\"height\" content=\"138\"> <img decoding=\"async\" class=\"\" data-attachment-id=\"69177\" data-orig-file=\"https:\/\/eltrabajo.cl\/portal\/wp-content\/uploads\/2016\/04\/FOTO-6-BANDA-INSTRUMENTAL-DE-CARABINEROS-SE-PREPARA-PARA-EL-ENCAJONAM.jpg\" data-orig-size=\"530,350\" data-comments-opened=\"1\" data-image-meta=\"{&quot;aperture&quot;:&quot;0&quot;,&quot;credit&quot;:&quot;&quot;,&quot;camera&quot;:&quot;&quot;,&quot;caption&quot;:&quot;&quot;,&quot;created_timestamp&quot;:&quot;0&quot;,&quot;copyright&quot;:&quot;&quot;,&quot;focal_length&quot;:&quot;0&quot;,&quot;iso&quot;:&quot;0&quot;,&quot;shutter_speed&quot;:&quot;0&quot;,&quot;title&quot;:&quot;&quot;,&quot;orientation&quot;:&quot;0&quot;}\" data-image-title=\"Banda Instrumental de Carabineros se prepara para el encajonamiento, previo a la pasada de las distintas unidades policiales que se presentaron frente a autoridades.\" data-image-description=\"&lt;p&gt;Banda Instrumental de Carabineros se prepara para el encajonamiento, previo a la pasada de las distintas unidades policiales que se presentaron frente a autoridades.&lt;\/p&gt; \" data-medium-file=\"https:\/\/i0.wp.com\/eltrabajo.cl\/portal\/wp-content\/uploads\/2016\/04\/FOTO-6-BANDA-INSTRUMENTAL-DE-CARABINEROS-SE-PREPARA-PARA-EL-ENCAJONAM.jpg?fit=300%2C198&#038;ssl=1\" data-large-file=\"https:\/\/i0.wp.com\/eltrabajo.cl\/portal\/wp-content\/uploads\/2016\/04\/FOTO-6-BANDA-INSTRUMENTAL-DE-CARABINEROS-SE-PREPARA-PARA-EL-ENCAJONAM.jpg?fit=530%2C350&#038;ssl=1\" src=\"https:\/\/i0.wp.com\/eltrabajo.cl\/portal\/wp-content\/uploads\/2016\/04\/FOTO-6-BANDA-INSTRUMENTAL-DE-CARABINEROS-SE-PREPARA-PARA-EL-ENCAJONAM.jpg?w=209&#038;h=138&#038;ssl=1\" srcset=\"https:\/\/i0.wp.com\/eltrabajo.cl\/portal\/wp-content\/uploads\/2016\/04\/FOTO-6-BANDA-INSTRUMENTAL-DE-CARABINEROS-SE-PREPARA-PARA-EL-ENCAJONAM.jpg?w=530&amp;ssl=1 530w, https:\/\/i0.wp.com\/eltrabajo.cl\/portal\/wp-content\/uploads\/2016\/04\/FOTO-6-BANDA-INSTRUMENTAL-DE-CARABINEROS-SE-PREPARA-PARA-EL-ENCAJONAM.jpg?resize=200%2C132&amp;ssl=1 200w, https:\/\/i0.wp.com\/eltrabajo.cl\/portal\/wp-content\/uploads\/2016\/04\/FOTO-6-BANDA-INSTRUMENTAL-DE-CARABINEROS-SE-PREPARA-PARA-EL-ENCAJONAM.jpg?resize=300%2C198&amp;ssl=1 300w, https:\/\/i0.wp.com\/eltrabajo.cl\/portal\/wp-content\/uploads\/2016\/04\/FOTO-6-BANDA-INSTRUMENTAL-DE-CARABINEROS-SE-PREPARA-PARA-EL-ENCAJONAM.jpg?resize=227%2C150&amp;ssl=1 227w, https:\/\/i0.wp.com\/eltrabajo.cl\/portal\/wp-content\/uploads\/2016\/04\/FOTO-6-BANDA-INSTRUMENTAL-DE-CARABINEROS-SE-PREPARA-PARA-EL-ENCAJONAM.jpg?resize=400%2C264&amp;ssl=1 400w\" width=\"209\" height=\"138\" loading=\"lazy\" data-original-width=\"209\" data-original-height=\"138\" itemprop=\"http:\/\/schema.org\/image\" title=\"Banda Instrumental de Carabineros se prepara para el encajonamiento, previo a la pasada de las distintas unidades policiales que se presentaron frente a autoridades.\" alt=\"Banda Instrumental de Carabineros se prepara para el encajonamiento, previo a la pasada de las distintas unidades policiales que se presentaron frente a autoridades.\" style=\"width: 209px; height: 138px;\" \/> <\/a> <div class=\"tiled-gallery-caption\" itemprop=\"caption description\"> Banda Instrumental de Carabineros se prepara para el encajonamiento, previo a la pasada de las distintas unidades policiales que se presentaron frente a autoridades. <\/div> <\/div> <div class=\"tiled-gallery-item tiled-gallery-item-small\" itemprop=\"associatedMedia\" itemscope itemtype=\"http:\/\/schema.org\/ImageObject\"> <a href=\"https:\/\/eltrabajo.cl\/portal\/impecable-desfile-de-colegios-en-conmemoracion-del-aniversario-89-de-carabineros\/foto-7-estandartes-de-carabineros-inician-desfile-conme\/\" border=\"0\" itemprop=\"url\"> <meta itemprop=\"width\" content=\"209\"> <meta itemprop=\"height\" content=\"138\"> <img decoding=\"async\" class=\"\" data-attachment-id=\"69178\" data-orig-file=\"https:\/\/eltrabajo.cl\/portal\/wp-content\/uploads\/2016\/04\/FOTO-7-ESTANDARTES-DE-CARABINEROS-INICIAN-DESFILE-CONME.jpg\" data-orig-size=\"530,350\" data-comments-opened=\"1\" data-image-meta=\"{&quot;aperture&quot;:&quot;0&quot;,&quot;credit&quot;:&quot;&quot;,&quot;camera&quot;:&quot;&quot;,&quot;caption&quot;:&quot;&quot;,&quot;created_timestamp&quot;:&quot;0&quot;,&quot;copyright&quot;:&quot;&quot;,&quot;focal_length&quot;:&quot;0&quot;,&quot;iso&quot;:&quot;0&quot;,&quot;shutter_speed&quot;:&quot;0&quot;,&quot;title&quot;:&quot;&quot;,&quot;orientation&quot;:&quot;0&quot;}\" data-image-title=\"Estandartes de Carabineros inician desfile conmemorativo de aniversario 89 de la instituci\u00f3n.\" data-image-description=\"&lt;p&gt;Estandartes de Carabineros inician desfile conmemorativo de aniversario 89 de la instituci\u00f3n.&lt;\/p&gt; \" data-medium-file=\"https:\/\/i0.wp.com\/eltrabajo.cl\/portal\/wp-content\/uploads\/2016\/04\/FOTO-7-ESTANDARTES-DE-CARABINEROS-INICIAN-DESFILE-CONME.jpg?fit=300%2C198&#038;ssl=1\" data-large-file=\"https:\/\/i0.wp.com\/eltrabajo.cl\/portal\/wp-content\/uploads\/2016\/04\/FOTO-7-ESTANDARTES-DE-CARABINEROS-INICIAN-DESFILE-CONME.jpg?fit=530%2C350&#038;ssl=1\" src=\"https:\/\/i0.wp.com\/eltrabajo.cl\/portal\/wp-content\/uploads\/2016\/04\/FOTO-7-ESTANDARTES-DE-CARABINEROS-INICIAN-DESFILE-CONME.jpg?w=209&#038;h=138&#038;ssl=1\" srcset=\"https:\/\/i0.wp.com\/eltrabajo.cl\/portal\/wp-content\/uploads\/2016\/04\/FOTO-7-ESTANDARTES-DE-CARABINEROS-INICIAN-DESFILE-CONME.jpg?w=530&amp;ssl=1 530w, https:\/\/i0.wp.com\/eltrabajo.cl\/portal\/wp-content\/uploads\/2016\/04\/FOTO-7-ESTANDARTES-DE-CARABINEROS-INICIAN-DESFILE-CONME.jpg?resize=200%2C132&amp;ssl=1 200w, https:\/\/i0.wp.com\/eltrabajo.cl\/portal\/wp-content\/uploads\/2016\/04\/FOTO-7-ESTANDARTES-DE-CARABINEROS-INICIAN-DESFILE-CONME.jpg?resize=300%2C198&amp;ssl=1 300w, https:\/\/i0.wp.com\/eltrabajo.cl\/portal\/wp-content\/uploads\/2016\/04\/FOTO-7-ESTANDARTES-DE-CARABINEROS-INICIAN-DESFILE-CONME.jpg?resize=227%2C150&amp;ssl=1 227w, https:\/\/i0.wp.com\/eltrabajo.cl\/portal\/wp-content\/uploads\/2016\/04\/FOTO-7-ESTANDARTES-DE-CARABINEROS-INICIAN-DESFILE-CONME.jpg?resize=400%2C264&amp;ssl=1 400w\" width=\"209\" height=\"138\" loading=\"lazy\" data-original-width=\"209\" data-original-height=\"138\" itemprop=\"http:\/\/schema.org\/image\" title=\"Estandartes de Carabineros inician desfile conmemorativo de aniversario 89 de la instituci\u00f3n.\" alt=\"Estandartes de Carabineros inician desfile conmemorativo de aniversario 89 de la instituci\u00f3n.\" style=\"width: 209px; height: 138px;\" \/> <\/a> <div class=\"tiled-gallery-caption\" itemprop=\"caption description\"> Estandartes de Carabineros inician desfile conmemorativo de aniversario 89 de la instituci\u00f3n. <\/div> <\/div> <\/div> <!-- close group --> <\/div> <!-- close row --> <div class=\"gallery-row\" style=\"width: 640px; height: 282px;\" data-original-width=\"640\" data-original-height=\"282\" > <div class=\"gallery-group images-2\" style=\"width: 212px; height: 282px;\" data-original-width=\"212\" data-original-height=\"282\" > <div class=\"tiled-gallery-item tiled-gallery-item-small\" itemprop=\"associatedMedia\" itemscope itemtype=\"http:\/\/schema.org\/ImageObject\"> <a href=\"https:\/\/eltrabajo.cl\/portal\/impecable-desfile-de-colegios-en-conmemoracion-del-aniversario-89-de-carabineros\/foto-8-contingente-femenino-de-la-foto-8-institucion-policial-uniformada\/\" border=\"0\" itemprop=\"url\"> <meta itemprop=\"width\" content=\"208\"> <meta itemprop=\"height\" content=\"137\"> <img decoding=\"async\" class=\"\" data-attachment-id=\"69179\" data-orig-file=\"https:\/\/eltrabajo.cl\/portal\/wp-content\/uploads\/2016\/04\/FOTO-8-CONTINGENTE-FEMENINO-DE-LA-FOTO-8-INSTITUCI\u00d3N-POLICIAL-UNIFORMADA.jpg\" data-orig-size=\"530,348\" data-comments-opened=\"1\" data-image-meta=\"{&quot;aperture&quot;:&quot;0&quot;,&quot;credit&quot;:&quot;&quot;,&quot;camera&quot;:&quot;&quot;,&quot;caption&quot;:&quot;&quot;,&quot;created_timestamp&quot;:&quot;0&quot;,&quot;copyright&quot;:&quot;&quot;,&quot;focal_length&quot;:&quot;0&quot;,&quot;iso&quot;:&quot;0&quot;,&quot;shutter_speed&quot;:&quot;0&quot;,&quot;title&quot;:&quot;&quot;,&quot;orientation&quot;:&quot;0&quot;}\" data-image-title=\"Contingente femenino Instituci\u00f3n Policial Uniformada.\" data-image-description=\"&lt;p&gt;Contingente femenino Instituci\u00f3n Policial Uniformada.&lt;\/p&gt; \" data-medium-file=\"https:\/\/i0.wp.com\/eltrabajo.cl\/portal\/wp-content\/uploads\/2016\/04\/FOTO-8-CONTINGENTE-FEMENINO-DE-LA-FOTO-8-INSTITUCI%C3%93N-POLICIAL-UNIFORMADA.jpg?fit=300%2C197&#038;ssl=1\" data-large-file=\"https:\/\/i0.wp.com\/eltrabajo.cl\/portal\/wp-content\/uploads\/2016\/04\/FOTO-8-CONTINGENTE-FEMENINO-DE-LA-FOTO-8-INSTITUCI%C3%93N-POLICIAL-UNIFORMADA.jpg?fit=530%2C348&#038;ssl=1\" src=\"https:\/\/i0.wp.com\/eltrabajo.cl\/portal\/wp-content\/uploads\/2016\/04\/FOTO-8-CONTINGENTE-FEMENINO-DE-LA-FOTO-8-INSTITUCI%C3%93N-POLICIAL-UNIFORMADA.jpg?w=208&#038;h=137&#038;ssl=1\" width=\"208\" height=\"137\" loading=\"lazy\" data-original-width=\"208\" data-original-height=\"137\" itemprop=\"http:\/\/schema.org\/image\" title=\"Contingente femenino Instituci\u00f3n Policial Uniformada.\" alt=\"Contingente femenino Instituci\u00f3n Policial Uniformada.\" style=\"width: 208px; height: 137px;\" \/> <\/a> <div class=\"tiled-gallery-caption\" itemprop=\"caption description\"> Contingente femenino Instituci\u00f3n Policial Uniformada. <\/div> <\/div> <div class=\"tiled-gallery-item tiled-gallery-item-small\" itemprop=\"associatedMedia\" itemscope itemtype=\"http:\/\/schema.org\/ImageObject\"> <a href=\"https:\/\/eltrabajo.cl\/portal\/impecable-desfile-de-colegios-en-conmemoracion-del-aniversario-89-de-carabineros\/foto-16-liceo-corina-urbina-desfila-frente-a-las-autoridades\/\" border=\"0\" itemprop=\"url\"> <meta itemprop=\"width\" content=\"208\"> <meta itemprop=\"height\" content=\"137\"> <img decoding=\"async\" class=\"\" data-attachment-id=\"69180\" data-orig-file=\"https:\/\/eltrabajo.cl\/portal\/wp-content\/uploads\/2016\/04\/FOTO-16-LICEO-CORINA-URBINA-DESFILA-FRENTE-A-LAS-AUTORIDADES.jpg\" data-orig-size=\"530,350\" data-comments-opened=\"1\" data-image-meta=\"{&quot;aperture&quot;:&quot;0&quot;,&quot;credit&quot;:&quot;&quot;,&quot;camera&quot;:&quot;&quot;,&quot;caption&quot;:&quot;&quot;,&quot;created_timestamp&quot;:&quot;0&quot;,&quot;copyright&quot;:&quot;&quot;,&quot;focal_length&quot;:&quot;0&quot;,&quot;iso&quot;:&quot;0&quot;,&quot;shutter_speed&quot;:&quot;0&quot;,&quot;title&quot;:&quot;&quot;,&quot;orientation&quot;:&quot;0&quot;}\" data-image-title=\"Liceo Corina Urbina desfila frente a las autoridades.\" data-image-description=\"&lt;p&gt;Liceo Corina Urbina desfila frente a las autoridades.&lt;\/p&gt; \" data-medium-file=\"https:\/\/i0.wp.com\/eltrabajo.cl\/portal\/wp-content\/uploads\/2016\/04\/FOTO-16-LICEO-CORINA-URBINA-DESFILA-FRENTE-A-LAS-AUTORIDADES.jpg?fit=300%2C198&#038;ssl=1\" data-large-file=\"https:\/\/i0.wp.com\/eltrabajo.cl\/portal\/wp-content\/uploads\/2016\/04\/FOTO-16-LICEO-CORINA-URBINA-DESFILA-FRENTE-A-LAS-AUTORIDADES.jpg?fit=530%2C350&#038;ssl=1\" src=\"https:\/\/i0.wp.com\/eltrabajo.cl\/portal\/wp-content\/uploads\/2016\/04\/FOTO-16-LICEO-CORINA-URBINA-DESFILA-FRENTE-A-LAS-AUTORIDADES.jpg?w=208&#038;h=137&#038;ssl=1\" srcset=\"https:\/\/i0.wp.com\/eltrabajo.cl\/portal\/wp-content\/uploads\/2016\/04\/FOTO-16-LICEO-CORINA-URBINA-DESFILA-FRENTE-A-LAS-AUTORIDADES.jpg?w=530&amp;ssl=1 530w, https:\/\/i0.wp.com\/eltrabajo.cl\/portal\/wp-content\/uploads\/2016\/04\/FOTO-16-LICEO-CORINA-URBINA-DESFILA-FRENTE-A-LAS-AUTORIDADES.jpg?resize=200%2C132&amp;ssl=1 200w, https:\/\/i0.wp.com\/eltrabajo.cl\/portal\/wp-content\/uploads\/2016\/04\/FOTO-16-LICEO-CORINA-URBINA-DESFILA-FRENTE-A-LAS-AUTORIDADES.jpg?resize=300%2C198&amp;ssl=1 300w, https:\/\/i0.wp.com\/eltrabajo.cl\/portal\/wp-content\/uploads\/2016\/04\/FOTO-16-LICEO-CORINA-URBINA-DESFILA-FRENTE-A-LAS-AUTORIDADES.jpg?resize=227%2C150&amp;ssl=1 227w, https:\/\/i0.wp.com\/eltrabajo.cl\/portal\/wp-content\/uploads\/2016\/04\/FOTO-16-LICEO-CORINA-URBINA-DESFILA-FRENTE-A-LAS-AUTORIDADES.jpg?resize=400%2C264&amp;ssl=1 400w\" width=\"208\" height=\"137\" loading=\"lazy\" data-original-width=\"208\" data-original-height=\"137\" itemprop=\"http:\/\/schema.org\/image\" title=\"Liceo Corina Urbina desfila frente a las autoridades.\" alt=\"Liceo Corina Urbina desfila frente a las autoridades.\" style=\"width: 208px; height: 137px;\" \/> <\/a> <div class=\"tiled-gallery-caption\" itemprop=\"caption description\"> Liceo Corina Urbina desfila frente a las autoridades. <\/div> <\/div> <\/div> <!-- close group --> <div class=\"gallery-group images-1\" style=\"width: 428px; height: 282px;\" data-original-width=\"428\" data-original-height=\"282\" > <div class=\"tiled-gallery-item tiled-gallery-item-large\" itemprop=\"associatedMedia\" itemscope itemtype=\"http:\/\/schema.org\/ImageObject\"> <a href=\"https:\/\/eltrabajo.cl\/portal\/impecable-desfile-de-colegios-en-conmemoracion-del-aniversario-89-de-carabineros\/foto-18-liceo-bicentenario-cordillera-1\/\" border=\"0\" itemprop=\"url\"> <meta itemprop=\"width\" content=\"424\"> <meta itemprop=\"height\" content=\"278\"> <img decoding=\"async\" class=\"\" data-attachment-id=\"69181\" data-orig-file=\"https:\/\/eltrabajo.cl\/portal\/wp-content\/uploads\/2016\/04\/FOTO-18-LICEO-BICENTENARIO-CORDILLERA-1.jpg\" data-orig-size=\"530,348\" data-comments-opened=\"1\" data-image-meta=\"{&quot;aperture&quot;:&quot;0&quot;,&quot;credit&quot;:&quot;&quot;,&quot;camera&quot;:&quot;&quot;,&quot;caption&quot;:&quot;&quot;,&quot;created_timestamp&quot;:&quot;0&quot;,&quot;copyright&quot;:&quot;&quot;,&quot;focal_length&quot;:&quot;0&quot;,&quot;iso&quot;:&quot;0&quot;,&quot;shutter_speed&quot;:&quot;0&quot;,&quot;title&quot;:&quot;&quot;,&quot;orientation&quot;:&quot;0&quot;}\" data-image-title=\"Liceo Bicentenario Cordillera.\" data-image-description=\"&lt;p&gt;Liceo Bicentenario Cordillera.&lt;\/p&gt; \" data-medium-file=\"https:\/\/i0.wp.com\/eltrabajo.cl\/portal\/wp-content\/uploads\/2016\/04\/FOTO-18-LICEO-BICENTENARIO-CORDILLERA-1.jpg?fit=300%2C197&#038;ssl=1\" data-large-file=\"https:\/\/i0.wp.com\/eltrabajo.cl\/portal\/wp-content\/uploads\/2016\/04\/FOTO-18-LICEO-BICENTENARIO-CORDILLERA-1.jpg?fit=530%2C348&#038;ssl=1\" src=\"https:\/\/i0.wp.com\/eltrabajo.cl\/portal\/wp-content\/uploads\/2016\/04\/FOTO-18-LICEO-BICENTENARIO-CORDILLERA-1.jpg?w=424&#038;h=278&#038;ssl=1\" srcset=\"https:\/\/i0.wp.com\/eltrabajo.cl\/portal\/wp-content\/uploads\/2016\/04\/FOTO-18-LICEO-BICENTENARIO-CORDILLERA-1.jpg?w=530&amp;ssl=1 530w, https:\/\/i0.wp.com\/eltrabajo.cl\/portal\/wp-content\/uploads\/2016\/04\/FOTO-18-LICEO-BICENTENARIO-CORDILLERA-1.jpg?resize=200%2C131&amp;ssl=1 200w, https:\/\/i0.wp.com\/eltrabajo.cl\/portal\/wp-content\/uploads\/2016\/04\/FOTO-18-LICEO-BICENTENARIO-CORDILLERA-1.jpg?resize=300%2C197&amp;ssl=1 300w, https:\/\/i0.wp.com\/eltrabajo.cl\/portal\/wp-content\/uploads\/2016\/04\/FOTO-18-LICEO-BICENTENARIO-CORDILLERA-1.jpg?resize=228%2C150&amp;ssl=1 228w, https:\/\/i0.wp.com\/eltrabajo.cl\/portal\/wp-content\/uploads\/2016\/04\/FOTO-18-LICEO-BICENTENARIO-CORDILLERA-1.jpg?resize=400%2C263&amp;ssl=1 400w\" width=\"424\" height=\"278\" loading=\"lazy\" data-original-width=\"424\" data-original-height=\"278\" itemprop=\"http:\/\/schema.org\/image\" title=\"Liceo Bicentenario Cordillera.\" alt=\"Liceo Bicentenario Cordillera.\" style=\"width: 424px; height: 278px;\" \/> <\/a> <div class=\"tiled-gallery-caption\" itemprop=\"caption description\"> Liceo Bicentenario Cordillera. <\/div> <\/div> <\/div> <!-- close group --> <\/div> <!-- close row --> <div class=\"gallery-row\" style=\"width: 640px; height: 213px;\" data-original-width=\"640\" data-original-height=\"213\" > <div class=\"gallery-group images-1\" style=\"width: 320px; height: 213px;\" data-original-width=\"320\" data-original-height=\"213\" > <div class=\"tiled-gallery-item tiled-gallery-item-large\" itemprop=\"associatedMedia\" itemscope itemtype=\"http:\/\/schema.org\/ImageObject\"> <a href=\"https:\/\/eltrabajo.cl\/portal\/impecable-desfile-de-colegios-en-conmemoracion-del-aniversario-89-de-carabineros\/foto-20-escuela-jose-de-san-martin-e-62\/\" border=\"0\" itemprop=\"url\"> <meta itemprop=\"width\" content=\"316\"> <meta itemprop=\"height\" content=\"209\"> <img decoding=\"async\" class=\"\" data-attachment-id=\"69182\" data-orig-file=\"https:\/\/eltrabajo.cl\/portal\/wp-content\/uploads\/2016\/04\/FOTO-20-ESCUELA-JOS\u00c9-DE-SAN-MART\u00cdN-E-62.jpg\" data-orig-size=\"530,350\" data-comments-opened=\"1\" data-image-meta=\"{&quot;aperture&quot;:&quot;0&quot;,&quot;credit&quot;:&quot;&quot;,&quot;camera&quot;:&quot;&quot;,&quot;caption&quot;:&quot;&quot;,&quot;created_timestamp&quot;:&quot;0&quot;,&quot;copyright&quot;:&quot;&quot;,&quot;focal_length&quot;:&quot;0&quot;,&quot;iso&quot;:&quot;0&quot;,&quot;shutter_speed&quot;:&quot;0&quot;,&quot;title&quot;:&quot;&quot;,&quot;orientation&quot;:&quot;0&quot;}\" data-image-title=\"Escuela Jos\u00e9 de San Mart\u00edn E-62\" data-image-description=\"&lt;p&gt;Escuela Jos\u00e9 de San Mart\u00edn E-62&lt;\/p&gt; \" data-medium-file=\"https:\/\/i0.wp.com\/eltrabajo.cl\/portal\/wp-content\/uploads\/2016\/04\/FOTO-20-ESCUELA-JOS%C3%89-DE-SAN-MART%C3%8DN-E-62.jpg?fit=300%2C198&#038;ssl=1\" data-large-file=\"https:\/\/i0.wp.com\/eltrabajo.cl\/portal\/wp-content\/uploads\/2016\/04\/FOTO-20-ESCUELA-JOS%C3%89-DE-SAN-MART%C3%8DN-E-62.jpg?fit=530%2C350&#038;ssl=1\" src=\"https:\/\/i0.wp.com\/eltrabajo.cl\/portal\/wp-content\/uploads\/2016\/04\/FOTO-20-ESCUELA-JOS%C3%89-DE-SAN-MART%C3%8DN-E-62.jpg?w=316&#038;h=209&#038;ssl=1\" width=\"316\" height=\"209\" loading=\"lazy\" data-original-width=\"316\" data-original-height=\"209\" itemprop=\"http:\/\/schema.org\/image\" title=\"Escuela Jos\u00e9 de San Mart\u00edn E-62\" alt=\"Escuela Jos\u00e9 de San Mart\u00edn E-62\" style=\"width: 316px; height: 209px;\" \/> <\/a> <div class=\"tiled-gallery-caption\" itemprop=\"caption description\"> Escuela Jos\u00e9 de San Mart\u00edn E-62 <\/div> <\/div> <\/div> <!-- close group --> <div class=\"gallery-group images-1\" style=\"width: 320px; height: 213px;\" data-original-width=\"320\" data-original-height=\"213\" > <div class=\"tiled-gallery-item tiled-gallery-item-large\" itemprop=\"associatedMedia\" itemscope itemtype=\"http:\/\/schema.org\/ImageObject\"> <a href=\"https:\/\/eltrabajo.cl\/portal\/impecable-desfile-de-colegios-en-conmemoracion-del-aniversario-89-de-carabineros\/foto-21-escuela-republica-de-brasil-de-san-esteban\/\" border=\"0\" itemprop=\"url\"> <meta itemprop=\"width\" content=\"316\"> <meta itemprop=\"height\" content=\"209\"> <img decoding=\"async\" class=\"\" data-attachment-id=\"69183\" data-orig-file=\"https:\/\/eltrabajo.cl\/portal\/wp-content\/uploads\/2016\/04\/FOTO-21-ESCUELA-REP\u00daBLICA-DE-BRASIL-DE-SAN-ESTEBAN.jpg\" data-orig-size=\"530,350\" data-comments-opened=\"1\" data-image-meta=\"{&quot;aperture&quot;:&quot;0&quot;,&quot;credit&quot;:&quot;&quot;,&quot;camera&quot;:&quot;&quot;,&quot;caption&quot;:&quot;&quot;,&quot;created_timestamp&quot;:&quot;0&quot;,&quot;copyright&quot;:&quot;&quot;,&quot;focal_length&quot;:&quot;0&quot;,&quot;iso&quot;:&quot;0&quot;,&quot;shutter_speed&quot;:&quot;0&quot;,&quot;title&quot;:&quot;&quot;,&quot;orientation&quot;:&quot;0&quot;}\" data-image-title=\"Escuela Rep\u00fablica de Brasil de San Esteban.\" data-image-description=\"&lt;p&gt;Escuela Rep\u00fablica de Brasil de San Esteban.&lt;\/p&gt; \" data-medium-file=\"https:\/\/i0.wp.com\/eltrabajo.cl\/portal\/wp-content\/uploads\/2016\/04\/FOTO-21-ESCUELA-REP%C3%9ABLICA-DE-BRASIL-DE-SAN-ESTEBAN.jpg?fit=300%2C198&#038;ssl=1\" data-large-file=\"https:\/\/i0.wp.com\/eltrabajo.cl\/portal\/wp-content\/uploads\/2016\/04\/FOTO-21-ESCUELA-REP%C3%9ABLICA-DE-BRASIL-DE-SAN-ESTEBAN.jpg?fit=530%2C350&#038;ssl=1\" src=\"https:\/\/i0.wp.com\/eltrabajo.cl\/portal\/wp-content\/uploads\/2016\/04\/FOTO-21-ESCUELA-REP%C3%9ABLICA-DE-BRASIL-DE-SAN-ESTEBAN.jpg?w=316&#038;h=209&#038;ssl=1\" width=\"316\" height=\"209\" loading=\"lazy\" data-original-width=\"316\" data-original-height=\"209\" itemprop=\"http:\/\/schema.org\/image\" title=\"Escuela Rep\u00fablica de Brasil de San Esteban.\" alt=\"Escuela Rep\u00fablica de Brasil de San Esteban.\" style=\"width: 316px; height: 209px;\" \/> <\/a> <div class=\"tiled-gallery-caption\" itemprop=\"caption description\"> Escuela Rep\u00fablica de Brasil de San Esteban. <\/div> <\/div> <\/div> <!-- close group --> <\/div> <!-- close row --> <div class=\"gallery-row\" style=\"width: 640px; height: 422px;\" data-original-width=\"640\" data-original-height=\"422\" > <div class=\"gallery-group images-1\" style=\"width: 640px; height: 422px;\" data-original-width=\"640\" data-original-height=\"422\" > <div class=\"tiled-gallery-item tiled-gallery-item-large\" itemprop=\"associatedMedia\" itemscope itemtype=\"http:\/\/schema.org\/ImageObject\"> <a href=\"https:\/\/eltrabajo.cl\/portal\/impecable-desfile-de-colegios-en-conmemoracion-del-aniversario-89-de-carabineros\/foto-22-escuela-industrial-de-san-felipe-guillermo-richards-cuevas\/\" border=\"0\" itemprop=\"url\"> <meta itemprop=\"width\" content=\"636\"> <meta itemprop=\"height\" content=\"418\"> <img decoding=\"async\" class=\"\" data-attachment-id=\"69184\" data-orig-file=\"https:\/\/eltrabajo.cl\/portal\/wp-content\/uploads\/2016\/04\/FOTO-22-ESCUELA-INDUSTRIAL-DE-SAN-FELIPE-GUILLERMO-RICHARDS-CUEVAS.jpg\" data-orig-size=\"530,348\" data-comments-opened=\"1\" data-image-meta=\"{&quot;aperture&quot;:&quot;0&quot;,&quot;credit&quot;:&quot;&quot;,&quot;camera&quot;:&quot;&quot;,&quot;caption&quot;:&quot;&quot;,&quot;created_timestamp&quot;:&quot;0&quot;,&quot;copyright&quot;:&quot;&quot;,&quot;focal_length&quot;:&quot;0&quot;,&quot;iso&quot;:&quot;0&quot;,&quot;shutter_speed&quot;:&quot;0&quot;,&quot;title&quot;:&quot;&quot;,&quot;orientation&quot;:&quot;0&quot;}\" data-image-title=\"Escuela Industrial de San Felipe Guillermo Richards Cuevas.\" data-image-description=\"&lt;p&gt;Escuela Industrial de San Felipe Guillermo Richards Cuevas.&lt;\/p&gt; \" data-medium-file=\"https:\/\/i0.wp.com\/eltrabajo.cl\/portal\/wp-content\/uploads\/2016\/04\/FOTO-22-ESCUELA-INDUSTRIAL-DE-SAN-FELIPE-GUILLERMO-RICHARDS-CUEVAS.jpg?fit=300%2C197&#038;ssl=1\" data-large-file=\"https:\/\/i0.wp.com\/eltrabajo.cl\/portal\/wp-content\/uploads\/2016\/04\/FOTO-22-ESCUELA-INDUSTRIAL-DE-SAN-FELIPE-GUILLERMO-RICHARDS-CUEVAS.jpg?fit=530%2C348&#038;ssl=1\" src=\"https:\/\/i0.wp.com\/eltrabajo.cl\/portal\/wp-content\/uploads\/2016\/04\/FOTO-22-ESCUELA-INDUSTRIAL-DE-SAN-FELIPE-GUILLERMO-RICHARDS-CUEVAS.jpg?w=636&#038;h=418&#038;ssl=1\" srcset=\"https:\/\/i0.wp.com\/eltrabajo.cl\/portal\/wp-content\/uploads\/2016\/04\/FOTO-22-ESCUELA-INDUSTRIAL-DE-SAN-FELIPE-GUILLERMO-RICHARDS-CUEVAS.jpg?w=530&amp;ssl=1 530w, https:\/\/i0.wp.com\/eltrabajo.cl\/portal\/wp-content\/uploads\/2016\/04\/FOTO-22-ESCUELA-INDUSTRIAL-DE-SAN-FELIPE-GUILLERMO-RICHARDS-CUEVAS.jpg?resize=200%2C131&amp;ssl=1 200w, https:\/\/i0.wp.com\/eltrabajo.cl\/portal\/wp-content\/uploads\/2016\/04\/FOTO-22-ESCUELA-INDUSTRIAL-DE-SAN-FELIPE-GUILLERMO-RICHARDS-CUEVAS.jpg?resize=300%2C197&amp;ssl=1 300w, https:\/\/i0.wp.com\/eltrabajo.cl\/portal\/wp-content\/uploads\/2016\/04\/FOTO-22-ESCUELA-INDUSTRIAL-DE-SAN-FELIPE-GUILLERMO-RICHARDS-CUEVAS.jpg?resize=228%2C150&amp;ssl=1 228w, https:\/\/i0.wp.com\/eltrabajo.cl\/portal\/wp-content\/uploads\/2016\/04\/FOTO-22-ESCUELA-INDUSTRIAL-DE-SAN-FELIPE-GUILLERMO-RICHARDS-CUEVAS.jpg?resize=400%2C263&amp;ssl=1 400w\" width=\"636\" height=\"418\" loading=\"lazy\" data-original-width=\"636\" data-original-height=\"418\" itemprop=\"http:\/\/schema.org\/image\" title=\"Escuela Industrial de San Felipe Guillermo Richards Cuevas.\" alt=\"Escuela Industrial de San Felipe Guillermo Richards Cuevas.\" style=\"width: 636px; height: 418px;\" \/> <\/a> <div class=\"tiled-gallery-caption\" itemprop=\"caption description\"> Escuela Industrial de San Felipe Guillermo Richards Cuevas. <\/div> <\/div> <\/div> <!-- close group --> <\/div> <!-- close row --> <\/div>\n","protected":false},"excerpt":{"rendered":"<p>Diversos establecimientos educacionales del Valle de Aconcagua se dieron cita ayer al medio d\u00eda, para desfilar frente a las autoridades civiles y uniformadas en conmemoraci\u00f3n del octog\u00e9simo noveno aniversario de Carabineros de&#8230;<\/p>\n","protected":false},"author":1,"featured_media":69179,"comment_status":"open","ping_status":"open","sticky":false,"template":"","format":"standard","meta":{"advanced_seo_description":"","jetpack_seo_html_title":"","jetpack_seo_noindex":false,"_jetpack_memberships_contains_paid_content":false,"footnotes":""},"categories":[15],"tags":[],"class_list":["post-69175","post","type-post","status-publish","format-standard","has-post-thumbnail","hentry","category-comunidad"],"jetpack_featured_media_url":"https:\/\/i0.wp.com\/eltrabajo.cl\/portal\/wp-content\/uploads\/2016\/04\/FOTO-8-CONTINGENTE-FEMENINO-DE-LA-FOTO-8-INSTITUCI%C3%93N-POLICIAL-UNIFORMADA.jpg?fit=530%2C348&ssl=1","jetpack_sharing_enabled":true,"jetpack_likes_enabled":true,"jetpack-related-posts":[],"_links":{"self":[{"href":"https:\/\/eltrabajo.cl\/portal\/wp-json\/wp\/v2\/posts\/69175","targetHints":{"allow":["GET"]}}],"collection":[{"href":"https:\/\/eltrabajo.cl\/portal\/wp-json\/wp\/v2\/posts"}],"about":[{"href":"https:\/\/eltrabajo.cl\/portal\/wp-json\/wp\/v2\/types\/post"}],"author":[{"embeddable":true,"href":"https:\/\/eltrabajo.cl\/portal\/wp-json\/wp\/v2\/users\/1"}],"replies":[{"embeddable":true,"href":"https:\/\/eltrabajo.cl\/portal\/wp-json\/wp\/v2\/comments?post=69175"}],"version-history":[{"count":0,"href":"https:\/\/eltrabajo.cl\/portal\/wp-json\/wp\/v2\/posts\/69175\/revisions"}],"wp:featuredmedia":[{"embeddable":true,"href":"https:\/\/eltrabajo.cl\/portal\/wp-json\/wp\/v2\/media\/69179"}],"wp:attachment":[{"href":"https:\/\/eltrabajo.cl\/portal\/wp-json\/wp\/v2\/media?parent=69175"}],"wp:term":[{"taxonomy":"category","embeddable":true,"href":"https:\/\/eltrabajo.cl\/portal\/wp-json\/wp\/v2\/categories?post=69175"},{"taxonomy":"post_tag","embeddable":true,"href":"https:\/\/eltrabajo.cl\/portal\/wp-json\/wp\/v2\/tags?post=69175"}],"curies":[{"name":"wp","href":"https:\/\/api.w.org\/{rel}","templated":true}]}}