{"id":69193,"date":"2016-04-28T09:05:04","date_gmt":"2016-04-28T12:05:04","guid":{"rendered":"http:\/\/www.eltrabajo.cl\/portal\/?p=69193"},"modified":"2016-04-28T09:05:04","modified_gmt":"2016-04-28T12:05:04","slug":"delincuentes-dispararon-a-cuidador-cuando-intentaban-robar-nueces","status":"publish","type":"post","link":"https:\/\/eltrabajo.cl\/portal\/delincuentes-dispararon-a-cuidador-cuando-intentaban-robar-nueces\/","title":{"rendered":"Delincuentes dispararon a cuidador cuando intentaban robar nueces"},"content":{"rendered":"<p><strong>PUTAENDO.-<\/strong> Un hombre de 37 a\u00f1os de edad, identificado con las iniciales J.O.V que se desempe\u00f1aba como cuidador de un terreno agr\u00edcola en Lo Vicu\u00f1a, result\u00f3 gravemente herido luego que delincuentes le dispararan en una de sus piernas durante un robo, en el cual los sujetos pretend\u00edan sustraer nueces y fueron sorprendidos por la v\u00edctima.<br \/>\nLos antecedentes entregados a nuestro medio por el Teniente de Carabineros, \u00c1ngelo Acevedo, indican que a eso de las 02:00 horas de la madrugada de este mi\u00e9rcoles, el cuidador que se encontraba al interior de una caseta sinti\u00f3 ruidos en el predio, y al salir sorprendi\u00f3 a cuatro individuos que sacaban sacos de nueces desde el interior de una bodega y las arrojaban a un camino secundario. Ante esto, J.O.V intent\u00f3 repeler el robo generando la huida de los delincuentes, sin embargo, uno de ellos extrajo un arma y le dispar\u00f3 a mansalva, hiri\u00e9ndolo en su pierna izquierda.<br \/>\nEl oficial policial agreg\u00f3 que los sujetos huyeron del lugar mientras que la v\u00edctima logr\u00f3 pedir ayuda y posteriormente fue trasladado al Servicio de Urgencia del Hospital San Antonio, desde donde fue derivado al Hospital San Camilo de San Felipe, en el cual fue intervenido quir\u00fargicamente. J.O.V permanece internado en el establecimiento de salud sanfelipe\u00f1o y fuera de riesgo vital.<br \/>\nLas diligencias efectuadas por Carabineros a\u00fan no han podido dar con el paradero de los delincuentes, que presumiblemente se movilizaban en dos veh\u00edculos.<br \/>\n<strong>Patricio Gallardo M.<\/strong><\/p>\n<figure id=\"attachment_69194\" aria-describedby=\"caption-attachment-69194\" style=\"width: 530px\" class=\"wp-caption alignleft\"><a href=\"http:\/\/www.eltrabajo.cl\/portal\/delincuentes-dispararon-a-cuidador-cuando-intentaban-robar-nueces\/terreno-robo-nueces\/\" rel=\"attachment wp-att-69194\"><img data-recalc-dims=\"1\" loading=\"lazy\" decoding=\"async\" class=\"size-full wp-image-69194\" src=\"https:\/\/i0.wp.com\/www.eltrabajo.cl\/portal\/wp-content\/uploads\/2016\/04\/Terreno-robo-nueces.jpg?resize=530%2C348\" alt=\"Este es lugar donde ocurri\u00f3 el robo y result\u00f3 herido el cuidador del sitio.\" width=\"530\" height=\"348\" srcset=\"https:\/\/i0.wp.com\/eltrabajo.cl\/portal\/wp-content\/uploads\/2016\/04\/Terreno-robo-nueces.jpg?w=530&amp;ssl=1 530w, https:\/\/i0.wp.com\/eltrabajo.cl\/portal\/wp-content\/uploads\/2016\/04\/Terreno-robo-nueces.jpg?resize=200%2C131&amp;ssl=1 200w, https:\/\/i0.wp.com\/eltrabajo.cl\/portal\/wp-content\/uploads\/2016\/04\/Terreno-robo-nueces.jpg?resize=300%2C197&amp;ssl=1 300w, https:\/\/i0.wp.com\/eltrabajo.cl\/portal\/wp-content\/uploads\/2016\/04\/Terreno-robo-nueces.jpg?resize=228%2C150&amp;ssl=1 228w, https:\/\/i0.wp.com\/eltrabajo.cl\/portal\/wp-content\/uploads\/2016\/04\/Terreno-robo-nueces.jpg?resize=400%2C263&amp;ssl=1 400w\" sizes=\"auto, (max-width: 530px) 100vw, 530px\" \/><\/a><figcaption id=\"caption-attachment-69194\" class=\"wp-caption-text\">Este es lugar donde ocurri\u00f3 el robo y result\u00f3 herido el cuidador del sitio.<\/figcaption><\/figure>\n","protected":false},"excerpt":{"rendered":"<p>PUTAENDO.- Un hombre de 37 a\u00f1os de edad, identificado con las iniciales J.O.V que se desempe\u00f1aba como cuidador de un terreno agr\u00edcola en Lo Vicu\u00f1a, result\u00f3 gravemente herido luego que delincuentes le&#8230;<\/p>\n","protected":false},"author":1,"featured_media":69194,"comment_status":"open","ping_status":"open","sticky":false,"template":"","format":"standard","meta":{"advanced_seo_description":"","jetpack_seo_html_title":"","jetpack_seo_noindex":false,"_jetpack_memberships_contains_paid_content":false,"footnotes":""},"categories":[21],"tags":[],"class_list":["post-69193","post","type-post","status-publish","format-standard","has-post-thumbnail","hentry","category-policial"],"jetpack_featured_media_url":"https:\/\/i0.wp.com\/eltrabajo.cl\/portal\/wp-content\/uploads\/2016\/04\/Terreno-robo-nueces.jpg?fit=530%2C348&ssl=1","jetpack_sharing_enabled":true,"jetpack_likes_enabled":true,"jetpack-related-posts":[],"_links":{"self":[{"href":"https:\/\/eltrabajo.cl\/portal\/wp-json\/wp\/v2\/posts\/69193","targetHints":{"allow":["GET"]}}],"collection":[{"href":"https:\/\/eltrabajo.cl\/portal\/wp-json\/wp\/v2\/posts"}],"about":[{"href":"https:\/\/eltrabajo.cl\/portal\/wp-json\/wp\/v2\/types\/post"}],"author":[{"embeddable":true,"href":"https:\/\/eltrabajo.cl\/portal\/wp-json\/wp\/v2\/users\/1"}],"replies":[{"embeddable":true,"href":"https:\/\/eltrabajo.cl\/portal\/wp-json\/wp\/v2\/comments?post=69193"}],"version-history":[{"count":0,"href":"https:\/\/eltrabajo.cl\/portal\/wp-json\/wp\/v2\/posts\/69193\/revisions"}],"wp:featuredmedia":[{"embeddable":true,"href":"https:\/\/eltrabajo.cl\/portal\/wp-json\/wp\/v2\/media\/69194"}],"wp:attachment":[{"href":"https:\/\/eltrabajo.cl\/portal\/wp-json\/wp\/v2\/media?parent=69193"}],"wp:term":[{"taxonomy":"category","embeddable":true,"href":"https:\/\/eltrabajo.cl\/portal\/wp-json\/wp\/v2\/categories?post=69193"},{"taxonomy":"post_tag","embeddable":true,"href":"https:\/\/eltrabajo.cl\/portal\/wp-json\/wp\/v2\/tags?post=69193"}],"curies":[{"name":"wp","href":"https:\/\/api.w.org\/{rel}","templated":true}]}}