{"id":69197,"date":"2016-04-28T09:06:27","date_gmt":"2016-04-28T12:06:27","guid":{"rendered":"http:\/\/www.eltrabajo.cl\/portal\/?p=69197"},"modified":"2016-04-28T09:06:28","modified_gmt":"2016-04-28T12:06:28","slug":"coqueta-jovencita-quiere-ser-la-reina-de-la-escuela-agricola","status":"publish","type":"post","link":"https:\/\/eltrabajo.cl\/portal\/coqueta-jovencita-quiere-ser-la-reina-de-la-escuela-agricola\/","title":{"rendered":"Coqueta jovencita quiere ser la Reina de la Escuela Agr\u00edcola"},"content":{"rendered":"<p>Esta coqueta damita podr\u00eda hoy ser coronada como Reina de la Escuela Agr\u00edcola de San Felipe 2016, ya que es una de las tres bellas y juveniles candidatas a este certamen estudiantil. Se llama Marianela Le\u00f3n Rozas, tiene 17 a\u00f1os; es signo C\u00e1ncer; adora el color verde; le encanta la m\u00fasica electr\u00f3nica y el Rap; dice que est\u00e1 enamorada del actor estadounidense Tom Cruise y asegura no tener pololo.<br \/>\nCon esas referencias y entregando gran simpat\u00eda, Marianela nos indica que \u00abllevo gran ventaja sobre las otras candidatas, s\u00e9 que puedo ganar este concurso e invito a todos mis cursos a darme \u00e1nimo este jueves\u00bb.<\/p>\n<figure id=\"attachment_69198\" aria-describedby=\"caption-attachment-69198\" style=\"width: 530px\" class=\"wp-caption alignleft\"><a href=\"http:\/\/www.eltrabajo.cl\/portal\/coqueta-jovencita-quiere-ser-la-reina-de-la-escuela-agricola\/marianela-leon\/\" rel=\"attachment wp-att-69198\"><img data-recalc-dims=\"1\" loading=\"lazy\" decoding=\"async\" class=\"size-full wp-image-69198\" src=\"https:\/\/i0.wp.com\/www.eltrabajo.cl\/portal\/wp-content\/uploads\/2016\/04\/Marianela-Leon.jpg?resize=530%2C350\" alt=\"Marianela Le\u00f3n, bella estudiante de la Escuela Agr\u00edcola en pos de la Corona 2016. Ella es de Villa Alemana, pero est\u00e1 como Interna en la Agr\u00edcola.\" width=\"530\" height=\"350\" srcset=\"https:\/\/i0.wp.com\/eltrabajo.cl\/portal\/wp-content\/uploads\/2016\/04\/Marianela-Leon.jpg?w=530&amp;ssl=1 530w, https:\/\/i0.wp.com\/eltrabajo.cl\/portal\/wp-content\/uploads\/2016\/04\/Marianela-Leon.jpg?resize=200%2C132&amp;ssl=1 200w, https:\/\/i0.wp.com\/eltrabajo.cl\/portal\/wp-content\/uploads\/2016\/04\/Marianela-Leon.jpg?resize=300%2C198&amp;ssl=1 300w, https:\/\/i0.wp.com\/eltrabajo.cl\/portal\/wp-content\/uploads\/2016\/04\/Marianela-Leon.jpg?resize=227%2C150&amp;ssl=1 227w, https:\/\/i0.wp.com\/eltrabajo.cl\/portal\/wp-content\/uploads\/2016\/04\/Marianela-Leon.jpg?resize=400%2C264&amp;ssl=1 400w\" sizes=\"auto, (max-width: 530px) 100vw, 530px\" \/><\/a><figcaption id=\"caption-attachment-69198\" class=\"wp-caption-text\">Marianela Le\u00f3n, bella estudiante de la Escuela Agr\u00edcola en pos de la Corona 2016. Ella es de Villa Alemana, pero est\u00e1 como Interna en la Agr\u00edcola.<\/figcaption><\/figure>\n","protected":false},"excerpt":{"rendered":"<p>Esta coqueta damita podr\u00eda hoy ser coronada como Reina de la Escuela Agr\u00edcola de San Felipe 2016, ya que es una de las tres bellas y juveniles candidatas a este certamen estudiantil&#8230;.<\/p>\n","protected":false},"author":1,"featured_media":69198,"comment_status":"open","ping_status":"open","sticky":false,"template":"","format":"standard","meta":{"advanced_seo_description":"","jetpack_seo_html_title":"","jetpack_seo_noindex":false,"_jetpack_memberships_contains_paid_content":false,"footnotes":""},"categories":[15],"tags":[],"class_list":["post-69197","post","type-post","status-publish","format-standard","has-post-thumbnail","hentry","category-comunidad"],"jetpack_featured_media_url":"https:\/\/i0.wp.com\/eltrabajo.cl\/portal\/wp-content\/uploads\/2016\/04\/Marianela-Leon.jpg?fit=530%2C350&ssl=1","jetpack_sharing_enabled":true,"jetpack_likes_enabled":true,"jetpack-related-posts":[],"_links":{"self":[{"href":"https:\/\/eltrabajo.cl\/portal\/wp-json\/wp\/v2\/posts\/69197","targetHints":{"allow":["GET"]}}],"collection":[{"href":"https:\/\/eltrabajo.cl\/portal\/wp-json\/wp\/v2\/posts"}],"about":[{"href":"https:\/\/eltrabajo.cl\/portal\/wp-json\/wp\/v2\/types\/post"}],"author":[{"embeddable":true,"href":"https:\/\/eltrabajo.cl\/portal\/wp-json\/wp\/v2\/users\/1"}],"replies":[{"embeddable":true,"href":"https:\/\/eltrabajo.cl\/portal\/wp-json\/wp\/v2\/comments?post=69197"}],"version-history":[{"count":0,"href":"https:\/\/eltrabajo.cl\/portal\/wp-json\/wp\/v2\/posts\/69197\/revisions"}],"wp:featuredmedia":[{"embeddable":true,"href":"https:\/\/eltrabajo.cl\/portal\/wp-json\/wp\/v2\/media\/69198"}],"wp:attachment":[{"href":"https:\/\/eltrabajo.cl\/portal\/wp-json\/wp\/v2\/media?parent=69197"}],"wp:term":[{"taxonomy":"category","embeddable":true,"href":"https:\/\/eltrabajo.cl\/portal\/wp-json\/wp\/v2\/categories?post=69197"},{"taxonomy":"post_tag","embeddable":true,"href":"https:\/\/eltrabajo.cl\/portal\/wp-json\/wp\/v2\/tags?post=69197"}],"curies":[{"name":"wp","href":"https:\/\/api.w.org\/{rel}","templated":true}]}}