{"id":69204,"date":"2016-04-28T09:09:45","date_gmt":"2016-04-28T12:09:45","guid":{"rendered":"http:\/\/www.eltrabajo.cl\/portal\/?p=69204"},"modified":"2016-04-28T09:09:45","modified_gmt":"2016-04-28T12:09:45","slug":"en-teatro-municipal-conmemoraran-seis-anos-de-la-muerte-de-carlos-ruiz-zaldivar","status":"publish","type":"post","link":"https:\/\/eltrabajo.cl\/portal\/en-teatro-municipal-conmemoraran-seis-anos-de-la-muerte-de-carlos-ruiz-zaldivar\/","title":{"rendered":"En Teatro Municipal conmemorar\u00e1n seis a\u00f1os de la muerte de Carlos Ruiz Zald\u00edvar"},"content":{"rendered":"<p><strong>Ser\u00e1 una velada de tango, literatura, pintura y recuerdos de la figura de este gran y multifac\u00e9tico artista que dej\u00f3 de existir el 20 de abril de 2010.<\/strong><\/p>\n<p>Para las 19.30 horas de este martes est\u00e1 contemplada la realizaci\u00f3n de un homenaje art\u00edstico a Carlos Ruiz Zald\u00edvar, con motivo de la conmemoraci\u00f3n de los seis a\u00f1os de la muerte de este connotado periodista, escritor, cantor de tangos, pintor y profesor, amante del Valle de Aconcagua y particularmente de San Felipe.<br \/>\nLa informaci\u00f3n la dio a conocer Patricia Lolas, del departamento de Cultura de la municipalidad, quien se\u00f1al\u00f3 que la actividad partir\u00e1 con una exposici\u00f3n de algunas de las pinturas de Ruiz Zald\u00edvar, as\u00ed como de sus libros, que se realizar\u00e1 en el hall del Teatro Municipal, para luego presentarse un espect\u00e1culo de tango, recordando as\u00ed al Grupo T\u00edpico Amanecer, que cultivaba este estilo musical y del cual form\u00f3 parte este talentoso artista, bajo el nombre de \u2018Carloncho\u2019.<br \/>\nSeg\u00fan dijo, \u201cen la sala del teatro habr\u00e1 primero una peque\u00f1a lectura de sus libros y tambi\u00e9n una presentaci\u00f3n de tango, donde participar\u00e1 tocando el bandone\u00f3n Ricardo Ruiz Lolas, hijo de Ruiz Zald\u00edvar, quien tambi\u00e9n lo acompa\u00f1aba en la agrupaci\u00f3n musical que por mucho tiempo cautiv\u00f3 con su m\u00fasica e interpretaciones al p\u00fablico de Aconcagua y el pa\u00eds\u201d.<br \/>\nPatricia Lolas formul\u00f3 una invitaci\u00f3n al p\u00fablico para que asista este martes al homenaje que el departamento de Cultura de la Municipalidad de San Felipe est\u00e1 organizando, a expresa petici\u00f3n del Concejo Municipal, en homenaje a uno de los grandes artistas, de los m\u00e1s multifac\u00e9ticos que ha tenido la ciudad y que recordemos, dej\u00f3 de existir el 20 de abril del a\u00f1o 2010, a la edad de 84 a\u00f1os.<\/p>\n<figure id=\"attachment_69205\" aria-describedby=\"caption-attachment-69205\" style=\"width: 530px\" class=\"wp-caption alignleft\"><a href=\"http:\/\/www.eltrabajo.cl\/portal\/en-teatro-municipal-conmemoraran-seis-anos-de-la-muerte-de-carlos-ruiz-zaldivar\/carlos-ruiz-zaldivar-2\/\" rel=\"attachment wp-att-69205\"><img data-recalc-dims=\"1\" loading=\"lazy\" decoding=\"async\" class=\"size-full wp-image-69205\" src=\"https:\/\/i0.wp.com\/www.eltrabajo.cl\/portal\/wp-content\/uploads\/2016\/04\/Carlos-Ruiz-Zaldivar.jpg?resize=530%2C350\" alt=\"Con diversas actividades art\u00edsticas se conmemorar\u00e1 este martes el fallecimiento de Carlos Ru\u00edz Zald\u00edvar en el Teatro Municipal. \" width=\"530\" height=\"350\" srcset=\"https:\/\/i0.wp.com\/eltrabajo.cl\/portal\/wp-content\/uploads\/2016\/04\/Carlos-Ruiz-Zaldivar.jpg?w=530&amp;ssl=1 530w, https:\/\/i0.wp.com\/eltrabajo.cl\/portal\/wp-content\/uploads\/2016\/04\/Carlos-Ruiz-Zaldivar.jpg?resize=200%2C132&amp;ssl=1 200w, https:\/\/i0.wp.com\/eltrabajo.cl\/portal\/wp-content\/uploads\/2016\/04\/Carlos-Ruiz-Zaldivar.jpg?resize=300%2C198&amp;ssl=1 300w, https:\/\/i0.wp.com\/eltrabajo.cl\/portal\/wp-content\/uploads\/2016\/04\/Carlos-Ruiz-Zaldivar.jpg?resize=227%2C150&amp;ssl=1 227w, https:\/\/i0.wp.com\/eltrabajo.cl\/portal\/wp-content\/uploads\/2016\/04\/Carlos-Ruiz-Zaldivar.jpg?resize=400%2C264&amp;ssl=1 400w\" sizes=\"auto, (max-width: 530px) 100vw, 530px\" \/><\/a><figcaption id=\"caption-attachment-69205\" class=\"wp-caption-text\">Con diversas actividades art\u00edsticas se conmemorar\u00e1 este martes el fallecimiento de Carlos Ru\u00edz Zald\u00edvar en el Teatro Municipal.<\/figcaption><\/figure>\n","protected":false},"excerpt":{"rendered":"<p>Ser\u00e1 una velada de tango, literatura, pintura y recuerdos de la figura de este gran y multifac\u00e9tico artista que dej\u00f3 de existir el 20 de abril de 2010. Para las 19.30 horas&#8230;<\/p>\n","protected":false},"author":1,"featured_media":69205,"comment_status":"open","ping_status":"open","sticky":false,"template":"","format":"standard","meta":{"advanced_seo_description":"","jetpack_seo_html_title":"","jetpack_seo_noindex":false,"_jetpack_memberships_contains_paid_content":false,"footnotes":""},"categories":[15],"tags":[],"class_list":["post-69204","post","type-post","status-publish","format-standard","has-post-thumbnail","hentry","category-comunidad"],"jetpack_featured_media_url":"https:\/\/i0.wp.com\/eltrabajo.cl\/portal\/wp-content\/uploads\/2016\/04\/Carlos-Ruiz-Zaldivar.jpg?fit=530%2C350&ssl=1","jetpack_sharing_enabled":true,"jetpack_likes_enabled":true,"jetpack-related-posts":[],"_links":{"self":[{"href":"https:\/\/eltrabajo.cl\/portal\/wp-json\/wp\/v2\/posts\/69204","targetHints":{"allow":["GET"]}}],"collection":[{"href":"https:\/\/eltrabajo.cl\/portal\/wp-json\/wp\/v2\/posts"}],"about":[{"href":"https:\/\/eltrabajo.cl\/portal\/wp-json\/wp\/v2\/types\/post"}],"author":[{"embeddable":true,"href":"https:\/\/eltrabajo.cl\/portal\/wp-json\/wp\/v2\/users\/1"}],"replies":[{"embeddable":true,"href":"https:\/\/eltrabajo.cl\/portal\/wp-json\/wp\/v2\/comments?post=69204"}],"version-history":[{"count":0,"href":"https:\/\/eltrabajo.cl\/portal\/wp-json\/wp\/v2\/posts\/69204\/revisions"}],"wp:featuredmedia":[{"embeddable":true,"href":"https:\/\/eltrabajo.cl\/portal\/wp-json\/wp\/v2\/media\/69205"}],"wp:attachment":[{"href":"https:\/\/eltrabajo.cl\/portal\/wp-json\/wp\/v2\/media?parent=69204"}],"wp:term":[{"taxonomy":"category","embeddable":true,"href":"https:\/\/eltrabajo.cl\/portal\/wp-json\/wp\/v2\/categories?post=69204"},{"taxonomy":"post_tag","embeddable":true,"href":"https:\/\/eltrabajo.cl\/portal\/wp-json\/wp\/v2\/tags?post=69204"}],"curies":[{"name":"wp","href":"https:\/\/api.w.org\/{rel}","templated":true}]}}