{"id":69208,"date":"2016-04-28T09:13:39","date_gmt":"2016-04-28T12:13:39","guid":{"rendered":"http:\/\/www.eltrabajo.cl\/portal\/?p=69208"},"modified":"2016-04-28T09:13:39","modified_gmt":"2016-04-28T12:13:39","slug":"gerente-general-de-andina-regresa-a-sus-funciones-eximido-por-investigacion","status":"publish","type":"post","link":"https:\/\/eltrabajo.cl\/portal\/gerente-general-de-andina-regresa-a-sus-funciones-eximido-por-investigacion\/","title":{"rendered":"Gerente general de Andina regresa a sus funciones eximido por investigaci\u00f3n"},"content":{"rendered":"<figure id=\"attachment_69209\" aria-describedby=\"caption-attachment-69209\" style=\"width: 300px\" class=\"wp-caption alignleft\"><a href=\"http:\/\/www.eltrabajo.cl\/portal\/gerente-general-de-andina-regresa-a-sus-funciones-eximido-por-investigacion\/ricardo-palma-contesse\/\" rel=\"attachment wp-att-69209\"><img data-recalc-dims=\"1\" loading=\"lazy\" decoding=\"async\" class=\"size-medium wp-image-69209\" src=\"https:\/\/i0.wp.com\/www.eltrabajo.cl\/portal\/wp-content\/uploads\/2016\/04\/ricardo-palma-contesse-300x198.jpg?resize=300%2C198\" alt=\"Como resultado de la investigaci\u00f3n que la instituci\u00f3n llev\u00f3 a cabo, el Gerente General de Andina, Ricardo Palma Contesse, retomar\u00e1 sus funciones en la cupr\u00edfera. \" width=\"300\" height=\"198\" srcset=\"https:\/\/i0.wp.com\/eltrabajo.cl\/portal\/wp-content\/uploads\/2016\/04\/ricardo-palma-contesse.jpg?resize=300%2C198&amp;ssl=1 300w, https:\/\/i0.wp.com\/eltrabajo.cl\/portal\/wp-content\/uploads\/2016\/04\/ricardo-palma-contesse.jpg?resize=200%2C132&amp;ssl=1 200w, https:\/\/i0.wp.com\/eltrabajo.cl\/portal\/wp-content\/uploads\/2016\/04\/ricardo-palma-contesse.jpg?resize=228%2C150&amp;ssl=1 228w, https:\/\/i0.wp.com\/eltrabajo.cl\/portal\/wp-content\/uploads\/2016\/04\/ricardo-palma-contesse.jpg?resize=400%2C263&amp;ssl=1 400w, https:\/\/i0.wp.com\/eltrabajo.cl\/portal\/wp-content\/uploads\/2016\/04\/ricardo-palma-contesse.jpg?w=530&amp;ssl=1 530w\" sizes=\"auto, (max-width: 300px) 100vw, 300px\" \/><\/a><figcaption id=\"caption-attachment-69209\" class=\"wp-caption-text\">Como resultado de la investigaci\u00f3n que la instituci\u00f3n llev\u00f3 a cabo, el Gerente General de Andina, Ricardo Palma Contesse, retomar\u00e1 sus funciones en la cupr\u00edfera.<\/figcaption><\/figure>\n<p><strong>LOS ANDES.-<\/strong> A trav\u00e9s de un comunicado, Codelco Andina dio a conocer el primer informe tras el derrame de relaves ocurrido la semana pasada.<br \/>\n\u201cCumpliendo con su compromiso de informar de forma transparente los avances en el saneamiento de la zona afectada, as\u00ed como los resultados de la investigaci\u00f3n interna relativa al derrame de relave ocurrido en Divisi\u00f3n Andina la semana pasada, la Corporaci\u00f3n informa lo siguiente:<br \/>\n1. En relaci\u00f3n a las medidas de saneamiento, \u00e9stas han avanzado de manera importante, priorizando el sector ubicado fuera del predio de Codelco. En estas labores est\u00e1n trabajado 120 personas. La Facultad de Ciencias Agron\u00f3micas de la Universidad de Chile certificar\u00e1 la correcta limpieza del suelo.<br \/>\n2. En cuanto a la calidad del agua, el Centro Nacional del Medio Ambiente de la Universidad de Chile contin\u00faa desarrollando un programa de monitoreo. Hasta el momento, los resultados de PH y conductividad se encuentran dentro de los rangos normales en los esteros Chacabuco y El Cobre.<br \/>\n3. La empresa ha mantenido contacto permanente con el Comit\u00e9 Operativo de Emergencias, liderado por la Gobernadora de Chacabuco e integrado por los diversos organismos p\u00fablicos con competencia ambiental, entregando de manera transparente toda la informaci\u00f3n acerca de la gesti\u00f3n del incidente y los avances en su control. Personal de la divisi\u00f3n ha atendido permanentemente las inquietudes de las comunidades del sector.<br \/>\n4. Divisi\u00f3n Andina ha facilitado la labor fiscalizadora de la Superintendencia de Medio Ambiente, Sernageomin, Seremi de Salud, Direcci\u00f3n General de Aguas, Servicio Agr\u00edcola y Ganadero, Sernapesca, Municipalidad de Colina, Gobernaci\u00f3n de Chacabuco y la PDI.<br \/>\n5. En relaci\u00f3n a la investigaci\u00f3n interna, destinada a aclarar las circunstancias del incidente operacional, se informa que \u00e9sta ya concluy\u00f3 en su primera etapa. La investigaci\u00f3n establece que:<br \/>\n\u2022 El viernes 15 de abril, ante la proximidad del frente de mal tiempo, la gerencia general dispuso -como medida preventiva- disminuir la producci\u00f3n y suspender el env\u00edo de relaves al tranque Ovejer\u00eda, desviando el flujo al tranque Los Leones.<br \/>\n\u2022 El domingo 17 abril se realizaron pruebas con agua para revisar la integridad de la canaleta. Sin embargo, el personal que realiz\u00f3 las pruebas no verific\u00f3 la informaci\u00f3n instrumental que indicaba un desperfecto en ella.<br \/>\n\u2022 El lunes 18 de abril, por razones que est\u00e1n siendo investigadas, se enviaron relaves al tranque Ovejer\u00eda durante 35 minutos. Esta medida fue adoptada sin considerar la informaci\u00f3n instrumental que indicaba el desperfecto ya se\u00f1alado, contraviniendo las instrucciones de la gerencia general, y sin consultar ni informar al gerente general.<br \/>\n\u2022 El martes 19 de abril, una vez concluido el frente de mal tiempo, personal de la divisi\u00f3n accedi\u00f3 al lugar e identific\u00f3 un alud en la quebrada El Cobre, que da\u00f1\u00f3 la canaleta en un tramo de 30 metros, lo que provoc\u00f3 el derrame. Adicionalmente, se entreg\u00f3 un primer reporte a la autoridad correspondiente con la informaci\u00f3n disponible hasta ese momento.<br \/>\nLa investigaci\u00f3n concluy\u00f3 que el gerente general de la divisi\u00f3n adopt\u00f3 las acciones preventivas correctas, pero que sus instrucciones, por razones a\u00fan no aclaradas, no fueron acatadas. Adem\u00e1s, la misma investigaci\u00f3n identific\u00f3 responsabilidades en la l\u00ednea de mando, las que una vez que sean completamente determinadas, ser\u00e1n sancionadas de acuerdo a la gravedad que revisten y ser\u00e1n informadas directamente a los afectados.<br \/>\nComo consecuencia de lo anterior, Codelco ha solicitado al gerente general retomar sus funciones.\u201d<\/p>\n<figure id=\"attachment_67229\" aria-describedby=\"caption-attachment-67229\" style=\"width: 530px\" class=\"wp-caption alignleft\"><a href=\"http:\/\/www.eltrabajo.cl\/portal\/multas-de-hasta-mil-utm-podria-recibir-codelco-por-derrame-de-concentrado\/este-es-el-sector-del-puente-en-rio-blanco-donde-se-produjo-la-rotura-de-tuberia-que-provoco-el-derrame-de-concentrado\/\" rel=\"attachment wp-att-67229\"><img data-recalc-dims=\"1\" loading=\"lazy\" decoding=\"async\" class=\"wp-image-67229 size-full\" src=\"https:\/\/i0.wp.com\/www.eltrabajo.cl\/portal\/wp-content\/uploads\/2016\/02\/Este-es-el-sector-del-puente-en-Rio-Blanco-donde-se-produjo-la-rotura-de-tuberia-que-provoco-el-derrame-de-concentrado.jpg?resize=530%2C350\" alt=\"Este es el sector del puente en R\u00edo Blanco donde se produjo la rotura de tuber\u00eda que provoc\u00f3 el derrame de concentrado que se aprecia en la imagen.\" width=\"530\" height=\"350\" srcset=\"https:\/\/i0.wp.com\/eltrabajo.cl\/portal\/wp-content\/uploads\/2016\/02\/Este-es-el-sector-del-puente-en-Rio-Blanco-donde-se-produjo-la-rotura-de-tuberia-que-provoco-el-derrame-de-concentrado.jpg?w=530&amp;ssl=1 530w, https:\/\/i0.wp.com\/eltrabajo.cl\/portal\/wp-content\/uploads\/2016\/02\/Este-es-el-sector-del-puente-en-Rio-Blanco-donde-se-produjo-la-rotura-de-tuberia-que-provoco-el-derrame-de-concentrado.jpg?resize=200%2C132&amp;ssl=1 200w, https:\/\/i0.wp.com\/eltrabajo.cl\/portal\/wp-content\/uploads\/2016\/02\/Este-es-el-sector-del-puente-en-Rio-Blanco-donde-se-produjo-la-rotura-de-tuberia-que-provoco-el-derrame-de-concentrado.jpg?resize=300%2C198&amp;ssl=1 300w, https:\/\/i0.wp.com\/eltrabajo.cl\/portal\/wp-content\/uploads\/2016\/02\/Este-es-el-sector-del-puente-en-Rio-Blanco-donde-se-produjo-la-rotura-de-tuberia-que-provoco-el-derrame-de-concentrado.jpg?resize=227%2C150&amp;ssl=1 227w, https:\/\/i0.wp.com\/eltrabajo.cl\/portal\/wp-content\/uploads\/2016\/02\/Este-es-el-sector-del-puente-en-Rio-Blanco-donde-se-produjo-la-rotura-de-tuberia-que-provoco-el-derrame-de-concentrado.jpg?resize=400%2C264&amp;ssl=1 400w\" sizes=\"auto, (max-width: 530px) 100vw, 530px\" \/><\/a><figcaption id=\"caption-attachment-67229\" class=\"wp-caption-text\">Este es el sector del puente en R\u00edo Blanco donde se produjo la rotura de tuber\u00eda que provoc\u00f3 el derrame de concentrado que se aprecia en la imagen.<\/figcaption><\/figure>\n","protected":false},"excerpt":{"rendered":"<p>LOS ANDES.- A trav\u00e9s de un comunicado, Codelco Andina dio a conocer el primer informe tras el derrame de relaves ocurrido la semana pasada. \u201cCumpliendo con su compromiso de informar de forma&#8230;<\/p>\n","protected":false},"author":1,"featured_media":67229,"comment_status":"open","ping_status":"open","sticky":false,"template":"","format":"standard","meta":{"advanced_seo_description":"","jetpack_seo_html_title":"","jetpack_seo_noindex":false,"_jetpack_memberships_contains_paid_content":false,"footnotes":""},"categories":[1],"tags":[],"class_list":["post-69208","post","type-post","status-publish","format-standard","has-post-thumbnail","hentry","category-cronica"],"jetpack_featured_media_url":"https:\/\/i0.wp.com\/eltrabajo.cl\/portal\/wp-content\/uploads\/2016\/02\/Este-es-el-sector-del-puente-en-Rio-Blanco-donde-se-produjo-la-rotura-de-tuberia-que-provoco-el-derrame-de-concentrado.jpg?fit=530%2C350&ssl=1","jetpack_sharing_enabled":true,"jetpack_likes_enabled":true,"jetpack-related-posts":[],"_links":{"self":[{"href":"https:\/\/eltrabajo.cl\/portal\/wp-json\/wp\/v2\/posts\/69208","targetHints":{"allow":["GET"]}}],"collection":[{"href":"https:\/\/eltrabajo.cl\/portal\/wp-json\/wp\/v2\/posts"}],"about":[{"href":"https:\/\/eltrabajo.cl\/portal\/wp-json\/wp\/v2\/types\/post"}],"author":[{"embeddable":true,"href":"https:\/\/eltrabajo.cl\/portal\/wp-json\/wp\/v2\/users\/1"}],"replies":[{"embeddable":true,"href":"https:\/\/eltrabajo.cl\/portal\/wp-json\/wp\/v2\/comments?post=69208"}],"version-history":[{"count":0,"href":"https:\/\/eltrabajo.cl\/portal\/wp-json\/wp\/v2\/posts\/69208\/revisions"}],"wp:featuredmedia":[{"embeddable":true,"href":"https:\/\/eltrabajo.cl\/portal\/wp-json\/wp\/v2\/media\/67229"}],"wp:attachment":[{"href":"https:\/\/eltrabajo.cl\/portal\/wp-json\/wp\/v2\/media?parent=69208"}],"wp:term":[{"taxonomy":"category","embeddable":true,"href":"https:\/\/eltrabajo.cl\/portal\/wp-json\/wp\/v2\/categories?post=69208"},{"taxonomy":"post_tag","embeddable":true,"href":"https:\/\/eltrabajo.cl\/portal\/wp-json\/wp\/v2\/tags?post=69208"}],"curies":[{"name":"wp","href":"https:\/\/api.w.org\/{rel}","templated":true}]}}