{"id":69212,"date":"2016-04-28T09:29:46","date_gmt":"2016-04-28T12:29:46","guid":{"rendered":"http:\/\/www.eltrabajo.cl\/portal\/?p=69212"},"modified":"2016-04-28T09:29:47","modified_gmt":"2016-04-28T12:29:47","slug":"condenan-a-pena-remitida-a-ex-jugador-de-la-uc-michael-rios-por-el-robo-de-camion-con-nueces","status":"publish","type":"post","link":"https:\/\/eltrabajo.cl\/portal\/condenan-a-pena-remitida-a-ex-jugador-de-la-uc-michael-rios-por-el-robo-de-camion-con-nueces\/","title":{"rendered":"Condenan a pena remitida a ex jugador de la UC Michael R\u00edos por el robo de cami\u00f3n con nueces"},"content":{"rendered":"<figure id=\"attachment_69213\" aria-describedby=\"caption-attachment-69213\" style=\"width: 300px\" class=\"wp-caption alignleft\"><a href=\"http:\/\/www.eltrabajo.cl\/portal\/condenan-a-pena-remitida-a-ex-jugador-de-la-uc-michael-rios-por-el-robo-de-camion-con-nueces\/michael-condenado2\/\" rel=\"attachment wp-att-69213\"><img data-recalc-dims=\"1\" loading=\"lazy\" decoding=\"async\" class=\"size-medium wp-image-69213\" src=\"https:\/\/i0.wp.com\/www.eltrabajo.cl\/portal\/wp-content\/uploads\/2016\/04\/michael-condenado2-300x197.jpg?resize=300%2C197\" alt=\"Los tres imputados fueron sentenciados a 300 d\u00edas de presidio menor en su grado m\u00ednimo por el delito de hurto simple y al pago de 11 UTM. \" width=\"300\" height=\"197\" srcset=\"https:\/\/i0.wp.com\/eltrabajo.cl\/portal\/wp-content\/uploads\/2016\/04\/michael-condenado2.jpg?resize=300%2C197&amp;ssl=1 300w, https:\/\/i0.wp.com\/eltrabajo.cl\/portal\/wp-content\/uploads\/2016\/04\/michael-condenado2.jpg?resize=200%2C131&amp;ssl=1 200w, https:\/\/i0.wp.com\/eltrabajo.cl\/portal\/wp-content\/uploads\/2016\/04\/michael-condenado2.jpg?resize=228%2C150&amp;ssl=1 228w, https:\/\/i0.wp.com\/eltrabajo.cl\/portal\/wp-content\/uploads\/2016\/04\/michael-condenado2.jpg?resize=400%2C263&amp;ssl=1 400w, https:\/\/i0.wp.com\/eltrabajo.cl\/portal\/wp-content\/uploads\/2016\/04\/michael-condenado2.jpg?w=530&amp;ssl=1 530w\" sizes=\"auto, (max-width: 300px) 100vw, 300px\" \/><\/a><figcaption id=\"caption-attachment-69213\" class=\"wp-caption-text\">Los tres imputados fueron sentenciados a 300 d\u00edas de presidio menor en su grado m\u00ednimo por el delito de hurto simple y al pago de 11 UTM.<\/figcaption><\/figure>\n<ul>\n<li><strong>En el tribunal de Garant\u00eda de Los Andes se llev\u00f3 a cabo el juicio abreviado en contra del futbolista que ahora milita en deportes Iquique.<\/strong><\/li>\n<\/ul>\n<p><strong>LOS ANDES.-<\/strong> A 300 d\u00edas de presidio, pero con el beneficio de la remisi\u00f3n condicional de la pena por no tener antecedentes penales, fue condenado en juicio simplificado el ex jugador de la Universidad Cat\u00f3lica y actualmente en Deportes Iquique Michael R\u00edos Ripoll, quien el 11 de mayo de 2015 fue detenido por el robo a un cami\u00f3n con nueces en el trayecto entre Calle Larga y Santiago.<br \/>\nComo se recordar\u00e1, el futbolista junto a un segundo imputado, \u00d3scar Hern\u00e1ndez Cofre y el chofer del cami\u00f3n, Samuel Ortega, se concertaron para apropiarse de un cargamento de 20 toneladas de nueces avaluadas en 68 millones pesos.<br \/>\nEse d\u00eda el cami\u00f3n sali\u00f3 desde el fundo El Castillo en la comuna de Calle Larga dirigi\u00e9ndose hasta una estaci\u00f3n de servicio en la localidad de Colina donde los esperaba Michael R\u00edos y Oscar Hern\u00e1ndez.<br \/>\nEn ese lugar coordinaron el traslado del cami\u00f3n hasta un parqueadero en la Regi\u00f3n Metropolitana donde qued\u00f3 la carga, mientras que el chofer con el semi remolque sali\u00f3 del lugar y denunci\u00f3 el supuesto robo.<br \/>\nEn el trayecto desde el servicentro hasta la bodega en Santiago el futbolista a bordo de su autom\u00f3vil Hyundai Elantra gui\u00f3 el cami\u00f3n.<br \/>\nPosteriormente el conductor del cami\u00f3n se present\u00f3 ante Carabineros denunciando un supuesto asalto y robo de la carga.<br \/>\nSin embargo, en virtud de una investigaci\u00f3n por narcotr\u00e1fico llevada adelante por la Brigada Antinarc\u00f3ticos Metropolitana y la Fiscal\u00eda de Los Andes donde estaban involucrados un Mayor y un Cabo de Carabineros, se pudo establecer que algunos de los integrantes de esta organizaci\u00f3n criminal hab\u00edan participado de este auto robo del cami\u00f3n, entre ellos el hasta entonces jugador de la Universidad Cat\u00f3lica Michael R\u00edos.<br \/>\nSi bien la carga nunca fue recuperada, los tres imputados pudieron ser llevados a juicio simplificado por su colaboraci\u00f3n sustancial con el esclarecimiento de los hechos y tal como lo explic\u00f3 el fiscal del caso Ricardo Reinoso, ninguno de los tres forman parte de la organizaci\u00f3n que es investigada por narcotr\u00e1fico y asociaci\u00f3n il\u00edcita.<br \/>\nDe esta manera, Michael R\u00edos, Oscar Hern\u00e1ndez y Samuel Ortega fueron sentenciados a 300 d\u00edas de presidio menor en su grado m\u00ednimo como autores del delito de hurto simple y al pago de una multa de 11 Unidades Tributarias.<br \/>\nPor su parte, el fiscal Reinoso manifest\u00f3 que contin\u00faan la investigaci\u00f3n por narcotr\u00e1fico en contra de los otros sujetos que participaron de este robo al cami\u00f3n de nueces.<\/p>\n","protected":false},"excerpt":{"rendered":"<p>En el tribunal de Garant\u00eda de Los Andes se llev\u00f3 a cabo el juicio abreviado en contra del futbolista que ahora milita en deportes Iquique. LOS ANDES.- A 300 d\u00edas de presidio,&#8230;<\/p>\n","protected":false},"author":1,"featured_media":69213,"comment_status":"open","ping_status":"open","sticky":false,"template":"","format":"standard","meta":{"advanced_seo_description":"","jetpack_seo_html_title":"","jetpack_seo_noindex":false,"_jetpack_memberships_contains_paid_content":false,"footnotes":""},"categories":[1],"tags":[],"class_list":["post-69212","post","type-post","status-publish","format-standard","has-post-thumbnail","hentry","category-cronica"],"jetpack_featured_media_url":"https:\/\/i0.wp.com\/eltrabajo.cl\/portal\/wp-content\/uploads\/2016\/04\/michael-condenado2.jpg?fit=530%2C348&ssl=1","jetpack_sharing_enabled":true,"jetpack_likes_enabled":true,"jetpack-related-posts":[],"_links":{"self":[{"href":"https:\/\/eltrabajo.cl\/portal\/wp-json\/wp\/v2\/posts\/69212","targetHints":{"allow":["GET"]}}],"collection":[{"href":"https:\/\/eltrabajo.cl\/portal\/wp-json\/wp\/v2\/posts"}],"about":[{"href":"https:\/\/eltrabajo.cl\/portal\/wp-json\/wp\/v2\/types\/post"}],"author":[{"embeddable":true,"href":"https:\/\/eltrabajo.cl\/portal\/wp-json\/wp\/v2\/users\/1"}],"replies":[{"embeddable":true,"href":"https:\/\/eltrabajo.cl\/portal\/wp-json\/wp\/v2\/comments?post=69212"}],"version-history":[{"count":0,"href":"https:\/\/eltrabajo.cl\/portal\/wp-json\/wp\/v2\/posts\/69212\/revisions"}],"wp:featuredmedia":[{"embeddable":true,"href":"https:\/\/eltrabajo.cl\/portal\/wp-json\/wp\/v2\/media\/69213"}],"wp:attachment":[{"href":"https:\/\/eltrabajo.cl\/portal\/wp-json\/wp\/v2\/media?parent=69212"}],"wp:term":[{"taxonomy":"category","embeddable":true,"href":"https:\/\/eltrabajo.cl\/portal\/wp-json\/wp\/v2\/categories?post=69212"},{"taxonomy":"post_tag","embeddable":true,"href":"https:\/\/eltrabajo.cl\/portal\/wp-json\/wp\/v2\/tags?post=69212"}],"curies":[{"name":"wp","href":"https:\/\/api.w.org\/{rel}","templated":true}]}}