{"id":69221,"date":"2016-04-28T09:37:49","date_gmt":"2016-04-28T12:37:49","guid":{"rendered":"http:\/\/www.eltrabajo.cl\/portal\/?p=69221"},"modified":"2016-04-28T09:37:49","modified_gmt":"2016-04-28T12:37:49","slug":"hoy-se-conmemorara-de-forma-simbolica-el-dia-del-trabajador-en-san-felipe","status":"publish","type":"post","link":"https:\/\/eltrabajo.cl\/portal\/hoy-se-conmemorara-de-forma-simbolica-el-dia-del-trabajador-en-san-felipe\/","title":{"rendered":"Hoy se conmemorar\u00e1 de forma simb\u00f3lica el D\u00eda del Trabajador en San Felipe"},"content":{"rendered":"<ul>\n<li><strong>Dirigentes locales aseguran que en esta oportunidad enarbolar\u00e1n la bandera de lucha en contra del sistema de pensiones y en favor de la eliminaci\u00f3n definitiva de las AFP.<\/strong><\/li>\n<\/ul>\n<p>El cantautor nacional Eduardo Gatti y la agrupaci\u00f3n musical local De Ron a Ritmo, ser\u00e1n los encargados de amenizar la celebraci\u00f3n del D\u00eda Internacional del Trabajador, que en San Felipe se va a desarrollar de manera simb\u00f3lica, hoy jueves a las 18 horas en el Teatro Municipal.<br \/>\nLa conmemoraci\u00f3n del movimiento obrero mundial, es una jornada que se ha utilizado habitualmente para realizar diferentes reivindicaciones sociales y laborales a favor de las clases trabajadoras. En San Felipe participar\u00e1n dirigentes laborales del Sector P\u00fablico, la Fenats(Federaci\u00f3n Nacional de Trabajadores de la Salud) y la CUT (Central Unitaria de Trabajadores), y se espera que en la cita se planteen temas atingentes como lo son la reforma laboral, el derecho a la salud p\u00fablica, la reforma educacional y las reformas previsionales.<br \/>\nSeg\u00fan Casandra Gonz\u00e1lez Hidalgo, presidenta de la Federaci\u00f3n Nacional de Trabajadores de la Salud, Fenats Aconcagua, m\u00e1s que una celebraci\u00f3n, \u00e9sta es una oportunidad para manifestar con fuerza el rechazo total al sistema de AFP y tambi\u00e9n el momento de decir basta a la corrupci\u00f3n de pol\u00edticos y empresarios.<br \/>\nRespecto del sistema previsional, Gonz\u00e1lez asegur\u00f3 que \u201choy en d\u00eda las personas que est\u00e1n siendo pensionadas muestran la cruda realidad que tienen porque con el dinero que reciben no les alcanza para vivir, porque es una realidad que impacta, el estar ganando un sueldo completo y despu\u00e9s recibir s\u00f3lo un 30 % de lo que percib\u00eda siendo activo, es realmente brutal\u201d, destac\u00f3.<br \/>\nDel mismo modo, la dirigente hizo \u00e9nfasis en que esta lucha necesita la uni\u00f3n total de la clase trabajadora, por lo cual han estado organizando reuniones con otros actores del sector p\u00fablico, con el fin de poner t\u00e9rmino al financiamiento que reciben los empresarios con dinero de los mismos trabajadores.<br \/>\nAnte este escenario, Gonz\u00e1lez asegur\u00f3 que la propuesta que realizan para implementar un nuevo sistema de pensiones \u201ces el de reparto solidario en donde tambi\u00e9n aporte el empleador. No nos sirve una AFP estatal, no nos conviene que se aumente la edad para jubilar, ni tampoco que se aumenten las tasas de imposici\u00f3n\u201d, sentenci\u00f3.<br \/>\nMar\u00eda Cuellar Zamora, Presidente ProvinciaL de la CUT San Felipe, hizo un llamado a que todos los asalariados del valle se puedan sumar a esta actividad ya que \u201clas tem\u00e1ticas que abordaremos tienen que ver con todas las demandas que tenemos como trabajadores\u201d, enfatiz\u00f3, a\u00f1adiendo que \u201ctenemos un gran desaf\u00edo decir \u2018No m\u00e1s AFP\u2019, queremos una nueva previsi\u00f3n para Chile, tomando en cuenta el fracaso que son las AFP en el pa\u00eds, por lo tanto nosotros como CUT tomamos esta bandera de lucha importante, lo mismo que la salud, educaci\u00f3n y los cambios en la nueva constituci\u00f3n\u201d, concluy\u00f3.<br \/>\nCabe mencionar que los dirigentes aconcag\u00fcinos, adelantan la conmemoraci\u00f3n del D\u00eda Internacional del Trabajador, debido a que el domingo 1 de Mayo se adhieren a la marcha central que se desarrolla en Santiago.<\/p>\n<figure id=\"attachment_69222\" aria-describedby=\"caption-attachment-69222\" style=\"width: 530px\" class=\"wp-caption alignleft\"><a href=\"http:\/\/www.eltrabajo.cl\/portal\/hoy-se-conmemorara-de-forma-simbolica-el-dia-del-trabajador-en-san-felipe\/foto-2-dirigentes-del-sector-publico-y-privado-conmemoraran-el-dia-del-trabajador\/\" rel=\"attachment wp-att-69222\"><img data-recalc-dims=\"1\" loading=\"lazy\" decoding=\"async\" class=\"wp-image-69222 size-full\" src=\"https:\/\/i0.wp.com\/www.eltrabajo.cl\/portal\/wp-content\/uploads\/2016\/04\/FOTO-2-Dirigentes-del-sector-publico-y-privado-conmemoraran-el-d%C3%ADa-del-trabajador.jpg?resize=530%2C350\" alt=\"Dirigentes del sector p\u00fablico y privado conmemorar\u00e1n el d\u00eda del trabajador, aprovechando la ocasi\u00f3n para expresar su posici\u00f3n respecto de la reforma laboral, el sistema de salud, la educaci\u00f3n y la corrupci\u00f3n de empresarios y pol\u00edticos\" width=\"530\" height=\"350\" srcset=\"https:\/\/i0.wp.com\/eltrabajo.cl\/portal\/wp-content\/uploads\/2016\/04\/FOTO-2-Dirigentes-del-sector-publico-y-privado-conmemoraran-el-d%C3%ADa-del-trabajador.jpg?w=530&amp;ssl=1 530w, https:\/\/i0.wp.com\/eltrabajo.cl\/portal\/wp-content\/uploads\/2016\/04\/FOTO-2-Dirigentes-del-sector-publico-y-privado-conmemoraran-el-d%C3%ADa-del-trabajador.jpg?resize=200%2C132&amp;ssl=1 200w, https:\/\/i0.wp.com\/eltrabajo.cl\/portal\/wp-content\/uploads\/2016\/04\/FOTO-2-Dirigentes-del-sector-publico-y-privado-conmemoraran-el-d%C3%ADa-del-trabajador.jpg?resize=300%2C198&amp;ssl=1 300w, https:\/\/i0.wp.com\/eltrabajo.cl\/portal\/wp-content\/uploads\/2016\/04\/FOTO-2-Dirigentes-del-sector-publico-y-privado-conmemoraran-el-d%C3%ADa-del-trabajador.jpg?resize=227%2C150&amp;ssl=1 227w, https:\/\/i0.wp.com\/eltrabajo.cl\/portal\/wp-content\/uploads\/2016\/04\/FOTO-2-Dirigentes-del-sector-publico-y-privado-conmemoraran-el-d%C3%ADa-del-trabajador.jpg?resize=400%2C264&amp;ssl=1 400w\" sizes=\"auto, (max-width: 530px) 100vw, 530px\" \/><\/a><figcaption id=\"caption-attachment-69222\" class=\"wp-caption-text\">Dirigentes del sector p\u00fablico y privado conmemorar\u00e1n el d\u00eda del trabajador, aprovechando la ocasi\u00f3n para expresar su posici\u00f3n respecto de la reforma laboral, el sistema de salud, la educaci\u00f3n y la corrupci\u00f3n de empresarios y pol\u00edticos<\/figcaption><\/figure>\n<figure id=\"attachment_69223\" aria-describedby=\"caption-attachment-69223\" style=\"width: 300px\" class=\"wp-caption alignleft\"><a href=\"http:\/\/www.eltrabajo.cl\/portal\/hoy-se-conmemorara-de-forma-simbolica-el-dia-del-trabajador-en-san-felipe\/foto-1-casandra-gonzalez-hidalgo-president\/\" rel=\"attachment wp-att-69223\"><img data-recalc-dims=\"1\" loading=\"lazy\" decoding=\"async\" class=\"size-medium wp-image-69223\" src=\"https:\/\/i0.wp.com\/www.eltrabajo.cl\/portal\/wp-content\/uploads\/2016\/04\/FOTO-1-Casandra-Gonzalez-Hidalgo-President-300x197.jpg?resize=300%2C197\" alt=\"Casandra Gonz\u00e1lez Hidalgo, Presidenta de la Federaci\u00f3n Nacional de Trabajadores de la Salud, Fenats Aconcagua.\" width=\"300\" height=\"197\" srcset=\"https:\/\/i0.wp.com\/eltrabajo.cl\/portal\/wp-content\/uploads\/2016\/04\/FOTO-1-Casandra-Gonzalez-Hidalgo-President.jpg?resize=300%2C197&amp;ssl=1 300w, https:\/\/i0.wp.com\/eltrabajo.cl\/portal\/wp-content\/uploads\/2016\/04\/FOTO-1-Casandra-Gonzalez-Hidalgo-President.jpg?resize=200%2C131&amp;ssl=1 200w, https:\/\/i0.wp.com\/eltrabajo.cl\/portal\/wp-content\/uploads\/2016\/04\/FOTO-1-Casandra-Gonzalez-Hidalgo-President.jpg?resize=228%2C150&amp;ssl=1 228w, https:\/\/i0.wp.com\/eltrabajo.cl\/portal\/wp-content\/uploads\/2016\/04\/FOTO-1-Casandra-Gonzalez-Hidalgo-President.jpg?resize=400%2C263&amp;ssl=1 400w, https:\/\/i0.wp.com\/eltrabajo.cl\/portal\/wp-content\/uploads\/2016\/04\/FOTO-1-Casandra-Gonzalez-Hidalgo-President.jpg?w=530&amp;ssl=1 530w\" sizes=\"auto, (max-width: 300px) 100vw, 300px\" \/><\/a><figcaption id=\"caption-attachment-69223\" class=\"wp-caption-text\">Casandra Gonz\u00e1lez Hidalgo, Presidenta de la Federaci\u00f3n Nacional de Trabajadores de la Salud, Fenats Aconcagua.<\/figcaption><\/figure>\n","protected":false},"excerpt":{"rendered":"<p>Dirigentes locales aseguran que en esta oportunidad enarbolar\u00e1n la bandera de lucha en contra del sistema de pensiones y en favor de la eliminaci\u00f3n definitiva de las AFP. El cantautor nacional Eduardo&#8230;<\/p>\n","protected":false},"author":1,"featured_media":69222,"comment_status":"open","ping_status":"open","sticky":false,"template":"","format":"standard","meta":{"advanced_seo_description":"","jetpack_seo_html_title":"","jetpack_seo_noindex":false,"_jetpack_memberships_contains_paid_content":false,"footnotes":""},"categories":[1],"tags":[],"class_list":["post-69221","post","type-post","status-publish","format-standard","has-post-thumbnail","hentry","category-cronica"],"jetpack_featured_media_url":"https:\/\/i0.wp.com\/eltrabajo.cl\/portal\/wp-content\/uploads\/2016\/04\/FOTO-2-Dirigentes-del-sector-publico-y-privado-conmemoraran-el-d%C3%ADa-del-trabajador.jpg?fit=530%2C350&ssl=1","jetpack_sharing_enabled":true,"jetpack_likes_enabled":true,"jetpack-related-posts":[],"_links":{"self":[{"href":"https:\/\/eltrabajo.cl\/portal\/wp-json\/wp\/v2\/posts\/69221","targetHints":{"allow":["GET"]}}],"collection":[{"href":"https:\/\/eltrabajo.cl\/portal\/wp-json\/wp\/v2\/posts"}],"about":[{"href":"https:\/\/eltrabajo.cl\/portal\/wp-json\/wp\/v2\/types\/post"}],"author":[{"embeddable":true,"href":"https:\/\/eltrabajo.cl\/portal\/wp-json\/wp\/v2\/users\/1"}],"replies":[{"embeddable":true,"href":"https:\/\/eltrabajo.cl\/portal\/wp-json\/wp\/v2\/comments?post=69221"}],"version-history":[{"count":0,"href":"https:\/\/eltrabajo.cl\/portal\/wp-json\/wp\/v2\/posts\/69221\/revisions"}],"wp:featuredmedia":[{"embeddable":true,"href":"https:\/\/eltrabajo.cl\/portal\/wp-json\/wp\/v2\/media\/69222"}],"wp:attachment":[{"href":"https:\/\/eltrabajo.cl\/portal\/wp-json\/wp\/v2\/media?parent=69221"}],"wp:term":[{"taxonomy":"category","embeddable":true,"href":"https:\/\/eltrabajo.cl\/portal\/wp-json\/wp\/v2\/categories?post=69221"},{"taxonomy":"post_tag","embeddable":true,"href":"https:\/\/eltrabajo.cl\/portal\/wp-json\/wp\/v2\/tags?post=69221"}],"curies":[{"name":"wp","href":"https:\/\/api.w.org\/{rel}","templated":true}]}}