{"id":69228,"date":"2016-04-28T09:39:19","date_gmt":"2016-04-28T12:39:19","guid":{"rendered":"http:\/\/www.eltrabajo.cl\/portal\/?p=69228"},"modified":"2016-04-28T09:39:19","modified_gmt":"2016-04-28T12:39:19","slug":"gendarmes-del-ccp-san-felipe-anticipan-posibilidad-de-realizar-paro-total-de-funciones","status":"publish","type":"post","link":"https:\/\/eltrabajo.cl\/portal\/gendarmes-del-ccp-san-felipe-anticipan-posibilidad-de-realizar-paro-total-de-funciones\/","title":{"rendered":"Gendarmes del CCP San Felipe anticipan posibilidad de realizar paro total de funciones"},"content":{"rendered":"<figure id=\"attachment_69229\" aria-describedby=\"caption-attachment-69229\" style=\"width: 300px\" class=\"wp-caption alignleft\"><a href=\"http:\/\/www.eltrabajo.cl\/portal\/gendarmes-del-ccp-san-felipe-anticipan-posibilidad-de-realizar-paro-total-de-funciones\/foto-1-luis-medina-presidente-provincial\/\" rel=\"attachment wp-att-69229\"><img data-recalc-dims=\"1\" loading=\"lazy\" decoding=\"async\" class=\"size-medium wp-image-69229\" src=\"https:\/\/i0.wp.com\/www.eltrabajo.cl\/portal\/wp-content\/uploads\/2016\/04\/FOTO-1-LUIS-MEDINA-Presidente-Provincial-300x197.jpg?resize=300%2C197\" alt=\"Luis Medina, Presidente Provincial de la Asociaci\u00f3n Nacional de Suboficiales y Gendarmes, Ansog, San Felipe.\" width=\"300\" height=\"197\" srcset=\"https:\/\/i0.wp.com\/eltrabajo.cl\/portal\/wp-content\/uploads\/2016\/04\/FOTO-1-LUIS-MEDINA-Presidente-Provincial.jpg?resize=300%2C197&amp;ssl=1 300w, https:\/\/i0.wp.com\/eltrabajo.cl\/portal\/wp-content\/uploads\/2016\/04\/FOTO-1-LUIS-MEDINA-Presidente-Provincial.jpg?resize=200%2C131&amp;ssl=1 200w, https:\/\/i0.wp.com\/eltrabajo.cl\/portal\/wp-content\/uploads\/2016\/04\/FOTO-1-LUIS-MEDINA-Presidente-Provincial.jpg?resize=228%2C150&amp;ssl=1 228w, https:\/\/i0.wp.com\/eltrabajo.cl\/portal\/wp-content\/uploads\/2016\/04\/FOTO-1-LUIS-MEDINA-Presidente-Provincial.jpg?resize=400%2C263&amp;ssl=1 400w, https:\/\/i0.wp.com\/eltrabajo.cl\/portal\/wp-content\/uploads\/2016\/04\/FOTO-1-LUIS-MEDINA-Presidente-Provincial.jpg?w=530&amp;ssl=1 530w\" sizes=\"auto, (max-width: 300px) 100vw, 300px\" \/><\/a><figcaption id=\"caption-attachment-69229\" class=\"wp-caption-text\">Luis Medina, Presidente Provincial de la Asociaci\u00f3n Nacional de Suboficiales y Gendarmes, Ansog, San Felipe.<\/figcaption><\/figure>\n<ul>\n<li><strong>Dirigentes penitenciarios acusan ambig\u00fcedad por parte de la autoridad gubernamental e institucional, pues luego de 5 meses, reci\u00e9n la pr\u00f3xima semana se sumar\u00eda un funcionario a la dotaci\u00f3n del recinto penal sanfelipe\u00f1o.<\/strong><\/li>\n<\/ul>\n<p>\u201cTodas las respuestas que nos han dado son ambiguas, tanto a nivel gubernamental como institucional, como se dice en jerga popular, se tiran la pelota unos a otros\u201d. De esta forma, el Sargento Segundo, Luis Medina, Presidente Provincial de la Asociaci\u00f3n Nacional de Suboficiales y Gendarmes, Ansog, San Felipe, advirti\u00f3 que, de no obtener respuestas concretas respecto de la necesidad de contar con m\u00e1s funcionarios en el Centro de Cumplimiento Penitenciario (CCP) San Felipe, radicalizar\u00e1n su postura y no descartan una paralizaci\u00f3n total de funciones.<br \/>\nLa demanda del personal de Gendarmer\u00eda sanfelipe\u00f1o, se hizo p\u00fablica en diciembre del a\u00f1o pasado, cuando el propio Medina inform\u00f3 que el recinto penal sufr\u00eda la necesidad imperiosa de contar con al menos diez nuevos efectivos, quienes debieran haber llegado a reforzar el contingente, luego de la promoci\u00f3n 2015 de la Escuela de Formaci\u00f3n de la Instituci\u00f3n.<br \/>\nSin embargo, el CCP San Felipe, no recibi\u00f3 nuevo personal y seg\u00fan el dirigente, reci\u00e9n la pr\u00f3xima semana estar\u00edan concretando la llegada de un nuevo gendarme. \u201cHemos tratado de concurrir en diferentes ocasiones a hablar sobre este tema con autoridades de gobierno e institucionales, logrando en este momento, el traslado de s\u00f3lo un funcionario, que estar\u00eda llegando la pr\u00f3xima semana desde el norte del pa\u00eds\u201d, afirm\u00f3 Medina.<br \/>\nSin embargo, la eventual llegada del nuevo funcionario, no deja conformes a los dirigentes, pues con ello, no se soluciona la deficiencia de personal que tiene el CCP San Felipe, ya que, la necesidad real del recinto, es mucho mayor a la exigencia que est\u00e1n realizando los penitenciarios al alto mando de Gendarmer\u00eda.<br \/>\n\u201cLa problem\u00e1tica que afecta a nuestra unidad radica en la falta de recursos humanos que en estos momentos tenemos, conforme a los estudios que ha presentado nuestra jefatura tenemos un d\u00e9ficit de 42 funcionarios para trabajar de forma \u00f3ptima\u201d, describi\u00f3 Medina.<br \/>\nAnte este escenario, el dirigente entreg\u00f3 un ultim\u00e1tum, advirtiendo que \u201cahora estamos esperando la pr\u00f3xima semana reuniones claves con la autoridad institucional, para ver este tema, si ah\u00ed no tenemos una respuesta concreta iniciar\u00edamos movilizaciones radicales con el paro total de nuestras funciones\u201d, sentenci\u00f3.<br \/>\nDe acuerdo a lo expresado por Medina, actualmente est\u00e1n sosteniendo conversaciones para que se apruebe el traslado de 5 funcionarios, que est\u00e1n dispuestos a trabajar en esta unidad penal, pero que se encuentran a la espera de la autorizaci\u00f3n definitiva de la autoridad institucional.<br \/>\nPese a que existe la posibilidad de que se concrete la llegada de estos 6 funcionarios, el CCP San Felipe, se mantendr\u00eda con fatiga de dotaci\u00f3n -4 hombres por debajo de la demanda- y \u00e9sta podr\u00eda ser cubierta a fines del 2016, cuando se produzca un nuevo egreso de la Escuela de Gendarmer\u00eda.<\/p>\n","protected":false},"excerpt":{"rendered":"<p>Dirigentes penitenciarios acusan ambig\u00fcedad por parte de la autoridad gubernamental e institucional, pues luego de 5 meses, reci\u00e9n la pr\u00f3xima semana se sumar\u00eda un funcionario a la dotaci\u00f3n del recinto penal sanfelipe\u00f1o&#8230;.<\/p>\n","protected":false},"author":1,"featured_media":69229,"comment_status":"open","ping_status":"open","sticky":false,"template":"","format":"standard","meta":{"advanced_seo_description":"","jetpack_seo_html_title":"","jetpack_seo_noindex":false,"_jetpack_memberships_contains_paid_content":false,"footnotes":""},"categories":[1],"tags":[],"class_list":["post-69228","post","type-post","status-publish","format-standard","has-post-thumbnail","hentry","category-cronica"],"jetpack_featured_media_url":"https:\/\/i0.wp.com\/eltrabajo.cl\/portal\/wp-content\/uploads\/2016\/04\/FOTO-1-LUIS-MEDINA-Presidente-Provincial.jpg?fit=530%2C348&ssl=1","jetpack_sharing_enabled":true,"jetpack_likes_enabled":true,"jetpack-related-posts":[],"_links":{"self":[{"href":"https:\/\/eltrabajo.cl\/portal\/wp-json\/wp\/v2\/posts\/69228","targetHints":{"allow":["GET"]}}],"collection":[{"href":"https:\/\/eltrabajo.cl\/portal\/wp-json\/wp\/v2\/posts"}],"about":[{"href":"https:\/\/eltrabajo.cl\/portal\/wp-json\/wp\/v2\/types\/post"}],"author":[{"embeddable":true,"href":"https:\/\/eltrabajo.cl\/portal\/wp-json\/wp\/v2\/users\/1"}],"replies":[{"embeddable":true,"href":"https:\/\/eltrabajo.cl\/portal\/wp-json\/wp\/v2\/comments?post=69228"}],"version-history":[{"count":0,"href":"https:\/\/eltrabajo.cl\/portal\/wp-json\/wp\/v2\/posts\/69228\/revisions"}],"wp:featuredmedia":[{"embeddable":true,"href":"https:\/\/eltrabajo.cl\/portal\/wp-json\/wp\/v2\/media\/69229"}],"wp:attachment":[{"href":"https:\/\/eltrabajo.cl\/portal\/wp-json\/wp\/v2\/media?parent=69228"}],"wp:term":[{"taxonomy":"category","embeddable":true,"href":"https:\/\/eltrabajo.cl\/portal\/wp-json\/wp\/v2\/categories?post=69228"},{"taxonomy":"post_tag","embeddable":true,"href":"https:\/\/eltrabajo.cl\/portal\/wp-json\/wp\/v2\/tags?post=69228"}],"curies":[{"name":"wp","href":"https:\/\/api.w.org\/{rel}","templated":true}]}}