{"id":69232,"date":"2016-04-28T09:41:08","date_gmt":"2016-04-28T12:41:08","guid":{"rendered":"http:\/\/www.eltrabajo.cl\/portal\/?p=69232"},"modified":"2016-04-28T09:41:08","modified_gmt":"2016-04-28T12:41:08","slug":"ano-y-medio-de-carcel-por-vender-papelillo-de-marihuana-a-menor-de-edad","status":"publish","type":"post","link":"https:\/\/eltrabajo.cl\/portal\/ano-y-medio-de-carcel-por-vender-papelillo-de-marihuana-a-menor-de-edad\/","title":{"rendered":"A\u00f1o y medio de c\u00e1rcel por vender papelillo de marihuana a menor de edad"},"content":{"rendered":"<figure id=\"attachment_69233\" aria-describedby=\"caption-attachment-69233\" style=\"width: 300px\" class=\"wp-caption alignleft\"><a href=\"http:\/\/www.eltrabajo.cl\/portal\/ano-y-medio-de-carcel-por-vender-papelillo-de-marihuana-a-menor-de-edad\/venta-papelillo\/\" rel=\"attachment wp-att-69233\"><img data-recalc-dims=\"1\" loading=\"lazy\" decoding=\"async\" class=\"size-medium wp-image-69233\" src=\"https:\/\/i0.wp.com\/www.eltrabajo.cl\/portal\/wp-content\/uploads\/2016\/04\/venta-papelillo-300x198.jpg?resize=300%2C198\" alt=\"El estudiante adquiri\u00f3 el papelillo de manos del actual condenado en la Plaza de Armas de la comuna de Llay Llay (Imagen Referencial).\" width=\"300\" height=\"198\" srcset=\"https:\/\/i0.wp.com\/eltrabajo.cl\/portal\/wp-content\/uploads\/2016\/04\/venta-papelillo.jpg?resize=300%2C198&amp;ssl=1 300w, https:\/\/i0.wp.com\/eltrabajo.cl\/portal\/wp-content\/uploads\/2016\/04\/venta-papelillo.jpg?resize=200%2C132&amp;ssl=1 200w, https:\/\/i0.wp.com\/eltrabajo.cl\/portal\/wp-content\/uploads\/2016\/04\/venta-papelillo.jpg?resize=227%2C150&amp;ssl=1 227w, https:\/\/i0.wp.com\/eltrabajo.cl\/portal\/wp-content\/uploads\/2016\/04\/venta-papelillo.jpg?resize=400%2C264&amp;ssl=1 400w, https:\/\/i0.wp.com\/eltrabajo.cl\/portal\/wp-content\/uploads\/2016\/04\/venta-papelillo.jpg?w=530&amp;ssl=1 530w\" sizes=\"auto, (max-width: 300px) 100vw, 300px\" \/><\/a><figcaption id=\"caption-attachment-69233\" class=\"wp-caption-text\">El estudiante adquiri\u00f3 el papelillo de manos del actual condenado en la Plaza de Armas de la comuna de Llay Llay (Imagen Referencial).<\/figcaption><\/figure>\n<ul>\n<li><strong>Tribunal Oral conden\u00f3 acogiendo la tesis de la Fiscal\u00eda que acus\u00f3 al actual sentenciado de proporcionar droga a un estudiante de 17 a\u00f1os de edad en la v\u00eda p\u00fablica.<\/strong><\/li>\n<\/ul>\n<p>A una pena de 541 d\u00edas de presidio efectivo y el pago de 10 Unidades Tributarias Mensuales, fue condenado Abraham Yerko Gonz\u00e1lez Guti\u00e9rrez. El imputado fue considerado culpable por vender un papelillo de marihuana a un estudiante de 17 a\u00f1os en la Plaza de Armas de Llay Llay, configur\u00e1ndose el delito de microtr\u00e1fico de drogas.<br \/>\nEl Fiscal Julio Palacios Bobadilla, representante del Ministerio P\u00fablico de San Felipe, exhibi\u00f3 las pruebas en juicio demostrando la culpabilidad del actual sentenciado a trav\u00e9s de las diligencias que ejecut\u00f3 Carabineros en dicha localidad, tras denuncias de venta de sustancias il\u00edcitas en el principal paseo p\u00fablico de Llay Llay.<br \/>\nEl d\u00eda 28 de mayo de 2014 Carabineros sorprendi\u00f3 de manera flagrante a Gonz\u00e1lez Guti\u00e9rrez vendiendo un papelillo de marihuana a un estudiante de 17 a\u00f1os de edad en la Plaza de Armas. Posteriormente, de acuerdo a la investigaci\u00f3n de la Fiscal\u00eda, el imputado \u201cse retira del lugar e ingresa hasta el interior del Cesfam de esa localidad, le efect\u00faan un control de identidad y comprueban que adem\u00e1s portaba entre sus vestimentas tres envoltorios de marihuana y la suma de $14.000\u201d, afirm\u00f3 a Diario El Trabajo el Fiscal Julio Palacios.<br \/>\nLas diligencias policiales concluyeron cuando interceptaron al estudiante que manten\u00eda en su poder el papelillo de marihuana, configur\u00e1ndose el delito de microtr\u00e1fico de drogas en la v\u00eda p\u00fablica, hecho que conden\u00f3 la terna de jueces del Tribunal Oral en Lo Penal de San Felipe al momento del veredicto de esta causa.<br \/>\nEl persecutor se mostr\u00f3 conforme con la condena judicial debido a que Gonz\u00e1lez Guti\u00e9rrez manten\u00eda antecedentes delictuales por otros delitos: \u201cFue condenado por microtr\u00e1fico de drogas a la pena de 541 d\u00edas de manera efectiva y el pago de 10 unidades tributarias mensuales. Este sujeto ten\u00eda antecedentes delictuales, lo cual nos deja conforme esta condena. Se comprob\u00f3 la transacci\u00f3n de la droga debido a que Carabineros intercept\u00f3 al menor que adquiri\u00f3 el papelillo con la sustancia\u201d, concluy\u00f3 el Fiscal Palacios.<br \/>\n<strong>Pablo Salinas Sald\u00edas<\/strong><\/p>\n","protected":false},"excerpt":{"rendered":"<p>Tribunal Oral conden\u00f3 acogiendo la tesis de la Fiscal\u00eda que acus\u00f3 al actual sentenciado de proporcionar droga a un estudiante de 17 a\u00f1os de edad en la v\u00eda p\u00fablica. A una pena&#8230;<\/p>\n","protected":false},"author":1,"featured_media":69233,"comment_status":"open","ping_status":"open","sticky":false,"template":"","format":"standard","meta":{"advanced_seo_description":"","jetpack_seo_html_title":"","jetpack_seo_noindex":false,"_jetpack_memberships_contains_paid_content":false,"footnotes":""},"categories":[21],"tags":[],"class_list":["post-69232","post","type-post","status-publish","format-standard","has-post-thumbnail","hentry","category-policial"],"jetpack_featured_media_url":"https:\/\/i0.wp.com\/eltrabajo.cl\/portal\/wp-content\/uploads\/2016\/04\/venta-papelillo.jpg?fit=530%2C350&ssl=1","jetpack_sharing_enabled":true,"jetpack_likes_enabled":true,"jetpack-related-posts":[],"_links":{"self":[{"href":"https:\/\/eltrabajo.cl\/portal\/wp-json\/wp\/v2\/posts\/69232","targetHints":{"allow":["GET"]}}],"collection":[{"href":"https:\/\/eltrabajo.cl\/portal\/wp-json\/wp\/v2\/posts"}],"about":[{"href":"https:\/\/eltrabajo.cl\/portal\/wp-json\/wp\/v2\/types\/post"}],"author":[{"embeddable":true,"href":"https:\/\/eltrabajo.cl\/portal\/wp-json\/wp\/v2\/users\/1"}],"replies":[{"embeddable":true,"href":"https:\/\/eltrabajo.cl\/portal\/wp-json\/wp\/v2\/comments?post=69232"}],"version-history":[{"count":0,"href":"https:\/\/eltrabajo.cl\/portal\/wp-json\/wp\/v2\/posts\/69232\/revisions"}],"wp:featuredmedia":[{"embeddable":true,"href":"https:\/\/eltrabajo.cl\/portal\/wp-json\/wp\/v2\/media\/69233"}],"wp:attachment":[{"href":"https:\/\/eltrabajo.cl\/portal\/wp-json\/wp\/v2\/media?parent=69232"}],"wp:term":[{"taxonomy":"category","embeddable":true,"href":"https:\/\/eltrabajo.cl\/portal\/wp-json\/wp\/v2\/categories?post=69232"},{"taxonomy":"post_tag","embeddable":true,"href":"https:\/\/eltrabajo.cl\/portal\/wp-json\/wp\/v2\/tags?post=69232"}],"curies":[{"name":"wp","href":"https:\/\/api.w.org\/{rel}","templated":true}]}}