{"id":69236,"date":"2016-04-29T08:55:39","date_gmt":"2016-04-29T11:55:39","guid":{"rendered":"http:\/\/www.eltrabajo.cl\/portal\/?p=69236"},"modified":"2016-04-29T08:55:39","modified_gmt":"2016-04-29T11:55:39","slug":"el-estadio-se-construye-si-o-si-en-el-fiscal-no-hay-discrepancia-al-respecto","status":"publish","type":"post","link":"https:\/\/eltrabajo.cl\/portal\/el-estadio-se-construye-si-o-si-en-el-fiscal-no-hay-discrepancia-al-respecto\/","title":{"rendered":"\u201cEl estadio se construye s\u00ed o s\u00ed en el Fiscal, no hay discrepancia al respecto\u201d"},"content":{"rendered":"<ul>\n<li><strong> Jorge D\u00edaz Fern\u00e1ndez, Director Regional del Instituto Nacional de Deportes:\u00a0Con esto, se descartan casi por completo las \u2018supuestas\u2019 objeciones que habr\u00edan puesto los profesionales del IND en torno a la idoneidad del lugar para construir el nuevo reducto.<\/strong><\/li>\n<\/ul>\n<figure id=\"attachment_69237\" aria-describedby=\"caption-attachment-69237\" style=\"width: 300px\" class=\"wp-caption alignleft\"><a href=\"http:\/\/www.eltrabajo.cl\/portal\/el-estadio-se-construye-si-o-si-en-el-fiscal-no-hay-discrepancia-al-respecto\/jorge-diaz-fernandez-dir-reg-ind\/\" rel=\"attachment wp-att-69237\"><img data-recalc-dims=\"1\" loading=\"lazy\" decoding=\"async\" class=\"size-medium wp-image-69237\" src=\"https:\/\/i0.wp.com\/www.eltrabajo.cl\/portal\/wp-content\/uploads\/2016\/04\/jorge-diaz-fernandez-dir-reg-ind-300x198.jpg?resize=300%2C198\" alt=\"Jorge D\u00edaz Fern\u00e1ndez, director regional del IND.\" width=\"300\" height=\"198\" srcset=\"https:\/\/i0.wp.com\/eltrabajo.cl\/portal\/wp-content\/uploads\/2016\/04\/jorge-diaz-fernandez-dir-reg-ind.jpg?resize=300%2C198&amp;ssl=1 300w, https:\/\/i0.wp.com\/eltrabajo.cl\/portal\/wp-content\/uploads\/2016\/04\/jorge-diaz-fernandez-dir-reg-ind.jpg?resize=200%2C132&amp;ssl=1 200w, https:\/\/i0.wp.com\/eltrabajo.cl\/portal\/wp-content\/uploads\/2016\/04\/jorge-diaz-fernandez-dir-reg-ind.jpg?resize=227%2C150&amp;ssl=1 227w, https:\/\/i0.wp.com\/eltrabajo.cl\/portal\/wp-content\/uploads\/2016\/04\/jorge-diaz-fernandez-dir-reg-ind.jpg?resize=400%2C264&amp;ssl=1 400w, https:\/\/i0.wp.com\/eltrabajo.cl\/portal\/wp-content\/uploads\/2016\/04\/jorge-diaz-fernandez-dir-reg-ind.jpg?w=530&amp;ssl=1 530w\" sizes=\"auto, (max-width: 300px) 100vw, 300px\" \/><\/a><figcaption id=\"caption-attachment-69237\" class=\"wp-caption-text\">Jorge D\u00edaz Fern\u00e1ndez, director regional del IND.<\/figcaption><\/figure>\n<p>Jorge D\u00edaz Fern\u00e1ndez, Director Regional del Instituto Nacional de Deportes, IND, se refiri\u00f3 a las conclusiones obtenidas luego de la presentaci\u00f3n del pre-dise\u00f1o del nuevo Estadio de San Felipe, realizada la semana pasada, y a partir de la cual, parece haber quedado despejada de forma definitiva la inc\u00f3gnita respecto de la postura de la entidad gubernamental en torno a la idoneidad del sito donde se emplazar\u00e1 el coliseo deportivo.<br \/>\nDe acuerdo a lo expresado por D\u00edaz, actualmente no hay objeciones respecto de la localizaci\u00f3n del nuevo reducto en los parajes del Estadio Fiscal, puesto que las diferencias que exist\u00edan en esta primera evaluaci\u00f3n, se zanjaron sin mayores dificultades.<br \/>\n\u201cEl estadio se construye s\u00ed o s\u00ed en donde est\u00e1 el Estadio Fiscal, no hay ninguna discrepancia al respecto\u201d, a\u00f1adi\u00f3 D\u00edaz, echando por tierra, las hip\u00f3tesis que se\u00f1alaban que el equipo t\u00e9cnico del IND, se habr\u00eda inclinado por analizar otro lugar para construir el recinto.<br \/>\nDe esta forma, el personero de Gobierno, adelant\u00f3 cu\u00e1l es el calendario que le sigue a este proyecto, detallando que \u201chemos avanzado bastante, ya hemos definido algunos puntos que ten\u00edamos en discordancia y ya se licit\u00f3 el pre-dise\u00f1o que estar\u00e1 listo a mediados de julio y despu\u00e9s de eso podremos tener el dise\u00f1o definitivo y ya se espera que los primeros d\u00edas de 2017 comenzamos con la construcci\u00f3n del Estadio\u201d.<br \/>\nEn referencia de las discrepancias que exist\u00edan en torno a esta primera etapa, D\u00edaz asegur\u00f3 que estas no eran mayores y nada ten\u00edan que ver respecto de la localizaci\u00f3n del Estadio, planteando que \u201cson cosas que salen en el momento cuando se van haciendo los dise\u00f1os, a veces los arquitectos piensan de una forma, los constructores de otra, unos sue\u00f1an un poquito m\u00e1s all\u00e1, mientras que los ingenieros van m\u00e1s a lo pr\u00e1ctico\u201d, afirm\u00f3.<br \/>\nCabe recordar que el alcalde de San Felipe, Patricio Freire, acompa\u00f1ado de los profesionales de la Secretar\u00eda de Planificaci\u00f3n Comunal, Secplac, junto a los equipos t\u00e9cnicos del IND y del departamento de Arquitectura de Obras P\u00fablicas, MOP, el pasado jueves 21 de abril, debatieron en torno a la segunda entrega realizada por la consultora encargada del dise\u00f1o del Nuevo Estadio.<br \/>\nEn la cita, se realizaron distintas observaciones respecto de este pre-dise\u00f1o, las cuales estaban dirigidas a la ubicaci\u00f3n de las grader\u00edas, el aforo final (8.200 espectadores), iluminaci\u00f3n y estacionamientos, adem\u00e1s de confirmar que el recinto puede ser construido con orientaci\u00f3n norte-sur, con galer\u00edas en los laterales oriente, poniente y norte, dejando el cabezal sur para la construcci\u00f3n de un escenario.<\/p>\n<p>&nbsp;<\/p>\n","protected":false},"excerpt":{"rendered":"<p>Jorge D\u00edaz Fern\u00e1ndez, Director Regional del Instituto Nacional de Deportes:\u00a0Con esto, se descartan casi por completo las \u2018supuestas\u2019 objeciones que habr\u00edan puesto los profesionales del IND en torno a la idoneidad del&#8230;<\/p>\n","protected":false},"author":1,"featured_media":69237,"comment_status":"open","ping_status":"open","sticky":false,"template":"","format":"standard","meta":{"advanced_seo_description":"","jetpack_seo_html_title":"","jetpack_seo_noindex":false,"_jetpack_memberships_contains_paid_content":false,"footnotes":""},"categories":[1],"tags":[],"class_list":["post-69236","post","type-post","status-publish","format-standard","has-post-thumbnail","hentry","category-cronica"],"jetpack_featured_media_url":"https:\/\/i0.wp.com\/eltrabajo.cl\/portal\/wp-content\/uploads\/2016\/04\/jorge-diaz-fernandez-dir-reg-ind.jpg?fit=530%2C350&ssl=1","jetpack_sharing_enabled":true,"jetpack_likes_enabled":true,"jetpack-related-posts":[],"_links":{"self":[{"href":"https:\/\/eltrabajo.cl\/portal\/wp-json\/wp\/v2\/posts\/69236","targetHints":{"allow":["GET"]}}],"collection":[{"href":"https:\/\/eltrabajo.cl\/portal\/wp-json\/wp\/v2\/posts"}],"about":[{"href":"https:\/\/eltrabajo.cl\/portal\/wp-json\/wp\/v2\/types\/post"}],"author":[{"embeddable":true,"href":"https:\/\/eltrabajo.cl\/portal\/wp-json\/wp\/v2\/users\/1"}],"replies":[{"embeddable":true,"href":"https:\/\/eltrabajo.cl\/portal\/wp-json\/wp\/v2\/comments?post=69236"}],"version-history":[{"count":0,"href":"https:\/\/eltrabajo.cl\/portal\/wp-json\/wp\/v2\/posts\/69236\/revisions"}],"wp:featuredmedia":[{"embeddable":true,"href":"https:\/\/eltrabajo.cl\/portal\/wp-json\/wp\/v2\/media\/69237"}],"wp:attachment":[{"href":"https:\/\/eltrabajo.cl\/portal\/wp-json\/wp\/v2\/media?parent=69236"}],"wp:term":[{"taxonomy":"category","embeddable":true,"href":"https:\/\/eltrabajo.cl\/portal\/wp-json\/wp\/v2\/categories?post=69236"},{"taxonomy":"post_tag","embeddable":true,"href":"https:\/\/eltrabajo.cl\/portal\/wp-json\/wp\/v2\/tags?post=69236"}],"curies":[{"name":"wp","href":"https:\/\/api.w.org\/{rel}","templated":true}]}}