{"id":6924,"date":"2011-12-01T08:32:58","date_gmt":"2011-12-01T12:32:58","guid":{"rendered":"http:\/\/www.eltrabajo.cl\/portal\/?p=6924"},"modified":"2011-12-06T10:26:53","modified_gmt":"2011-12-06T14:26:53","slug":"sec-entrego-120-titulos-libreta-de-profesional-y-caja-de-herramientas","status":"publish","type":"post","link":"https:\/\/eltrabajo.cl\/portal\/sec-entrego-120-titulos-libreta-de-profesional-y-caja-de-herramientas\/","title":{"rendered":"CEC entreg\u00f3 120 t\u00edtulos, Libreta de Profesional y caja de herramientas"},"content":{"rendered":"<figure id=\"attachment_6925\" aria-describedby=\"caption-attachment-6925\" style=\"width: 600px\" class=\"wp-caption alignnone\"><a href=\"http:\/\/www.eltrabajo.cl\/portal\/archives\/6924\/autoridades1\" rel=\"attachment wp-att-6925\"><img data-recalc-dims=\"1\" loading=\"lazy\" decoding=\"async\" class=\"size-full wp-image-6925\" title=\"Autoridades1\" src=\"https:\/\/i0.wp.com\/www.eltrabajo.cl\/portal\/wp-content\/uploads\/2011\/12\/Autoridades1.jpg?resize=600%2C222\" alt=\"\" width=\"600\" height=\"222\" srcset=\"https:\/\/i0.wp.com\/eltrabajo.cl\/portal\/wp-content\/uploads\/2011\/12\/Autoridades1.jpg?w=600&amp;ssl=1 600w, https:\/\/i0.wp.com\/eltrabajo.cl\/portal\/wp-content\/uploads\/2011\/12\/Autoridades1.jpg?resize=200%2C74&amp;ssl=1 200w, https:\/\/i0.wp.com\/eltrabajo.cl\/portal\/wp-content\/uploads\/2011\/12\/Autoridades1.jpg?resize=300%2C111&amp;ssl=1 300w, https:\/\/i0.wp.com\/eltrabajo.cl\/portal\/wp-content\/uploads\/2011\/12\/Autoridades1.jpg?resize=150%2C55&amp;ssl=1 150w, https:\/\/i0.wp.com\/eltrabajo.cl\/portal\/wp-content\/uploads\/2011\/12\/Autoridades1.jpg?resize=400%2C148&amp;ssl=1 400w\" sizes=\"auto, (max-width: 600px) 100vw, 600px\" \/><\/a><figcaption id=\"caption-attachment-6925\" class=\"wp-caption-text\">Autoridades locales como el Alcalde Jaime Amar, Carlo Salvo y Pedro Reyes de Anglo American; Luis Palavichino y Jeannette de la Barrera, Directora del Hospital de Putaendo, entre otros entes involucrados posaron para DIARIO EL TRABAJO en el Acto de Clausura de esta jornada de trabajo y estudio.<\/figcaption><\/figure>\n<p>Roberto Gonz\u00e1lez Short &#8211; rgonzalez@eltrabajo.cl<\/p>\n<p>Con las manos llenas y el coraz\u00f3n contento. As\u00ed regresaron a sus casas 120 sanfelipe\u00f1os que, como ayer lo informamos ampliamente, culminaron diferentes cursos en el Centro de Emprendimiento y Capacitaci\u00f3n para el Trabajo (CEC), ellos fueron favorecidos de los recursos emitidos por la empresa Anglo American Divisi\u00f3n Chagres de Chile, mismos recursos que se transformaron en conocimientos y herramientas para sacar de la cesant\u00eda a m\u00e1s de un centenar de personas.<\/p>\n<p>En este acto de premiaci\u00f3n hubo de todo, madres solteras, personas discapacitadas, algunos de los que recibieron ayer sus t\u00edtulos y libretas, son pacientes de diferentes instituciones de bien social como Renacer de Los Andes, Fondo Esperanza, Hospital Psiqui\u00e1trico de Putaendo y el Hospital de D\u00eda de San Felipe.<\/p>\n<p>El Alcalde Jaime Amar se\u00f1al\u00f3 que \u00abes el conocimiento la mejor herramienta para seguir adelante, este trabajo es el cumplimiento de algunos \u2018slogans\u2019 com\u00fanmente escuchados, seguiremos abriendo esta clase de espacios\u00bb. Cada una de las autoridades pudo expresar su mejor discurso, sin embargo, fue el alumno Marcelo Paredes del Curso de Gasfiter\u00eda quien agradeci\u00f3 en nombre propio y de sus compa\u00f1eros el apoyo recibido.<\/p>\n","protected":false},"excerpt":{"rendered":"<p>Roberto Gonz\u00e1lez Short &#8211; rgonzalez@eltrabajo.cl Con las manos llenas y el coraz\u00f3n contento. As\u00ed regresaron a sus casas 120 sanfelipe\u00f1os que, como ayer lo informamos ampliamente, culminaron diferentes cursos en el Centro&#8230;<\/p>\n","protected":false},"author":482,"featured_media":6925,"comment_status":"open","ping_status":"open","sticky":false,"template":"","format":"standard","meta":{"advanced_seo_description":"","jetpack_seo_html_title":"","jetpack_seo_noindex":false,"_jetpack_memberships_contains_paid_content":false,"footnotes":""},"categories":[15],"tags":[],"class_list":["post-6924","post","type-post","status-publish","format-standard","has-post-thumbnail","hentry","category-comunidad"],"jetpack_featured_media_url":"https:\/\/i0.wp.com\/eltrabajo.cl\/portal\/wp-content\/uploads\/2011\/12\/Autoridades1.jpg?fit=600%2C222&ssl=1","jetpack_sharing_enabled":true,"jetpack_likes_enabled":true,"jetpack-related-posts":[],"_links":{"self":[{"href":"https:\/\/eltrabajo.cl\/portal\/wp-json\/wp\/v2\/posts\/6924","targetHints":{"allow":["GET"]}}],"collection":[{"href":"https:\/\/eltrabajo.cl\/portal\/wp-json\/wp\/v2\/posts"}],"about":[{"href":"https:\/\/eltrabajo.cl\/portal\/wp-json\/wp\/v2\/types\/post"}],"author":[{"embeddable":true,"href":"https:\/\/eltrabajo.cl\/portal\/wp-json\/wp\/v2\/users\/482"}],"replies":[{"embeddable":true,"href":"https:\/\/eltrabajo.cl\/portal\/wp-json\/wp\/v2\/comments?post=6924"}],"version-history":[{"count":0,"href":"https:\/\/eltrabajo.cl\/portal\/wp-json\/wp\/v2\/posts\/6924\/revisions"}],"wp:featuredmedia":[{"embeddable":true,"href":"https:\/\/eltrabajo.cl\/portal\/wp-json\/wp\/v2\/media\/6925"}],"wp:attachment":[{"href":"https:\/\/eltrabajo.cl\/portal\/wp-json\/wp\/v2\/media?parent=6924"}],"wp:term":[{"taxonomy":"category","embeddable":true,"href":"https:\/\/eltrabajo.cl\/portal\/wp-json\/wp\/v2\/categories?post=6924"},{"taxonomy":"post_tag","embeddable":true,"href":"https:\/\/eltrabajo.cl\/portal\/wp-json\/wp\/v2\/tags?post=6924"}],"curies":[{"name":"wp","href":"https:\/\/api.w.org\/{rel}","templated":true}]}}