{"id":69240,"date":"2016-04-29T08:57:58","date_gmt":"2016-04-29T11:57:58","guid":{"rendered":"http:\/\/www.eltrabajo.cl\/portal\/?p=69240"},"modified":"2016-04-29T08:57:59","modified_gmt":"2016-04-29T11:57:59","slug":"poetas-candidatos-al-premio-nacional-visitaron-esc-manuel-rodriguez","status":"publish","type":"post","link":"https:\/\/eltrabajo.cl\/portal\/poetas-candidatos-al-premio-nacional-visitaron-esc-manuel-rodriguez\/","title":{"rendered":"Poetas candidatos al Premio Nacional visitaron Esc. Manuel Rodr\u00edguez"},"content":{"rendered":"<p>En el marco de la celebraci\u00f3n que los establecimientos educacionales de la comuna de San Felipe realizaron por el D\u00eda del Libro, el mi\u00e9rcoles reci\u00e9n pasado visitaron la escuela Manuel Rodr\u00edguez, los destacados poetas nacionales Juan Camer\u00f3n y Jos\u00e9 \u2018Pepe\u2019 \u00c1ngel Cuevas, ambos aspirantes al Premio Nacional de Literatura 2016.<br \/>\nEn la oportunidad los alumnos de la escuela pudieron compartir y repasar animadamente las obras de estos destacados poetas, y ellos escucharon las inquietudes de las nuevas generaciones.<br \/>\nJuan Cameron, periodista y poeta, nacido en Valpara\u00edso el a\u00f1o 1947, creador de obras importantes como \u2018Manos enlazadas\u2019, \u2018C\u00e1mara oscura\u2019 y \u2018El bolero de los \u00e1ngeles\u2019 entre otros, destac\u00f3 la posibilidad de compartir con los ni\u00f1os y ni\u00f1as de este establecimiento, se\u00f1alando que \u201ctodas estas visitas que hemos hecho a los diferentes establecimientos, est\u00e1 relacionada con la celebraci\u00f3n del D\u00eda del Libro el d\u00eda 23 de abril y el director de esta escuela, quien tambi\u00e9n es colega poeta, nos invit\u00f3 junto con Jos\u00e9 \u00c1ngel Cuevas, tambi\u00e9n poeta de mi generaci\u00f3n, a recorrer las escuelas, y acercar a los alumnos al mundo de la poes\u00eda y que sepan c\u00f3mo se llega a ser poeta. Hay un gran inter\u00e9s, sobretodo mientras m\u00e1s peque\u00f1os son, mejor a\u00fan y la recepci\u00f3n ha sido muy buena\u201d.<br \/>\nPor su parte, Jos\u00e9 \u00c1ngel Cuevas, poeta nacido en Santiago el a\u00f1o 1944, y perteneciente a la generaci\u00f3n conocida como la del \u2018exilio interior\u2019 tambi\u00e9n agradeci\u00f3 la invitaci\u00f3n, sosteniendo que \u201cnos ha tocado ir a muchos lugares, y es realmente gratificante, porque nos permite conectarnos con el alma de los ni\u00f1os y j\u00f3venes. Es importante que los ni\u00f1os ingresen al mundo de la lectura, que conozcan la identidad chilena, por eso les recomendaba que leyeran a Manuel Rojas, Oscar Castro, Pablo Neruda, Pablo de Rokha, porque eso es nuestro trasfondo\u201d, subray\u00f3 y agreg\u00f3 que lamentablemente la tecnolog\u00eda ha disminuido el inter\u00e9s por la lectura, por lo que inst\u00f3 a los ni\u00f1os a ingresar a este maravilloso mundo de los libros. \u201cHay que conocer la identidad, lo que somos, porque eso les abre el alma, y en las escuelas hay que fomentar la escritura sobre lo que han vivido, hay ni\u00f1os que tienen un alma grande y preciosa, la que hay que saber es trabajar y motivar, ese es el desaf\u00edo\u201d.<br \/>\nFinalmente, Cristian Gonz\u00e1lez Cruz, director del establecimiento, reconoci\u00f3 la importancia de la visita, se\u00f1alando que la motivaci\u00f3n principal es que los ni\u00f1os lean cada vez m\u00e1s, lo que incentiva su imaginaci\u00f3n.<\/p>\n<figure id=\"attachment_69241\" aria-describedby=\"caption-attachment-69241\" style=\"width: 530px\" class=\"wp-caption alignleft\"><a href=\"http:\/\/www.eltrabajo.cl\/portal\/poetas-candidatos-al-premio-nacional-visitaron-esc-manuel-rodriguez\/visita-de-poetas\/\" rel=\"attachment wp-att-69241\"><img data-recalc-dims=\"1\" loading=\"lazy\" decoding=\"async\" class=\"size-full wp-image-69241\" src=\"https:\/\/i0.wp.com\/www.eltrabajo.cl\/portal\/wp-content\/uploads\/2016\/04\/visita-de-poetas.jpg?resize=530%2C348\" alt=\"Estudiantes de la escuela Manuel Rodr\u00edguez compartieron animadamente con dos destacados poetas nacionales, Juan Camer\u00f3n y Jos\u00e9 \u2018Pepe\u2019 \u00c1ngel Cuevas.\" width=\"530\" height=\"348\" srcset=\"https:\/\/i0.wp.com\/eltrabajo.cl\/portal\/wp-content\/uploads\/2016\/04\/visita-de-poetas.jpg?w=530&amp;ssl=1 530w, https:\/\/i0.wp.com\/eltrabajo.cl\/portal\/wp-content\/uploads\/2016\/04\/visita-de-poetas.jpg?resize=200%2C131&amp;ssl=1 200w, https:\/\/i0.wp.com\/eltrabajo.cl\/portal\/wp-content\/uploads\/2016\/04\/visita-de-poetas.jpg?resize=300%2C197&amp;ssl=1 300w, https:\/\/i0.wp.com\/eltrabajo.cl\/portal\/wp-content\/uploads\/2016\/04\/visita-de-poetas.jpg?resize=228%2C150&amp;ssl=1 228w, https:\/\/i0.wp.com\/eltrabajo.cl\/portal\/wp-content\/uploads\/2016\/04\/visita-de-poetas.jpg?resize=400%2C263&amp;ssl=1 400w\" sizes=\"auto, (max-width: 530px) 100vw, 530px\" \/><\/a><figcaption id=\"caption-attachment-69241\" class=\"wp-caption-text\">Estudiantes de la escuela Manuel Rodr\u00edguez compartieron animadamente con dos destacados poetas nacionales, Juan Camer\u00f3n y Jos\u00e9 \u2018Pepe\u2019 \u00c1ngel Cuevas.<\/figcaption><\/figure>\n","protected":false},"excerpt":{"rendered":"<p>En el marco de la celebraci\u00f3n que los establecimientos educacionales de la comuna de San Felipe realizaron por el D\u00eda del Libro, el mi\u00e9rcoles reci\u00e9n pasado visitaron la escuela Manuel Rodr\u00edguez, los&#8230;<\/p>\n","protected":false},"author":1,"featured_media":69241,"comment_status":"open","ping_status":"open","sticky":false,"template":"","format":"standard","meta":{"advanced_seo_description":"","jetpack_seo_html_title":"","jetpack_seo_noindex":false,"_jetpack_memberships_contains_paid_content":false,"footnotes":""},"categories":[1],"tags":[],"class_list":["post-69240","post","type-post","status-publish","format-standard","has-post-thumbnail","hentry","category-cronica"],"jetpack_featured_media_url":"https:\/\/i0.wp.com\/eltrabajo.cl\/portal\/wp-content\/uploads\/2016\/04\/visita-de-poetas.jpg?fit=530%2C348&ssl=1","jetpack_sharing_enabled":true,"jetpack_likes_enabled":true,"jetpack-related-posts":[],"_links":{"self":[{"href":"https:\/\/eltrabajo.cl\/portal\/wp-json\/wp\/v2\/posts\/69240","targetHints":{"allow":["GET"]}}],"collection":[{"href":"https:\/\/eltrabajo.cl\/portal\/wp-json\/wp\/v2\/posts"}],"about":[{"href":"https:\/\/eltrabajo.cl\/portal\/wp-json\/wp\/v2\/types\/post"}],"author":[{"embeddable":true,"href":"https:\/\/eltrabajo.cl\/portal\/wp-json\/wp\/v2\/users\/1"}],"replies":[{"embeddable":true,"href":"https:\/\/eltrabajo.cl\/portal\/wp-json\/wp\/v2\/comments?post=69240"}],"version-history":[{"count":0,"href":"https:\/\/eltrabajo.cl\/portal\/wp-json\/wp\/v2\/posts\/69240\/revisions"}],"wp:featuredmedia":[{"embeddable":true,"href":"https:\/\/eltrabajo.cl\/portal\/wp-json\/wp\/v2\/media\/69241"}],"wp:attachment":[{"href":"https:\/\/eltrabajo.cl\/portal\/wp-json\/wp\/v2\/media?parent=69240"}],"wp:term":[{"taxonomy":"category","embeddable":true,"href":"https:\/\/eltrabajo.cl\/portal\/wp-json\/wp\/v2\/categories?post=69240"},{"taxonomy":"post_tag","embeddable":true,"href":"https:\/\/eltrabajo.cl\/portal\/wp-json\/wp\/v2\/tags?post=69240"}],"curies":[{"name":"wp","href":"https:\/\/api.w.org\/{rel}","templated":true}]}}