{"id":69248,"date":"2016-04-29T09:10:33","date_gmt":"2016-04-29T12:10:33","guid":{"rendered":"http:\/\/www.eltrabajo.cl\/portal\/?p=69248"},"modified":"2016-04-29T09:10:33","modified_gmt":"2016-04-29T12:10:33","slug":"con-programa-yo-quiero-mi-barrio-celebran-22-anos-de-villa-argelia","status":"publish","type":"post","link":"https:\/\/eltrabajo.cl\/portal\/con-programa-yo-quiero-mi-barrio-celebran-22-anos-de-villa-argelia\/","title":{"rendered":"Con programa \u2018Yo quiero mi barrio\u2019 celebran 22 a\u00f1os de villa Argelia"},"content":{"rendered":"<ul>\n<li><strong>Municipio y Vivienda aportan m\u00e1s de $650 millones:<\/strong><\/li>\n<\/ul>\n<p>La noche de este mi\u00e9rcoles se celebr\u00f3 en villa Argelia el 22\u00ba Aniversario de la junta vecinal del sector, es por ello que con miras a conocer una m\u00e1s sobre el accionar de esta agrupaci\u00f3n comunal, misma que naci\u00f3 como la Cooperativa de Vivienda Villa Argelia Ltda., fundada en 1981. A la gala de aniversario acudi\u00f3 el alcalde Patricio Freire; los Core Mario Sottolichio e Iv\u00e1n Reyes, concejales de nuestra comuna y muchos vecinos del sector.<\/p>\n<p><strong>HAY $650 MILLONES<\/strong><br \/>\n\u00abPara nosotros es muy importante que las autoridades nos acompa\u00f1aran en esta gala, con el tiempo, estas autoridades han ido tomando cercano conocimiento de nuestras necesidades como junta vecinal, esto apunta a la creaci\u00f3n de una multicancha; pavimentaci\u00f3n de nuestros pasajes. Fue as\u00ed como gracias a un convenio entre el Municipio y el Ministerio de Vivienda, nos adjudicamos un proyecto de $650 millones del proyecto \u2018Yo quiero mi barrio\u2019, el que durar\u00e1 tres a\u00f1os en desarrollarse, seremos nosotros los vecinos quienes decidamos en qu\u00e9 y c\u00f3mo aprovecharemos esta plata de todos\u00bb, explic\u00f3 a Diario El Trabajo el presidente de la junta vecinal de villa Argelia, Rodrigo Llanos.<br \/>\nPor su parte el alcalde Patricio Freire, coment\u00f3 que \u00abpr\u00f3ximamente estaremos invirtiendo bastante en esta poblaci\u00f3n, tambi\u00e9n el proyecto de Borde Quilpu\u00e9 estar\u00e1 favoreciendo el sector, ser\u00e1n los mismos vecinos quienes nos den las pautas a seguir, haremos una sede vecinal nueva y una multicancha entre otras cosas\u00bb, dijo el edil.<\/p>\n<p><strong>QUIERO MI BARRIO<\/strong><br \/>\nNuestro medio habl\u00f3 con estos j\u00f3venes profesionales de \u2018Yo quiero mi barrio\u2019, Luis Pinilla, Lorena Bustamante y Jaime Mu\u00f1oz, quien coment\u00f3 que \u00abdesde marzo iniciamos con nuestro trabajo, de momento estamos realizando un sondeo general para establecer las pautas por seguir y las necesidades puntuales y colectivas en este sector. Lo haremos por medio de talleres con cada uno de los segmentos de la poblaci\u00f3n, ni\u00f1os, j\u00f3venes y adultos. Este programa es de recuperaci\u00f3n de barrios, trabajaremos problem\u00e1ticas sociales, reparaci\u00f3n y generar espacios p\u00fablicos, trabajaremos de manera integral, nuestra oficina est\u00e1 en avenida Chile 1164, aqu\u00ed mismo en esta poblaci\u00f3n\u00bb, dijo Mu\u00f1oz.<\/p>\n<p><strong>BREVE RESE\u00d1A<\/strong><br \/>\nEsta poblaci\u00f3n naci\u00f3 como un grupo de vecinos de los sectores aleda\u00f1os a Poblaci\u00f3n Manuel Rodr\u00edguez, comenzaron a reunirse en la sede de dicha poblaci\u00f3n con la finalidad de conformar un comit\u00e9 habitacional para acceder a la compra de un terreno y posteriormente a la construcci\u00f3n de un conjunto habitacional.<br \/>\nAs\u00ed, el 23 de diciembre de 1981 se tom\u00f3 el acuerdo de adquirir los terrenos de la Comunidad Bulnes Villanueva, bajo una modalidad \u00fanica; cada persona compraba una parte del pa\u00f1o del terreno, el que alcanzaba aproximadamente a 5,1 hect\u00e1reas. Los valores de los sitios alcanzaron montos que actualmente ser\u00edan considerados irrisorios; $22.000, los 200 m2, incluido lo que se ced\u00eda por concepto de urbanizaci\u00f3n, $33.000 los 300 m2.<br \/>\nEl martes 8 de marzo de 1983, se autoriz\u00f3 la existencia Legal de la Cooperativa de vivienda Rep\u00fablica de Argelia Ltda. La cooperativa, como toda instituci\u00f3n, tuvo que pasar por sus etapas de crisis y su consolidaci\u00f3n definitiva la alcanz\u00f3 cuando logr\u00f3 sus tres mayores aspiraciones: financiamiento del plano de loteo; postulaci\u00f3n al subsidio habitacional y adjudicaci\u00f3n del mismo y la construcci\u00f3n de las viviendas definitivas. Las casas fueron entregadas el s\u00e1bado 10 de septiembre de 1988, en una emotiva ceremonia.<br \/>\n<strong>Roberto Gonz\u00e1lez Short <\/strong><br \/>\n<strong>rgonzalez@eltrabajo.cl<\/strong><\/p>\n<figure id=\"attachment_69250\" aria-describedby=\"caption-attachment-69250\" style=\"width: 300px\" class=\"wp-caption alignleft\"><a href=\"http:\/\/www.eltrabajo.cl\/portal\/con-programa-yo-quiero-mi-barrio-celebran-22-anos-de-villa-argelia\/rodrigo-llanos-4\/\" rel=\"attachment wp-att-69250\"><img data-recalc-dims=\"1\" loading=\"lazy\" decoding=\"async\" class=\"size-medium wp-image-69250\" src=\"https:\/\/i0.wp.com\/www.eltrabajo.cl\/portal\/wp-content\/uploads\/2016\/04\/Rodrigo-Llanos-300x197.jpg?resize=300%2C197\" alt=\"Presidente de la junta vecinal de Villa Argelia, Rodrigo Llanos.\" width=\"300\" height=\"197\" srcset=\"https:\/\/i0.wp.com\/eltrabajo.cl\/portal\/wp-content\/uploads\/2016\/04\/Rodrigo-Llanos.jpg?resize=300%2C197&amp;ssl=1 300w, https:\/\/i0.wp.com\/eltrabajo.cl\/portal\/wp-content\/uploads\/2016\/04\/Rodrigo-Llanos.jpg?resize=200%2C131&amp;ssl=1 200w, https:\/\/i0.wp.com\/eltrabajo.cl\/portal\/wp-content\/uploads\/2016\/04\/Rodrigo-Llanos.jpg?resize=228%2C150&amp;ssl=1 228w, https:\/\/i0.wp.com\/eltrabajo.cl\/portal\/wp-content\/uploads\/2016\/04\/Rodrigo-Llanos.jpg?resize=400%2C263&amp;ssl=1 400w, https:\/\/i0.wp.com\/eltrabajo.cl\/portal\/wp-content\/uploads\/2016\/04\/Rodrigo-Llanos.jpg?w=530&amp;ssl=1 530w\" sizes=\"auto, (max-width: 300px) 100vw, 300px\" \/><\/a><figcaption id=\"caption-attachment-69250\" class=\"wp-caption-text\">Presidente de la junta vecinal de Villa Argelia, Rodrigo Llanos.<\/figcaption><\/figure>\n<figure id=\"attachment_69251\" aria-describedby=\"caption-attachment-69251\" style=\"width: 530px\" class=\"wp-caption alignleft\"><a href=\"http:\/\/www.eltrabajo.cl\/portal\/con-programa-yo-quiero-mi-barrio-celebran-22-anos-de-villa-argelia\/torta1-4\/\" rel=\"attachment wp-att-69251\"><img data-recalc-dims=\"1\" loading=\"lazy\" decoding=\"async\" class=\"size-full wp-image-69251\" src=\"https:\/\/i0.wp.com\/www.eltrabajo.cl\/portal\/wp-content\/uploads\/2016\/04\/Torta1.jpg?resize=530%2C350\" alt=\"S\u00daPER TORTA.- Alcalde y concejales acompa\u00f1aron al dirigente vecinal a soplar y apagar las velas de esa colosal torta de aniversario.\" width=\"530\" height=\"350\" srcset=\"https:\/\/i0.wp.com\/eltrabajo.cl\/portal\/wp-content\/uploads\/2016\/04\/Torta1.jpg?w=530&amp;ssl=1 530w, https:\/\/i0.wp.com\/eltrabajo.cl\/portal\/wp-content\/uploads\/2016\/04\/Torta1.jpg?resize=200%2C132&amp;ssl=1 200w, https:\/\/i0.wp.com\/eltrabajo.cl\/portal\/wp-content\/uploads\/2016\/04\/Torta1.jpg?resize=300%2C198&amp;ssl=1 300w, https:\/\/i0.wp.com\/eltrabajo.cl\/portal\/wp-content\/uploads\/2016\/04\/Torta1.jpg?resize=227%2C150&amp;ssl=1 227w, https:\/\/i0.wp.com\/eltrabajo.cl\/portal\/wp-content\/uploads\/2016\/04\/Torta1.jpg?resize=400%2C264&amp;ssl=1 400w\" sizes=\"auto, (max-width: 530px) 100vw, 530px\" \/><\/a><figcaption id=\"caption-attachment-69251\" class=\"wp-caption-text\">S\u00daPER TORTA.- Alcalde y concejales acompa\u00f1aron al dirigente vecinal a soplar y apagar las velas de esa colosal torta de aniversario.<\/figcaption><\/figure>\n<figure id=\"attachment_69249\" aria-describedby=\"caption-attachment-69249\" style=\"width: 530px\" class=\"wp-caption alignleft\"><a href=\"http:\/\/www.eltrabajo.cl\/portal\/con-programa-yo-quiero-mi-barrio-celebran-22-anos-de-villa-argelia\/vecinos2\/\" rel=\"attachment wp-att-69249\"><img data-recalc-dims=\"1\" loading=\"lazy\" decoding=\"async\" class=\"size-full wp-image-69249\" src=\"https:\/\/i0.wp.com\/www.eltrabajo.cl\/portal\/wp-content\/uploads\/2016\/04\/Vecinos2.jpg?resize=530%2C350\" alt=\"YO QUIER MI BARRIO.- Ellos son j\u00f3venes profesionales de Yo quiero mi barrio, Luis Pinilla, Lorena Bustamante y Jaime Mu\u00f1oz.\" width=\"530\" height=\"350\" srcset=\"https:\/\/i0.wp.com\/eltrabajo.cl\/portal\/wp-content\/uploads\/2016\/04\/Vecinos2.jpg?w=530&amp;ssl=1 530w, https:\/\/i0.wp.com\/eltrabajo.cl\/portal\/wp-content\/uploads\/2016\/04\/Vecinos2.jpg?resize=200%2C132&amp;ssl=1 200w, https:\/\/i0.wp.com\/eltrabajo.cl\/portal\/wp-content\/uploads\/2016\/04\/Vecinos2.jpg?resize=300%2C198&amp;ssl=1 300w, https:\/\/i0.wp.com\/eltrabajo.cl\/portal\/wp-content\/uploads\/2016\/04\/Vecinos2.jpg?resize=227%2C150&amp;ssl=1 227w, https:\/\/i0.wp.com\/eltrabajo.cl\/portal\/wp-content\/uploads\/2016\/04\/Vecinos2.jpg?resize=400%2C264&amp;ssl=1 400w\" sizes=\"auto, (max-width: 530px) 100vw, 530px\" \/><\/a><figcaption id=\"caption-attachment-69249\" class=\"wp-caption-text\">YO QUIER MI BARRIO.- Ellos son j\u00f3venes profesionales de Yo quiero mi barrio, Luis Pinilla, Lorena Bustamante y Jaime Mu\u00f1oz.<\/figcaption><\/figure>\n","protected":false},"excerpt":{"rendered":"<p>Municipio y Vivienda aportan m\u00e1s de $650 millones: La noche de este mi\u00e9rcoles se celebr\u00f3 en villa Argelia el 22\u00ba Aniversario de la junta vecinal del sector, es por ello que con&#8230;<\/p>\n","protected":false},"author":1,"featured_media":69249,"comment_status":"open","ping_status":"open","sticky":false,"template":"","format":"standard","meta":{"advanced_seo_description":"","jetpack_seo_html_title":"","jetpack_seo_noindex":false,"_jetpack_memberships_contains_paid_content":false,"footnotes":""},"categories":[15],"tags":[],"class_list":["post-69248","post","type-post","status-publish","format-standard","has-post-thumbnail","hentry","category-comunidad"],"jetpack_featured_media_url":"https:\/\/i0.wp.com\/eltrabajo.cl\/portal\/wp-content\/uploads\/2016\/04\/Vecinos2.jpg?fit=530%2C350&ssl=1","jetpack_sharing_enabled":true,"jetpack_likes_enabled":true,"jetpack-related-posts":[],"_links":{"self":[{"href":"https:\/\/eltrabajo.cl\/portal\/wp-json\/wp\/v2\/posts\/69248","targetHints":{"allow":["GET"]}}],"collection":[{"href":"https:\/\/eltrabajo.cl\/portal\/wp-json\/wp\/v2\/posts"}],"about":[{"href":"https:\/\/eltrabajo.cl\/portal\/wp-json\/wp\/v2\/types\/post"}],"author":[{"embeddable":true,"href":"https:\/\/eltrabajo.cl\/portal\/wp-json\/wp\/v2\/users\/1"}],"replies":[{"embeddable":true,"href":"https:\/\/eltrabajo.cl\/portal\/wp-json\/wp\/v2\/comments?post=69248"}],"version-history":[{"count":0,"href":"https:\/\/eltrabajo.cl\/portal\/wp-json\/wp\/v2\/posts\/69248\/revisions"}],"wp:featuredmedia":[{"embeddable":true,"href":"https:\/\/eltrabajo.cl\/portal\/wp-json\/wp\/v2\/media\/69249"}],"wp:attachment":[{"href":"https:\/\/eltrabajo.cl\/portal\/wp-json\/wp\/v2\/media?parent=69248"}],"wp:term":[{"taxonomy":"category","embeddable":true,"href":"https:\/\/eltrabajo.cl\/portal\/wp-json\/wp\/v2\/categories?post=69248"},{"taxonomy":"post_tag","embeddable":true,"href":"https:\/\/eltrabajo.cl\/portal\/wp-json\/wp\/v2\/tags?post=69248"}],"curies":[{"name":"wp","href":"https:\/\/api.w.org\/{rel}","templated":true}]}}