{"id":69258,"date":"2016-04-29T09:14:36","date_gmt":"2016-04-29T12:14:36","guid":{"rendered":"http:\/\/www.eltrabajo.cl\/portal\/?p=69258"},"modified":"2016-04-29T09:14:36","modified_gmt":"2016-04-29T12:14:36","slug":"comienza-mejoramiento-de-areas-verdes-y-cambio-de-luminarias-en-av-ohiggins","status":"publish","type":"post","link":"https:\/\/eltrabajo.cl\/portal\/comienza-mejoramiento-de-areas-verdes-y-cambio-de-luminarias-en-av-ohiggins\/","title":{"rendered":"Comienza mejoramiento de \u00e1reas verdes y cambio de luminarias en Av. O\u2019Higgins"},"content":{"rendered":"<p>Esta semana la Municipalidad comenz\u00f3 los trabajos de mejoramiento de \u00e1reas verdes en la avenida Bernardo O\u2019Higgins, lo que es un ambicioso proyecto de recuperaci\u00f3n de los espacios p\u00fablicos de la comuna, que comenz\u00f3 a ejecutarse el a\u00f1o pasado y que contempla la intervenci\u00f3n en todas las alamedas de San Felipe.<br \/>\nAs\u00ed lo anunci\u00f3 el alcalde Patricio Freire, quien en compa\u00f1\u00eda del administrador Municipal, Patricio Gonz\u00e1lez, se traslad\u00f3 hasta la alameda O\u2019Higgins para ver el inicio de los trabajos, que contempla el mejoramiento de las \u00e1reas verdes, la instalaci\u00f3n de mobiliario y el cambio de luminarias, entre otros trabajos.<br \/>\n\u201cNuevamente estamos en terreno, esta vez viendo el inicio de los trabajos de mejoramiento de esta avenida, donde estamos recuperando los espacios p\u00fablicos. Aqu\u00ed tenemos contemplado mejorar las \u00e1reas verdes, vamos a instalar riego tecnificado y a cambiar luminarias, para que los vecinos vuelvan a ocupar estos espacios y sean sectores de encuentro familiar\u201d, dijo el alcalde Patricio Freire.<br \/>\nLos trabajos de mejoramiento en avenida O\u2019Higgins contemplan una inversi\u00f3n de alrededor de 20 millones de pesos, recursos que provienen del municipio sanfelipe\u00f1o, mientras que la ejecuci\u00f3n estar\u00e1 a cargo de los funcionarios municipales.<br \/>\nA estas obras se suman las que se realizar\u00e1n en la avenida Chacabuco, donde se instalar\u00e1n 80 esca\u00f1os anti vand\u00e1licos, adem\u00e1s de juegos para ni\u00f1os, un proyecto muy esperado por los vecinos, lo que contempla una inversi\u00f3n de 108 millones de pesos, provenientes del Ministerio de Seguridad P\u00fablica.<br \/>\n\u201cEsperamos en agosto estar ejecutando este proyecto, que contempla riego tecnificado, la instalaci\u00f3n de esca\u00f1os anti vand\u00e1licos, luminarias y juegos infantiles. Es decir queremos tener unas lindas avenidas que puedan ser utilizadas por los vecinos de la comuna\u201d, dijo el jefe comunal.<br \/>\nTodos estos trabajos permiten, despu\u00e9s de a\u00f1os de no haber sido intervenidos, recuperar estos tradicionales espacios p\u00fablicos de la comuna.<br \/>\n\u201cEstamos contentos de continuar y terminar este tramo en la alameda, y seguiremos en la \u2018pileta de los sapitos\u2019, como es conocida por los vecinos y estar\u00edamos cumpliendo el gran objetivo de recuperar Yungay, Chacabuco y O\u2019Higgins. Tambi\u00e9n destacar que en la alameda Yungay estamos terminando con fondos de la Subdere, la instalaci\u00f3n de las veredas que son dos tramos que nos faltaba concluir\u201d, dijo Patricio Gonz\u00e1lez.<\/p>\n<figure id=\"attachment_69259\" aria-describedby=\"caption-attachment-69259\" style=\"width: 530px\" class=\"wp-caption alignleft\"><a href=\"http:\/\/www.eltrabajo.cl\/portal\/comienza-mejoramiento-de-areas-verdes-y-cambio-de-luminarias-en-av-ohiggins\/trabajos-ohiggins-2\/\" rel=\"attachment wp-att-69259\"><img data-recalc-dims=\"1\" loading=\"lazy\" decoding=\"async\" class=\"size-full wp-image-69259\" src=\"https:\/\/i0.wp.com\/www.eltrabajo.cl\/portal\/wp-content\/uploads\/2016\/04\/trabajos-ohiggins-2.jpg?resize=530%2C350\" alt=\"El alcalde Freire y personeros municipales asistieron al inicio de los trabajos de mejoramiento de \u00e1reas verdes y cambio de luminarias en avenida Bernardo O\u2019Higgins.\" width=\"530\" height=\"350\" srcset=\"https:\/\/i0.wp.com\/eltrabajo.cl\/portal\/wp-content\/uploads\/2016\/04\/trabajos-ohiggins-2.jpg?w=530&amp;ssl=1 530w, https:\/\/i0.wp.com\/eltrabajo.cl\/portal\/wp-content\/uploads\/2016\/04\/trabajos-ohiggins-2.jpg?resize=200%2C132&amp;ssl=1 200w, https:\/\/i0.wp.com\/eltrabajo.cl\/portal\/wp-content\/uploads\/2016\/04\/trabajos-ohiggins-2.jpg?resize=300%2C198&amp;ssl=1 300w, https:\/\/i0.wp.com\/eltrabajo.cl\/portal\/wp-content\/uploads\/2016\/04\/trabajos-ohiggins-2.jpg?resize=227%2C150&amp;ssl=1 227w, https:\/\/i0.wp.com\/eltrabajo.cl\/portal\/wp-content\/uploads\/2016\/04\/trabajos-ohiggins-2.jpg?resize=400%2C264&amp;ssl=1 400w\" sizes=\"auto, (max-width: 530px) 100vw, 530px\" \/><\/a><figcaption id=\"caption-attachment-69259\" class=\"wp-caption-text\">El alcalde Freire y personeros municipales asistieron al inicio de los trabajos de mejoramiento de \u00e1reas verdes y cambio de luminarias en avenida Bernardo O\u2019Higgins.<\/figcaption><\/figure>\n<figure id=\"attachment_69260\" aria-describedby=\"caption-attachment-69260\" style=\"width: 530px\" class=\"wp-caption alignleft\"><a href=\"http:\/\/www.eltrabajo.cl\/portal\/comienza-mejoramiento-de-areas-verdes-y-cambio-de-luminarias-en-av-ohiggins\/trabajos-ohiggins\/\" rel=\"attachment wp-att-69260\"><img data-recalc-dims=\"1\" loading=\"lazy\" decoding=\"async\" class=\"size-full wp-image-69260\" src=\"https:\/\/i0.wp.com\/www.eltrabajo.cl\/portal\/wp-content\/uploads\/2016\/04\/trabajos-ohiggins.jpg?resize=530%2C350\" alt=\"Los trabajos forman parte de un ambicioso proyecto de recuperaci\u00f3n de las alamedas, que son tradicionales sectores de San Felipe y que ha sido impulsado por el alcalde Freire.\" width=\"530\" height=\"350\" srcset=\"https:\/\/i0.wp.com\/eltrabajo.cl\/portal\/wp-content\/uploads\/2016\/04\/trabajos-ohiggins.jpg?w=530&amp;ssl=1 530w, https:\/\/i0.wp.com\/eltrabajo.cl\/portal\/wp-content\/uploads\/2016\/04\/trabajos-ohiggins.jpg?resize=200%2C132&amp;ssl=1 200w, https:\/\/i0.wp.com\/eltrabajo.cl\/portal\/wp-content\/uploads\/2016\/04\/trabajos-ohiggins.jpg?resize=300%2C198&amp;ssl=1 300w, https:\/\/i0.wp.com\/eltrabajo.cl\/portal\/wp-content\/uploads\/2016\/04\/trabajos-ohiggins.jpg?resize=227%2C150&amp;ssl=1 227w, https:\/\/i0.wp.com\/eltrabajo.cl\/portal\/wp-content\/uploads\/2016\/04\/trabajos-ohiggins.jpg?resize=400%2C264&amp;ssl=1 400w\" sizes=\"auto, (max-width: 530px) 100vw, 530px\" \/><\/a><figcaption id=\"caption-attachment-69260\" class=\"wp-caption-text\">Los trabajos forman parte de un ambicioso proyecto de recuperaci\u00f3n de las alamedas, que son tradicionales sectores de San Felipe y que ha sido impulsado por el alcalde Freire.<\/figcaption><\/figure>\n","protected":false},"excerpt":{"rendered":"<p>Esta semana la Municipalidad comenz\u00f3 los trabajos de mejoramiento de \u00e1reas verdes en la avenida Bernardo O\u2019Higgins, lo que es un ambicioso proyecto de recuperaci\u00f3n de los espacios p\u00fablicos de la comuna,&#8230;<\/p>\n","protected":false},"author":1,"featured_media":69260,"comment_status":"open","ping_status":"open","sticky":false,"template":"","format":"standard","meta":{"advanced_seo_description":"","jetpack_seo_html_title":"","jetpack_seo_noindex":false,"_jetpack_memberships_contains_paid_content":false,"footnotes":""},"categories":[1],"tags":[],"class_list":["post-69258","post","type-post","status-publish","format-standard","has-post-thumbnail","hentry","category-cronica"],"jetpack_featured_media_url":"https:\/\/i0.wp.com\/eltrabajo.cl\/portal\/wp-content\/uploads\/2016\/04\/trabajos-ohiggins.jpg?fit=530%2C350&ssl=1","jetpack_sharing_enabled":true,"jetpack_likes_enabled":true,"jetpack-related-posts":[],"_links":{"self":[{"href":"https:\/\/eltrabajo.cl\/portal\/wp-json\/wp\/v2\/posts\/69258","targetHints":{"allow":["GET"]}}],"collection":[{"href":"https:\/\/eltrabajo.cl\/portal\/wp-json\/wp\/v2\/posts"}],"about":[{"href":"https:\/\/eltrabajo.cl\/portal\/wp-json\/wp\/v2\/types\/post"}],"author":[{"embeddable":true,"href":"https:\/\/eltrabajo.cl\/portal\/wp-json\/wp\/v2\/users\/1"}],"replies":[{"embeddable":true,"href":"https:\/\/eltrabajo.cl\/portal\/wp-json\/wp\/v2\/comments?post=69258"}],"version-history":[{"count":0,"href":"https:\/\/eltrabajo.cl\/portal\/wp-json\/wp\/v2\/posts\/69258\/revisions"}],"wp:featuredmedia":[{"embeddable":true,"href":"https:\/\/eltrabajo.cl\/portal\/wp-json\/wp\/v2\/media\/69260"}],"wp:attachment":[{"href":"https:\/\/eltrabajo.cl\/portal\/wp-json\/wp\/v2\/media?parent=69258"}],"wp:term":[{"taxonomy":"category","embeddable":true,"href":"https:\/\/eltrabajo.cl\/portal\/wp-json\/wp\/v2\/categories?post=69258"},{"taxonomy":"post_tag","embeddable":true,"href":"https:\/\/eltrabajo.cl\/portal\/wp-json\/wp\/v2\/tags?post=69258"}],"curies":[{"name":"wp","href":"https:\/\/api.w.org\/{rel}","templated":true}]}}