{"id":69268,"date":"2016-04-29T09:29:57","date_gmt":"2016-04-29T12:29:57","guid":{"rendered":"http:\/\/www.eltrabajo.cl\/portal\/?p=69268"},"modified":"2016-04-29T09:29:57","modified_gmt":"2016-04-29T12:29:57","slug":"para-el-14-y-15-de-mayo-reprograman-fiesta-de-la-vendimia-en-almendral","status":"publish","type":"post","link":"https:\/\/eltrabajo.cl\/portal\/para-el-14-y-15-de-mayo-reprograman-fiesta-de-la-vendimia-en-almendral\/","title":{"rendered":"Para el 14 y 15 de mayo reprograman Fiesta de la Vendimia en Almendral"},"content":{"rendered":"<figure id=\"attachment_69269\" aria-describedby=\"caption-attachment-69269\" style=\"width: 300px\" class=\"wp-caption alignleft\"><a href=\"http:\/\/www.eltrabajo.cl\/portal\/para-el-14-y-15-de-mayo-reprograman-fiesta-de-la-vendimia-en-almendral\/el-temucano\/\" rel=\"attachment wp-att-69269\"><img data-recalc-dims=\"1\" loading=\"lazy\" decoding=\"async\" class=\"wp-image-69269 size-medium\" src=\"https:\/\/i0.wp.com\/www.eltrabajo.cl\/portal\/wp-content\/uploads\/2016\/04\/El-temucano-300x198.jpg?resize=300%2C198\" alt=\"El 15 de mayo, Tito Fern\u00e1ndez \u00abEl Temucano\u00bb, ser\u00e1 el encargado de cerrar el festival.\" width=\"300\" height=\"198\" srcset=\"https:\/\/i0.wp.com\/eltrabajo.cl\/portal\/wp-content\/uploads\/2016\/04\/El-temucano.jpg?resize=300%2C198&amp;ssl=1 300w, https:\/\/i0.wp.com\/eltrabajo.cl\/portal\/wp-content\/uploads\/2016\/04\/El-temucano.jpg?resize=200%2C132&amp;ssl=1 200w, https:\/\/i0.wp.com\/eltrabajo.cl\/portal\/wp-content\/uploads\/2016\/04\/El-temucano.jpg?resize=227%2C150&amp;ssl=1 227w, https:\/\/i0.wp.com\/eltrabajo.cl\/portal\/wp-content\/uploads\/2016\/04\/El-temucano.jpg?resize=400%2C264&amp;ssl=1 400w, https:\/\/i0.wp.com\/eltrabajo.cl\/portal\/wp-content\/uploads\/2016\/04\/El-temucano.jpg?w=530&amp;ssl=1 530w\" sizes=\"auto, (max-width: 300px) 100vw, 300px\" \/><\/a><figcaption id=\"caption-attachment-69269\" class=\"wp-caption-text\">El 15 de mayo, Tito Fern\u00e1ndez \u00abEl Temucano\u00bb, ser\u00e1 el encargado de cerrar el festival.<\/figcaption><\/figure>\n<ul>\n<li><strong>Municipio confirm\u00f3 que estar\u00e1n presentes todos los artistas que se hab\u00edan anunciado como los invitados para esta nueva versi\u00f3n.<\/strong><\/li>\n<\/ul>\n<p>Tras una serie de gestiones para hacer coincidir las agendas de los artistas invitados y verificar los informes de proyecciones meteorol\u00f3gicas, este jueves la municipalidad de San Felipe, a trav\u00e9s del coordinador comunal de Cultura, Ricardo Ruiz Herrera, inform\u00f3 que la Fiesta de la Vendimia fue reprogramada para los d\u00edas 14 y 15 de mayo pr\u00f3ximo.<br \/>\nEn conferencia de prensa ofrecida en la ma\u00f1ana de este mi\u00e9rcoles, Ruiz Herrera record\u00f3 que debido al sistema frontal que se tradujo en fuertes precipitaciones hace un par de semanas, fue suspendida la Fiesta de la Vendimia, no obstante se espera que esta nueva fecha se cumpla y los vecinos y vecinas de Aconcagua, la regi\u00f3n y el pa\u00eds, puedan participar de un evento de enorme categor\u00eda que ha sido rescatado por la municipalidad de San Felipe, a instancias del Alcalde Patricio Freire, sostuvo Ruiz.<br \/>\nEl coordinador de Cultura se\u00f1al\u00f3 que la Fiesta de la Vendimia de San Felipe contar\u00e1 con la participaci\u00f3n de 13 vi\u00f1as y productores de licores pertenecientes principalmente al Valle de Aconcagua, adem\u00e1s de un centenar de puestos de artesan\u00eda, degustaci\u00f3n de platos t\u00edpicos, elecci\u00f3n de la reina de la vendimia y la m\u00fasica a cargo de artistas y agrupaciones locales y de renombre nacional, como Tito Fern\u00e1ndez \u00abEl Temucano\u00bb, el grupo Chancho en Piedra, el folclorista \u00abEl Clavel\u00bb y Nicol\u00e1s Poblete.<br \/>\nAsimismo, la animaci\u00f3n estar\u00e1 a cargo de Medelayn Dixon y Julito Aravena.<br \/>\n\u00abEstamos muy contentos, pues luego de diversas gestiones con los artistas principalmente, para hacer coincidir sus agendas de presentaciones, logramos definir la fecha de realizaci\u00f3n de la Fiesta de la Vendimia, que sabemos es un evento muy esperado por los vecinos y vecinas de nuestra comuna, por lo que estamos entusiasmados de lograr los d\u00edas 14 y 15 de mayo, una muy buena convocatoria\u00bb, se\u00f1al\u00f3 Ricardo Ruiz.<br \/>\nDe esta forma, la programaci\u00f3n qued\u00f3 definida de la siguiente manera: el d\u00eda s\u00e1bado 14 de mayo se presentar\u00e1n los Cuequeros de Putaendo, habr\u00e1 competencia de juegos t\u00edpicos, as\u00ed como los espect\u00e1culos de Asiris, PAPA (Por Aqu\u00ed Pasan Aviones), El Clavel y Chancho en Piedra.<br \/>\nEl d\u00eda domingo 15 de mayo, al mediod\u00eda se realizar\u00e1 la Misa a la Chilena en la Iglesia de Almendral, y en la parrilla art\u00edstica est\u00e1n considerados Warany Latinoamericano, Nicol\u00e1s Poblete y los Piolas del Lote, para cerrar la Fiesta Tito Fern\u00e1ndez \u00abEl Temucano\u00bb.<\/p>\n","protected":false},"excerpt":{"rendered":"<p>Municipio confirm\u00f3 que estar\u00e1n presentes todos los artistas que se hab\u00edan anunciado como los invitados para esta nueva versi\u00f3n. Tras una serie de gestiones para hacer coincidir las agendas de los artistas&#8230;<\/p>\n","protected":false},"author":1,"featured_media":69269,"comment_status":"open","ping_status":"open","sticky":false,"template":"","format":"standard","meta":{"advanced_seo_description":"","jetpack_seo_html_title":"","jetpack_seo_noindex":false,"_jetpack_memberships_contains_paid_content":false,"footnotes":""},"categories":[15],"tags":[],"class_list":["post-69268","post","type-post","status-publish","format-standard","has-post-thumbnail","hentry","category-comunidad"],"jetpack_featured_media_url":"https:\/\/i0.wp.com\/eltrabajo.cl\/portal\/wp-content\/uploads\/2016\/04\/El-temucano.jpg?fit=530%2C350&ssl=1","jetpack_sharing_enabled":true,"jetpack_likes_enabled":true,"jetpack-related-posts":[],"_links":{"self":[{"href":"https:\/\/eltrabajo.cl\/portal\/wp-json\/wp\/v2\/posts\/69268","targetHints":{"allow":["GET"]}}],"collection":[{"href":"https:\/\/eltrabajo.cl\/portal\/wp-json\/wp\/v2\/posts"}],"about":[{"href":"https:\/\/eltrabajo.cl\/portal\/wp-json\/wp\/v2\/types\/post"}],"author":[{"embeddable":true,"href":"https:\/\/eltrabajo.cl\/portal\/wp-json\/wp\/v2\/users\/1"}],"replies":[{"embeddable":true,"href":"https:\/\/eltrabajo.cl\/portal\/wp-json\/wp\/v2\/comments?post=69268"}],"version-history":[{"count":0,"href":"https:\/\/eltrabajo.cl\/portal\/wp-json\/wp\/v2\/posts\/69268\/revisions"}],"wp:featuredmedia":[{"embeddable":true,"href":"https:\/\/eltrabajo.cl\/portal\/wp-json\/wp\/v2\/media\/69269"}],"wp:attachment":[{"href":"https:\/\/eltrabajo.cl\/portal\/wp-json\/wp\/v2\/media?parent=69268"}],"wp:term":[{"taxonomy":"category","embeddable":true,"href":"https:\/\/eltrabajo.cl\/portal\/wp-json\/wp\/v2\/categories?post=69268"},{"taxonomy":"post_tag","embeddable":true,"href":"https:\/\/eltrabajo.cl\/portal\/wp-json\/wp\/v2\/tags?post=69268"}],"curies":[{"name":"wp","href":"https:\/\/api.w.org\/{rel}","templated":true}]}}