{"id":69273,"date":"2016-04-29T09:34:03","date_gmt":"2016-04-29T12:34:03","guid":{"rendered":"http:\/\/www.eltrabajo.cl\/portal\/?p=69273"},"modified":"2016-04-29T09:34:03","modified_gmt":"2016-04-29T12:34:03","slug":"apoderados-se-toman-calle-y-exigen-lomo-de-toro-frente-a-la-escuela","status":"publish","type":"post","link":"https:\/\/eltrabajo.cl\/portal\/apoderados-se-toman-calle-y-exigen-lomo-de-toro-frente-a-la-escuela\/","title":{"rendered":"Apoderados se toman calle y exigen lomo de toro frente a la escuela"},"content":{"rendered":"<p>Pareciera, seg\u00fan queda demostrado con los recientes reductores de velocidad que Vialidad instal\u00f3 en calle Michimalongo, que obtener estos importantes dispositivos de seguridad vial s\u00f3lo se logra a base de reclamos, bloqueos y tomas de caminos. As\u00ed las cosas, el turno de alzar la voz este jueves le correspondi\u00f3 a los vecinos de Bucalemu, quienes se lanzaron a la calle con pancartas de cart\u00f3n en donde expresaban su urgente necesidad de contar con lomos de toro frente a la escuela.<br \/>\nLos conductores se encontraron con la sorpresa en el camino, la mayor\u00eda dieron la vuelta y buscaron otras v\u00edas, un camionero, don \u00c1lvaro Fern\u00e1ndez, por algunos instantes se enfrasc\u00f3 en discusiones con los apoderados, posteriormente comprendi\u00f3 las razones del bloqueo y decidi\u00f3 tambi\u00e9n devolverse.<\/p>\n<p><strong>EVITAR PELIGRO<\/strong><br \/>\nEl bloqueo se realiz\u00f3 por varias horas de la ma\u00f1ana, puntualmente frente a la escuela Bucalemu, este bloqueo lo desarroll\u00f3 la Junta de Padres de ese centro educativo, \u00abnosotros estamos haciendo esto, por nuestros hijos, porque en cualquier momento ocurrir\u00e1 un accidente que nos doler\u00e1 a todos, aqu\u00ed pasan autos y camiones a gran velocidad, \u00bfc\u00f3mo puede ser en calle Michimalongo s\u00ed pusieran lomos de toro y aqu\u00ed no?, le pedimos al alcalde Patricio Freire que nos eche una manito, porque a\u00fan estamos a tiempo de evitar una tragedia\u00bb, afirm\u00f3 la dirigente Ver\u00f3nica S\u00e1nchez.<\/p>\n<p><strong>YA FUE PEDIDO<\/strong><br \/>\nDiario El Trabajo habl\u00f3 con Claudio Paredes, Secplac del Municipio, quien explic\u00f3 a nuestro medio que \u00abnosotros como Municipio estamos imposibilitados de gestionar un lomo de toro para esa escuela, ya que es un sector rural, esa labor le corresponde a la Direcci\u00f3n de Vialidad del MOP, ellos hace un a\u00f1o recibieron nuestra solicitud para que instalaran este dispositivo frente a esa escuela, nos respondieron que ya hab\u00edan incluido tal gesti\u00f3n en un proyecto de escuelas rurales que desarrollar\u00e1n en lo que falta de 2016, por lo que estamos esperando a que lo instalen\u00bb, dijo el funcionario municipal.<br \/>\n<strong>Roberto Gonz\u00e1lez Short<\/strong><br \/>\n<strong>rgonzalez@eltrabajo.cl<\/strong><\/p>\n<figure id=\"attachment_69274\" aria-describedby=\"caption-attachment-69274\" style=\"width: 530px\" class=\"wp-caption alignleft\"><a href=\"http:\/\/www.eltrabajo.cl\/portal\/apoderados-se-toman-calle-y-exigen-lomo-de-toro-frente-a-la-escuela\/bloqueo33\/\" rel=\"attachment wp-att-69274\"><img data-recalc-dims=\"1\" loading=\"lazy\" decoding=\"async\" class=\"size-full wp-image-69274\" src=\"https:\/\/i0.wp.com\/www.eltrabajo.cl\/portal\/wp-content\/uploads\/2016\/04\/Bloqueo33.jpg?resize=530%2C349\" alt=\"EST\u00c1N HARTOS.- Decenas de apoderados de la Escuela Bucalemu salieron a la calle para bloquearla, exigiendo la colocaci\u00f3n de un lomo de toro frente a esa casa estudiantil.\" width=\"530\" height=\"349\" srcset=\"https:\/\/i0.wp.com\/eltrabajo.cl\/portal\/wp-content\/uploads\/2016\/04\/Bloqueo33.jpg?w=530&amp;ssl=1 530w, https:\/\/i0.wp.com\/eltrabajo.cl\/portal\/wp-content\/uploads\/2016\/04\/Bloqueo33.jpg?resize=200%2C132&amp;ssl=1 200w, https:\/\/i0.wp.com\/eltrabajo.cl\/portal\/wp-content\/uploads\/2016\/04\/Bloqueo33.jpg?resize=300%2C198&amp;ssl=1 300w, https:\/\/i0.wp.com\/eltrabajo.cl\/portal\/wp-content\/uploads\/2016\/04\/Bloqueo33.jpg?resize=228%2C150&amp;ssl=1 228w, https:\/\/i0.wp.com\/eltrabajo.cl\/portal\/wp-content\/uploads\/2016\/04\/Bloqueo33.jpg?resize=400%2C263&amp;ssl=1 400w\" sizes=\"auto, (max-width: 530px) 100vw, 530px\" \/><\/a><figcaption id=\"caption-attachment-69274\" class=\"wp-caption-text\">EST\u00c1N HARTOS.- Decenas de apoderados de la Escuela Bucalemu salieron a la calle para bloquearla, exigiendo la colocaci\u00f3n de un lomo de toro frente a esa casa estudiantil.<\/figcaption><\/figure>\n<figure id=\"attachment_69276\" aria-describedby=\"caption-attachment-69276\" style=\"width: 530px\" class=\"wp-caption alignleft\"><a href=\"http:\/\/www.eltrabajo.cl\/portal\/apoderados-se-toman-calle-y-exigen-lomo-de-toro-frente-a-la-escuela\/chofer1\/\" rel=\"attachment wp-att-69276\"><img data-recalc-dims=\"1\" loading=\"lazy\" decoding=\"async\" class=\"size-full wp-image-69276\" src=\"https:\/\/i0.wp.com\/www.eltrabajo.cl\/portal\/wp-content\/uploads\/2016\/04\/Chofer1.jpg?resize=530%2C348\" alt=\"CHOFER MOLESTO.- Don \u00c1lvaro Fern\u00e1ndez intent\u00f3 pasar el bloqueo, finalmente los vecinos se lo impidieron.\" width=\"530\" height=\"348\" srcset=\"https:\/\/i0.wp.com\/eltrabajo.cl\/portal\/wp-content\/uploads\/2016\/04\/Chofer1.jpg?w=530&amp;ssl=1 530w, https:\/\/i0.wp.com\/eltrabajo.cl\/portal\/wp-content\/uploads\/2016\/04\/Chofer1.jpg?resize=200%2C131&amp;ssl=1 200w, https:\/\/i0.wp.com\/eltrabajo.cl\/portal\/wp-content\/uploads\/2016\/04\/Chofer1.jpg?resize=300%2C197&amp;ssl=1 300w, https:\/\/i0.wp.com\/eltrabajo.cl\/portal\/wp-content\/uploads\/2016\/04\/Chofer1.jpg?resize=228%2C150&amp;ssl=1 228w, https:\/\/i0.wp.com\/eltrabajo.cl\/portal\/wp-content\/uploads\/2016\/04\/Chofer1.jpg?resize=400%2C263&amp;ssl=1 400w\" sizes=\"auto, (max-width: 530px) 100vw, 530px\" \/><\/a><figcaption id=\"caption-attachment-69276\" class=\"wp-caption-text\">CHOFER MOLESTO.- Don \u00c1lvaro Fern\u00e1ndez intent\u00f3 pasar el bloqueo, finalmente los vecinos se lo impidieron.<\/figcaption><\/figure>\n<figure id=\"attachment_69277\" aria-describedby=\"caption-attachment-69277\" style=\"width: 530px\" class=\"wp-caption alignleft\"><a href=\"http:\/\/www.eltrabajo.cl\/portal\/apoderados-se-toman-calle-y-exigen-lomo-de-toro-frente-a-la-escuela\/chofer2\/\" rel=\"attachment wp-att-69277\"><img data-recalc-dims=\"1\" loading=\"lazy\" decoding=\"async\" class=\"size-full wp-image-69277\" src=\"https:\/\/i0.wp.com\/www.eltrabajo.cl\/portal\/wp-content\/uploads\/2016\/04\/Chofer2.jpg?resize=530%2C348\" alt=\"SIN PASO.- Los conductores en sus autos debieron devolverse y buscar otra ruta mientras dur\u00f3 el bloqueo.\" width=\"530\" height=\"348\" srcset=\"https:\/\/i0.wp.com\/eltrabajo.cl\/portal\/wp-content\/uploads\/2016\/04\/Chofer2.jpg?w=530&amp;ssl=1 530w, https:\/\/i0.wp.com\/eltrabajo.cl\/portal\/wp-content\/uploads\/2016\/04\/Chofer2.jpg?resize=200%2C131&amp;ssl=1 200w, https:\/\/i0.wp.com\/eltrabajo.cl\/portal\/wp-content\/uploads\/2016\/04\/Chofer2.jpg?resize=300%2C197&amp;ssl=1 300w, https:\/\/i0.wp.com\/eltrabajo.cl\/portal\/wp-content\/uploads\/2016\/04\/Chofer2.jpg?resize=228%2C150&amp;ssl=1 228w, https:\/\/i0.wp.com\/eltrabajo.cl\/portal\/wp-content\/uploads\/2016\/04\/Chofer2.jpg?resize=400%2C263&amp;ssl=1 400w\" sizes=\"auto, (max-width: 530px) 100vw, 530px\" \/><\/a><figcaption id=\"caption-attachment-69277\" class=\"wp-caption-text\">SIN PASO.- Los conductores en sus autos debieron devolverse y buscar otra ruta mientras dur\u00f3 el bloqueo.<\/figcaption><\/figure>\n<figure id=\"attachment_69275\" aria-describedby=\"caption-attachment-69275\" style=\"width: 300px\" class=\"wp-caption alignleft\"><a href=\"http:\/\/www.eltrabajo.cl\/portal\/apoderados-se-toman-calle-y-exigen-lomo-de-toro-frente-a-la-escuela\/veronica-sanchez\/\" rel=\"attachment wp-att-69275\"><img data-recalc-dims=\"1\" loading=\"lazy\" decoding=\"async\" class=\"wp-image-69275 size-medium\" src=\"https:\/\/i0.wp.com\/www.eltrabajo.cl\/portal\/wp-content\/uploads\/2016\/04\/Veronica-Sanchez-300x198.jpg?resize=300%2C198\" alt=\"Ver\u00f3nica S\u00e1nchez, dirigente del Centro de Padres de la escuela Bucalemu.\" width=\"300\" height=\"198\" srcset=\"https:\/\/i0.wp.com\/eltrabajo.cl\/portal\/wp-content\/uploads\/2016\/04\/Veronica-Sanchez.jpg?resize=300%2C198&amp;ssl=1 300w, https:\/\/i0.wp.com\/eltrabajo.cl\/portal\/wp-content\/uploads\/2016\/04\/Veronica-Sanchez.jpg?resize=200%2C132&amp;ssl=1 200w, https:\/\/i0.wp.com\/eltrabajo.cl\/portal\/wp-content\/uploads\/2016\/04\/Veronica-Sanchez.jpg?resize=227%2C150&amp;ssl=1 227w, https:\/\/i0.wp.com\/eltrabajo.cl\/portal\/wp-content\/uploads\/2016\/04\/Veronica-Sanchez.jpg?resize=400%2C264&amp;ssl=1 400w, https:\/\/i0.wp.com\/eltrabajo.cl\/portal\/wp-content\/uploads\/2016\/04\/Veronica-Sanchez.jpg?w=530&amp;ssl=1 530w\" sizes=\"auto, (max-width: 300px) 100vw, 300px\" \/><\/a><figcaption id=\"caption-attachment-69275\" class=\"wp-caption-text\">Ver\u00f3nica S\u00e1nchez, dirigente del Centro de Padres de la escuela Bucalemu.<\/figcaption><\/figure>\n","protected":false},"excerpt":{"rendered":"<p>Pareciera, seg\u00fan queda demostrado con los recientes reductores de velocidad que Vialidad instal\u00f3 en calle Michimalongo, que obtener estos importantes dispositivos de seguridad vial s\u00f3lo se logra a base de reclamos, bloqueos&#8230;<\/p>\n","protected":false},"author":1,"featured_media":69274,"comment_status":"open","ping_status":"open","sticky":false,"template":"","format":"standard","meta":{"advanced_seo_description":"","jetpack_seo_html_title":"","jetpack_seo_noindex":false,"_jetpack_memberships_contains_paid_content":false,"footnotes":""},"categories":[15],"tags":[],"class_list":["post-69273","post","type-post","status-publish","format-standard","has-post-thumbnail","hentry","category-comunidad"],"jetpack_featured_media_url":"https:\/\/i0.wp.com\/eltrabajo.cl\/portal\/wp-content\/uploads\/2016\/04\/Bloqueo33.jpg?fit=530%2C349&ssl=1","jetpack_sharing_enabled":true,"jetpack_likes_enabled":true,"jetpack-related-posts":[],"_links":{"self":[{"href":"https:\/\/eltrabajo.cl\/portal\/wp-json\/wp\/v2\/posts\/69273","targetHints":{"allow":["GET"]}}],"collection":[{"href":"https:\/\/eltrabajo.cl\/portal\/wp-json\/wp\/v2\/posts"}],"about":[{"href":"https:\/\/eltrabajo.cl\/portal\/wp-json\/wp\/v2\/types\/post"}],"author":[{"embeddable":true,"href":"https:\/\/eltrabajo.cl\/portal\/wp-json\/wp\/v2\/users\/1"}],"replies":[{"embeddable":true,"href":"https:\/\/eltrabajo.cl\/portal\/wp-json\/wp\/v2\/comments?post=69273"}],"version-history":[{"count":0,"href":"https:\/\/eltrabajo.cl\/portal\/wp-json\/wp\/v2\/posts\/69273\/revisions"}],"wp:featuredmedia":[{"embeddable":true,"href":"https:\/\/eltrabajo.cl\/portal\/wp-json\/wp\/v2\/media\/69274"}],"wp:attachment":[{"href":"https:\/\/eltrabajo.cl\/portal\/wp-json\/wp\/v2\/media?parent=69273"}],"wp:term":[{"taxonomy":"category","embeddable":true,"href":"https:\/\/eltrabajo.cl\/portal\/wp-json\/wp\/v2\/categories?post=69273"},{"taxonomy":"post_tag","embeddable":true,"href":"https:\/\/eltrabajo.cl\/portal\/wp-json\/wp\/v2\/tags?post=69273"}],"curies":[{"name":"wp","href":"https:\/\/api.w.org\/{rel}","templated":true}]}}