{"id":6928,"date":"2011-12-01T08:36:17","date_gmt":"2011-12-01T12:36:17","guid":{"rendered":"http:\/\/www.eltrabajo.cl\/portal\/?p=6928"},"modified":"2011-12-01T08:36:17","modified_gmt":"2011-12-01T12:36:17","slug":"abuelitos-no-se-olvidan-de-vivir","status":"publish","type":"post","link":"https:\/\/eltrabajo.cl\/portal\/abuelitos-no-se-olvidan-de-vivir\/","title":{"rendered":"Abuelitos no se olvidan de vivir"},"content":{"rendered":"<figure id=\"attachment_6929\" aria-describedby=\"caption-attachment-6929\" style=\"width: 600px\" class=\"wp-caption alignnone\"><a href=\"http:\/\/www.eltrabajo.cl\/portal\/archives\/6928\/matricula1\" rel=\"attachment wp-att-6929\"><img data-recalc-dims=\"1\" loading=\"lazy\" decoding=\"async\" class=\"size-full wp-image-6929\" title=\"Matricula1\" src=\"https:\/\/i0.wp.com\/www.eltrabajo.cl\/portal\/wp-content\/uploads\/2011\/12\/Matricula1.jpg?resize=600%2C253\" alt=\"\" width=\"600\" height=\"253\" srcset=\"https:\/\/i0.wp.com\/eltrabajo.cl\/portal\/wp-content\/uploads\/2011\/12\/Matricula1.jpg?w=600&amp;ssl=1 600w, https:\/\/i0.wp.com\/eltrabajo.cl\/portal\/wp-content\/uploads\/2011\/12\/Matricula1.jpg?resize=200%2C84&amp;ssl=1 200w, https:\/\/i0.wp.com\/eltrabajo.cl\/portal\/wp-content\/uploads\/2011\/12\/Matricula1.jpg?resize=300%2C126&amp;ssl=1 300w, https:\/\/i0.wp.com\/eltrabajo.cl\/portal\/wp-content\/uploads\/2011\/12\/Matricula1.jpg?resize=150%2C63&amp;ssl=1 150w, https:\/\/i0.wp.com\/eltrabajo.cl\/portal\/wp-content\/uploads\/2011\/12\/Matricula1.jpg?resize=400%2C168&amp;ssl=1 400w\" sizes=\"auto, (max-width: 600px) 100vw, 600px\" \/><\/a><figcaption id=\"caption-attachment-6929\" class=\"wp-caption-text\">Tanto los alegres participantes como autoridades locales, desarrollaron su mejor esfuerzo a fin de lograr el mejor provecho al \u201cTaller Manual de Memoria en el Tercer Milenio\u201d, el desarrollo Psicogerentol\u00f3gico estuvo a cargo de la Dra. Cynthia Enr\u00edquez.<\/figcaption><\/figure>\n<p>Roberto Gonz\u00e1lez Short &#8211; rgonzalez@eltrabajo.cl<\/p>\n<p>Con la chispa del entusiasmo en sus ojos y satisfechos con lo vivido, m\u00e1s de 35 abuelitos del Club de Adultos Mayores \u201cSiempre Activos\u201d realizaron el Taller \u201cUn desaf\u00edo para todos\u201d. Este proyecto fue financiado por el Fondo Cultura FNDR del Gobierno Regional de Valpara\u00edso, el que est\u00e1 dirigido a estimular el mejoramiento de la memoria en personas de la Tercera Edad.<\/p>\n<p><strong>NO SE OLVIDAN DE VIVIR<\/strong><\/p>\n<p>Este proyecto se desarroll\u00f3 en el Centro Integral de Mayores Ayec\u00e1n e instalaciones de la Sede de la Cruz Roja Chilena en San Felipe. En el mismo se implementaron distintas t\u00e9cnicas de divertidas din\u00e1micas de trabajo mental y manual. La Psic\u00f3loga Cynthia Enr\u00edquez se encarg\u00f3 de monitorear los avances de cada uno de los alegres participantes.<\/p>\n<p>\u00abLo m\u00e1s importante para los Adultos Mayores es que se divirtieron, reactivaron parte de su memoria y tambi\u00e9n pudieron practicar gimnasia dos veces por semana, hubo tambi\u00e9n juegos de Sudoku, juegos de palabra y todo aquello que lograra estimular las Memorias Sem\u00e1ntica, Procedural, Epis\u00f3dica, Sensorial y Efectiva\u00bb, coment\u00f3 la Dra. Enr\u00edquez.<\/p>\n<p>Carlos Aedo, coordinador de \u201cSiempre Activos\u201d, agradeci\u00f3 por los $ 850.000 que el Gobierno Regional de Valpara\u00edso dispuso para este proyecto. Por su parte, Meibol Ortega, Presidenta de la entidad, asegur\u00f3 a DIARIO EL TRABAJO estar muy satisfecha con los logros obtenidos en \u00e9ste y otros cursos que recientemente se realizaron.<\/p>\n<p>\u00abNosotros creemos en la importancia de seguir desarrollando esta clase de proyectos en San Felipe, ahora ellos aprendieron a reactivar su capacidad de recordar y tambi\u00e9n a ejercitarse\u00bb, coment\u00f3 Nelson Contador, Consejero Regional.<\/p>\n","protected":false},"excerpt":{"rendered":"<p>Roberto Gonz\u00e1lez Short &#8211; rgonzalez@eltrabajo.cl Con la chispa del entusiasmo en sus ojos y satisfechos con lo vivido, m\u00e1s de 35 abuelitos del Club de Adultos Mayores \u201cSiempre Activos\u201d realizaron el Taller&#8230;<\/p>\n","protected":false},"author":482,"featured_media":6929,"comment_status":"open","ping_status":"open","sticky":false,"template":"","format":"standard","meta":{"advanced_seo_description":"","jetpack_seo_html_title":"","jetpack_seo_noindex":false,"_jetpack_memberships_contains_paid_content":false,"footnotes":""},"categories":[15],"tags":[],"class_list":["post-6928","post","type-post","status-publish","format-standard","has-post-thumbnail","hentry","category-comunidad"],"jetpack_featured_media_url":"https:\/\/i0.wp.com\/eltrabajo.cl\/portal\/wp-content\/uploads\/2011\/12\/Matricula1.jpg?fit=600%2C253&ssl=1","jetpack_sharing_enabled":true,"jetpack_likes_enabled":true,"jetpack-related-posts":[],"_links":{"self":[{"href":"https:\/\/eltrabajo.cl\/portal\/wp-json\/wp\/v2\/posts\/6928","targetHints":{"allow":["GET"]}}],"collection":[{"href":"https:\/\/eltrabajo.cl\/portal\/wp-json\/wp\/v2\/posts"}],"about":[{"href":"https:\/\/eltrabajo.cl\/portal\/wp-json\/wp\/v2\/types\/post"}],"author":[{"embeddable":true,"href":"https:\/\/eltrabajo.cl\/portal\/wp-json\/wp\/v2\/users\/482"}],"replies":[{"embeddable":true,"href":"https:\/\/eltrabajo.cl\/portal\/wp-json\/wp\/v2\/comments?post=6928"}],"version-history":[{"count":0,"href":"https:\/\/eltrabajo.cl\/portal\/wp-json\/wp\/v2\/posts\/6928\/revisions"}],"wp:featuredmedia":[{"embeddable":true,"href":"https:\/\/eltrabajo.cl\/portal\/wp-json\/wp\/v2\/media\/6929"}],"wp:attachment":[{"href":"https:\/\/eltrabajo.cl\/portal\/wp-json\/wp\/v2\/media?parent=6928"}],"wp:term":[{"taxonomy":"category","embeddable":true,"href":"https:\/\/eltrabajo.cl\/portal\/wp-json\/wp\/v2\/categories?post=6928"},{"taxonomy":"post_tag","embeddable":true,"href":"https:\/\/eltrabajo.cl\/portal\/wp-json\/wp\/v2\/tags?post=6928"}],"curies":[{"name":"wp","href":"https:\/\/api.w.org\/{rel}","templated":true}]}}