{"id":69280,"date":"2016-04-29T09:36:58","date_gmt":"2016-04-29T12:36:58","guid":{"rendered":"http:\/\/www.eltrabajo.cl\/portal\/?p=69280"},"modified":"2016-04-29T09:37:43","modified_gmt":"2016-04-29T12:37:43","slug":"nace-guagua-en-asiento-trasero-de-un-taxi-cuando-volaba-al-san-camilo","status":"publish","type":"post","link":"https:\/\/eltrabajo.cl\/portal\/nace-guagua-en-asiento-trasero-de-un-taxi-cuando-volaba-al-san-camilo\/","title":{"rendered":"Nace guagua en asiento trasero de un taxi cuando \u2018volaba\u2019 al San Camilo"},"content":{"rendered":"<figure id=\"attachment_69281\" aria-describedby=\"caption-attachment-69281\" style=\"width: 300px\" class=\"wp-caption alignleft\"><a href=\"http:\/\/www.eltrabajo.cl\/portal\/nace-guagua-en-asiento-trasero-de-un-taxi-cuando-volaba-al-san-camilo\/taxista33\/\" rel=\"attachment wp-att-69281\"><img data-recalc-dims=\"1\" loading=\"lazy\" decoding=\"async\" class=\"wp-image-69281 size-medium\" src=\"https:\/\/i0.wp.com\/www.eltrabajo.cl\/portal\/wp-content\/uploads\/2016\/04\/Taxista33-300x197.jpg?resize=300%2C197\" alt=\"\u00bfDOCTOR O TAXISTA?.- Marcos Saavedra relat\u00f3 en Exclusiva c\u00f3mo su taxi se convirti\u00f3 en una \u2018sala de partos\u2019 de la noche a la ma\u00f1ana.\" width=\"300\" height=\"197\" srcset=\"https:\/\/i0.wp.com\/eltrabajo.cl\/portal\/wp-content\/uploads\/2016\/04\/Taxista33.jpg?resize=300%2C197&amp;ssl=1 300w, https:\/\/i0.wp.com\/eltrabajo.cl\/portal\/wp-content\/uploads\/2016\/04\/Taxista33.jpg?resize=200%2C131&amp;ssl=1 200w, https:\/\/i0.wp.com\/eltrabajo.cl\/portal\/wp-content\/uploads\/2016\/04\/Taxista33.jpg?resize=228%2C150&amp;ssl=1 228w, https:\/\/i0.wp.com\/eltrabajo.cl\/portal\/wp-content\/uploads\/2016\/04\/Taxista33.jpg?resize=400%2C263&amp;ssl=1 400w, https:\/\/i0.wp.com\/eltrabajo.cl\/portal\/wp-content\/uploads\/2016\/04\/Taxista33.jpg?w=530&amp;ssl=1 530w\" sizes=\"auto, (max-width: 300px) 100vw, 300px\" \/><\/a><figcaption id=\"caption-attachment-69281\" class=\"wp-caption-text\">\u00bfDOCTOR O TAXISTA?.- Marcos Saavedra relat\u00f3 en Exclusiva c\u00f3mo su taxi se convirti\u00f3 en una \u2018sala de partos\u2019 de la noche a la ma\u00f1ana.<\/figcaption><\/figure>\n<p>El llamado con la advertencia de \u2018Clave Roja\u2019, que se escuch\u00f3 en las catorce unidades de taxi de la empresa Okey de San Felipe, se hizo o\u00edr a las 02:30 minutos de ayer jueves, por lo que el taxista a quien se le solicit\u00f3 el servicio de traslado de un \u2018Cliente clave roja\u2019 no pudo atenderlo, lo que llev\u00f3 a su colega, Marco Saavedra, con cuatro a\u00f1os de experiencia de taxista, a ofrecerse a la Central, as\u00ed, \u00e9l tom\u00f3 el llamado y lleg\u00f3 a villa 250 A\u00f1os para atender a su inusual pasajero.<\/p>\n<p><strong>AS\u00cd NACI\u00d3 \u2018GEOVANNY\u2019<\/strong><br \/>\n\u00abCuando llegu\u00e9 a calle Eucalipto de la 250, no sab\u00eda lo que me esperaba, pues un cliente \u2018 Clave Roja\u2019 puede ser cualquier cosa, no sab\u00eda si era un herido de bala o un apu\u00f1alado, me sent\u00ed nervioso cuando vi salir a un hombre con su esposa \u2018Ana\u2019 en brazos, ella estaba embarazada y ten\u00eda muchos dolores, se quejaba mucho, r\u00e1pidamente y con cuidado, la subimos, arranqu\u00e9 para el hospital pero antes de llegar a la l\u00ednea del tren, ella exclam\u00f3 \u2018ya sali\u00f3, ya sali\u00f3\u2019, yo estaba muy nervioso, nunca me hab\u00eda pasado algo parecido\u00bb, relat\u00f3 a Diario El Trabajo el conductor del taxi, don Marcos Saavedra.<br \/>\nSeg\u00fan este sanfelipe\u00f1o, vecino de villa El Se\u00f1orial, todos los otros taxistas estaban al pendiente de estos especiales pasajeros luego que \u00e9l reportara lo que pasaba, \u00ablos gritos eran intensos, detuve el taxi, abr\u00ed la puerta y as\u00ed pude ver todo el proceso del parto, ella, la joven madre, tom\u00f3 a su guagua y la llev\u00f3 a su pecho, a\u00fan ten\u00eda su cord\u00f3n umbilical unido a su madre. Con las cobijas que ellos tra\u00edan, como est\u00e1bamos todos nerviosos, yo tap\u00e9 a la mam\u00e1 y al ni\u00f1o, me llamaron de la Central, me preguntaron c\u00f3mo nos estaba yendo, les respond\u00ed que ya el ni\u00f1o hab\u00eda nacido, \u2018no te lo puedo creer\u2019, me dijeron en la Central, entonces activ\u00e9 el radio del taxi y se dej\u00f3 o\u00edr el potente llanto de la guagua, todos est\u00e1bamos muy alegres, pues fue mi taxi el que Dios o la suerte escogi\u00f3 para que naciera este peque\u00f1ito\u00bb, agreg\u00f3 el taxista.<br \/>\nSeg\u00fan explic\u00f3 don Marco, \u00e9l inmediatamente reaccion\u00f3 y llev\u00f3 a sus tres pasajeros al Hospital San Camilo, confirmando as\u00ed que el ni\u00f1o segu\u00eda en buen estado de salud, \u00abla mam\u00e1, \u2018Ana\u2019, me dijo que su hijo se llamar\u00eda Marcos Geovanny, al final no supe si as\u00ed lo llamaron\u00bb.<br \/>\n<strong>Roberto Gonz\u00e1lez Short<\/strong><br \/>\n<strong>rgonzalez@eltrabajo.cl<\/strong><\/p>\n","protected":false},"excerpt":{"rendered":"<p>El llamado con la advertencia de \u2018Clave Roja\u2019, que se escuch\u00f3 en las catorce unidades de taxi de la empresa Okey de San Felipe, se hizo o\u00edr a las 02:30 minutos de&#8230;<\/p>\n","protected":false},"author":1,"featured_media":69281,"comment_status":"open","ping_status":"open","sticky":false,"template":"","format":"standard","meta":{"advanced_seo_description":"","jetpack_seo_html_title":"","jetpack_seo_noindex":false,"_jetpack_memberships_contains_paid_content":false,"footnotes":""},"categories":[15],"tags":[],"class_list":["post-69280","post","type-post","status-publish","format-standard","has-post-thumbnail","hentry","category-comunidad"],"jetpack_featured_media_url":"https:\/\/i0.wp.com\/eltrabajo.cl\/portal\/wp-content\/uploads\/2016\/04\/Taxista33.jpg?fit=530%2C348&ssl=1","jetpack_sharing_enabled":true,"jetpack_likes_enabled":true,"jetpack-related-posts":[],"_links":{"self":[{"href":"https:\/\/eltrabajo.cl\/portal\/wp-json\/wp\/v2\/posts\/69280","targetHints":{"allow":["GET"]}}],"collection":[{"href":"https:\/\/eltrabajo.cl\/portal\/wp-json\/wp\/v2\/posts"}],"about":[{"href":"https:\/\/eltrabajo.cl\/portal\/wp-json\/wp\/v2\/types\/post"}],"author":[{"embeddable":true,"href":"https:\/\/eltrabajo.cl\/portal\/wp-json\/wp\/v2\/users\/1"}],"replies":[{"embeddable":true,"href":"https:\/\/eltrabajo.cl\/portal\/wp-json\/wp\/v2\/comments?post=69280"}],"version-history":[{"count":0,"href":"https:\/\/eltrabajo.cl\/portal\/wp-json\/wp\/v2\/posts\/69280\/revisions"}],"wp:featuredmedia":[{"embeddable":true,"href":"https:\/\/eltrabajo.cl\/portal\/wp-json\/wp\/v2\/media\/69281"}],"wp:attachment":[{"href":"https:\/\/eltrabajo.cl\/portal\/wp-json\/wp\/v2\/media?parent=69280"}],"wp:term":[{"taxonomy":"category","embeddable":true,"href":"https:\/\/eltrabajo.cl\/portal\/wp-json\/wp\/v2\/categories?post=69280"},{"taxonomy":"post_tag","embeddable":true,"href":"https:\/\/eltrabajo.cl\/portal\/wp-json\/wp\/v2\/tags?post=69280"}],"curies":[{"name":"wp","href":"https:\/\/api.w.org\/{rel}","templated":true}]}}