{"id":69284,"date":"2016-05-02T08:33:50","date_gmt":"2016-05-02T11:33:50","guid":{"rendered":"http:\/\/www.eltrabajo.cl\/portal\/?p=69284"},"modified":"2016-05-02T08:33:50","modified_gmt":"2016-05-02T11:33:50","slug":"conaf-entrega-mas-de-400-arboles-nativos-a-juntas-de-vecinos-andinas","status":"publish","type":"post","link":"https:\/\/eltrabajo.cl\/portal\/conaf-entrega-mas-de-400-arboles-nativos-a-juntas-de-vecinos-andinas\/","title":{"rendered":"Conaf entrega m\u00e1s de 400 \u00e1rboles nativos a juntas de vecinos andinas"},"content":{"rendered":"<p><strong>LOS ANDES.-<\/strong> Representantes de treinta juntas de vecinos de la comuna de Los Andes recibieron \u00e1rboles donados por Conaf como parte de un programa \u2018M\u00e1s \u00e1rboles para Chile\u2019.<br \/>\nLa actividad estuvo encabezada por la gobernadora Mar\u00eda Victoria Rodr\u00edguez quien se\u00f1al\u00f3 que en esta oportunidad fueron entregados 480 \u00e1rboles que van a ser retirados por las juntas de vecinos con el compromiso de plantarlos, \u201cy adem\u00e1s hay algo muy importante, es que estas son especies nativas con lo que se contribuye a preservar estas especies y evitar que estas se extingan y que las futuras generaciones las puedan conocer como son los Encinos, Maitenes, Peumos, Quillayes que son especies muy hermosas y originarias de nuestro pa\u00eds\u201d.<br \/>\nLa autoridad record\u00f3 que la entrega de estos \u00e1rboles corresponde al programa \u2018Mas \u00e1rboles para Chile\u2019 impulsado por Conaf, donde cada receptor tiene el compromiso de apadrinar y hacerse cargo de ese \u00e1rbol.<br \/>\n\u201cEsta medida tambi\u00e9n tiene que ver con el cuidado de nuestro medio ambiente y posibilitar que nuestras futuras generaciones puedan disfrutar de un planeta en condiciones ambientales favorables\u201d, apunt\u00f3.<br \/>\nPor su parte, Denisse N\u00fa\u00f1ez, Jefa Biprovincial de Conaf, destac\u00f3 que con este programa est\u00e1n contribuyendo a mejorar la calidad de vida de los residentes de los diferentes barrios, villas y poblaciones de Los Andes.<br \/>\n\u201cDentro de todas las l\u00edneas de trabajo que tenemos, este es un compromiso de poder reforestar y recuperar las \u00e1reas verdes, tambi\u00e9n adaptarnos un poco al cambio clim\u00e1tico y poder controlar la deforestaci\u00f3n que nosotros como seres humanos lamentablemente hemos ido provocando\u201d, expres\u00f3 la encargada.<br \/>\nAgreg\u00f3 que dentro de este mismo programa llevan adelante charlas y talleres medioambientales y prevenci\u00f3n de incendios forestales en colegios, \u201clo que tiene que ver con el cuidado de los \u00e1rboles dentro y fuera de los establecimientos educacionales\u201d.<br \/>\nAsimismo, llam\u00f3 a los vecinos a denunciar a la tala de \u00e1rboles nativos que a veces se produce en sectores rurales, \u201cpues para cualquier tala primero debe obtener un programa de trabajo para poder realizar esta acci\u00f3n, ya que no es llegar y poder talar\u201d.<br \/>\nFinalmente, el Presidente de la Uni\u00f3n Comunal de Juntas de Vecinos de Los Andes, Jorge Ponce, manifest\u00f3 que todos los a\u00f1os realizan esta entrega de \u00e1rboles a los representantes de las juntas de vecino, \u201cy por eso estamos muy felices de la participaci\u00f3n de nuestros vecinos que demuestran con ello una preocupaci\u00f3n no solo por mejorar el entorno de sus villas, sino que tambi\u00e9n el medio ambiente\u201d.<\/p>\n<figure id=\"attachment_69285\" aria-describedby=\"caption-attachment-69285\" style=\"width: 530px\" class=\"wp-caption alignleft\"><a href=\"http:\/\/www.eltrabajo.cl\/portal\/conaf-entrega-mas-de-400-arboles-nativos-a-juntas-de-vecinos-andinas\/entrega-arboles-juntas-de-vecinos\/\" rel=\"attachment wp-att-69285\"><img data-recalc-dims=\"1\" loading=\"lazy\" decoding=\"async\" class=\"size-full wp-image-69285\" src=\"https:\/\/i0.wp.com\/www.eltrabajo.cl\/portal\/wp-content\/uploads\/2016\/05\/Entrega-arboles-juntas-de-vecinos.jpg?resize=530%2C350\" alt=\"Conaf entrego 480 \u00e1rboles a 30 juntas de vecinos de Los Andes gracias al programa \u2018M\u00e1s \u00e1rboles para Chile\u2019.\" width=\"530\" height=\"350\" srcset=\"https:\/\/i0.wp.com\/eltrabajo.cl\/portal\/wp-content\/uploads\/2016\/05\/Entrega-arboles-juntas-de-vecinos.jpg?w=530&amp;ssl=1 530w, https:\/\/i0.wp.com\/eltrabajo.cl\/portal\/wp-content\/uploads\/2016\/05\/Entrega-arboles-juntas-de-vecinos.jpg?resize=200%2C132&amp;ssl=1 200w, https:\/\/i0.wp.com\/eltrabajo.cl\/portal\/wp-content\/uploads\/2016\/05\/Entrega-arboles-juntas-de-vecinos.jpg?resize=300%2C198&amp;ssl=1 300w, https:\/\/i0.wp.com\/eltrabajo.cl\/portal\/wp-content\/uploads\/2016\/05\/Entrega-arboles-juntas-de-vecinos.jpg?resize=227%2C150&amp;ssl=1 227w, https:\/\/i0.wp.com\/eltrabajo.cl\/portal\/wp-content\/uploads\/2016\/05\/Entrega-arboles-juntas-de-vecinos.jpg?resize=400%2C264&amp;ssl=1 400w\" sizes=\"auto, (max-width: 530px) 100vw, 530px\" \/><\/a><figcaption id=\"caption-attachment-69285\" class=\"wp-caption-text\">Conaf entrego 480 \u00e1rboles a 30 juntas de vecinos de Los Andes gracias al programa \u2018M\u00e1s \u00e1rboles para Chile\u2019.<\/figcaption><\/figure>\n","protected":false},"excerpt":{"rendered":"<p>LOS ANDES.- Representantes de treinta juntas de vecinos de la comuna de Los Andes recibieron \u00e1rboles donados por Conaf como parte de un programa \u2018M\u00e1s \u00e1rboles para Chile\u2019. La actividad estuvo encabezada&#8230;<\/p>\n","protected":false},"author":1,"featured_media":69285,"comment_status":"open","ping_status":"open","sticky":false,"template":"","format":"standard","meta":{"advanced_seo_description":"","jetpack_seo_html_title":"","jetpack_seo_noindex":false,"_jetpack_memberships_contains_paid_content":false,"footnotes":""},"categories":[1],"tags":[],"class_list":["post-69284","post","type-post","status-publish","format-standard","has-post-thumbnail","hentry","category-cronica"],"jetpack_featured_media_url":"https:\/\/i0.wp.com\/eltrabajo.cl\/portal\/wp-content\/uploads\/2016\/05\/Entrega-arboles-juntas-de-vecinos.jpg?fit=530%2C350&ssl=1","jetpack_sharing_enabled":true,"jetpack_likes_enabled":true,"jetpack-related-posts":[],"_links":{"self":[{"href":"https:\/\/eltrabajo.cl\/portal\/wp-json\/wp\/v2\/posts\/69284","targetHints":{"allow":["GET"]}}],"collection":[{"href":"https:\/\/eltrabajo.cl\/portal\/wp-json\/wp\/v2\/posts"}],"about":[{"href":"https:\/\/eltrabajo.cl\/portal\/wp-json\/wp\/v2\/types\/post"}],"author":[{"embeddable":true,"href":"https:\/\/eltrabajo.cl\/portal\/wp-json\/wp\/v2\/users\/1"}],"replies":[{"embeddable":true,"href":"https:\/\/eltrabajo.cl\/portal\/wp-json\/wp\/v2\/comments?post=69284"}],"version-history":[{"count":0,"href":"https:\/\/eltrabajo.cl\/portal\/wp-json\/wp\/v2\/posts\/69284\/revisions"}],"wp:featuredmedia":[{"embeddable":true,"href":"https:\/\/eltrabajo.cl\/portal\/wp-json\/wp\/v2\/media\/69285"}],"wp:attachment":[{"href":"https:\/\/eltrabajo.cl\/portal\/wp-json\/wp\/v2\/media?parent=69284"}],"wp:term":[{"taxonomy":"category","embeddable":true,"href":"https:\/\/eltrabajo.cl\/portal\/wp-json\/wp\/v2\/categories?post=69284"},{"taxonomy":"post_tag","embeddable":true,"href":"https:\/\/eltrabajo.cl\/portal\/wp-json\/wp\/v2\/tags?post=69284"}],"curies":[{"name":"wp","href":"https:\/\/api.w.org\/{rel}","templated":true}]}}