{"id":69289,"date":"2016-05-02T08:36:39","date_gmt":"2016-05-02T11:36:39","guid":{"rendered":"http:\/\/www.eltrabajo.cl\/portal\/?p=69289"},"modified":"2016-05-02T08:36:39","modified_gmt":"2016-05-02T11:36:39","slug":"estudiantes-llayllainos-participaron-de-primer-carnaval-infantil-cultural","status":"publish","type":"post","link":"https:\/\/eltrabajo.cl\/portal\/estudiantes-llayllainos-participaron-de-primer-carnaval-infantil-cultural\/","title":{"rendered":"Estudiantes llaylla\u00ednos participaron de primer Carnaval Infantil Cultural"},"content":{"rendered":"<p><strong>LLAY LLAY.-<\/strong> A las 10:30 horas de la fr\u00eda ma\u00f1ana de este jueves 28 de abril, un mar de colores cubr\u00eda la calle San Francisco de la comuna de Llay Llay. El lugar era el punto de partida del pasacalle que media hora m\u00e1s tarde llen\u00f3 de disfraces las calles Balmaceda y Edwards. Abundaban los superh\u00e9roes, princesas y los infaltables payasos.<br \/>\nAl son del contagioso ritmo de tambores, el carnaval infantil avanz\u00f3 hasta el frontis del Cine Teatro Municipal, donde se desarroll\u00f3 un entretenido show.<br \/>\nNi\u00f1as y ni\u00f1os de ense\u00f1anza pre b\u00e1sica de los jardines infantiles &#8216;Semillitas de Amor&#8217;, &#8216;Las Luci\u00e9rnagas&#8217;, &#8216;Capullitos&#8217;, &#8216;Mazorquitas&#8217;, &#8216;Mirasol&#8217;; escuelas de lenguaje &#8216;Mi Peque\u00f1o Mundo&#8217;, &#8216;Aliwen&#8217;, &#8216;Amanecer de Colores&#8217;; los colegios &#8216;Salvador Gonz\u00e1lez&#8217;, &#8216;Verdoyham School&#8217; y &#8216;Religiosas Filipenses&#8217; fueron los protagonistas de este primer encuentro de diversi\u00f3n y magia.<br \/>\nEn pancartas y carteles dec\u00edan \u2018Feliz cumplea\u00f1os Llay Llay\u2019, porque justamente la actividad organizada en conjunto entre OPD (Oficina de Protecci\u00f3n de los Derechos de Ni\u00f1as, Ni\u00f1os y J\u00f3venes), Senda Previene, Oficina del Deporte y Daem (Direcci\u00f3n de Administraci\u00f3n de la Educaci\u00f3n Municipal) se enmarc\u00f3 dentro de las celebraciones del mes aniversario por los 141 a\u00f1os de Llay Llay.<br \/>\n\u201cMe gustan los payasos malabaristas y el cuentacuentos del \u00e1rbol\u201d, dijo la peque\u00f1a Jos\u00e9. La ni\u00f1a se refiri\u00f3 al espect\u00e1culo que tuvo un acto de circo a cargo de la productora \u2018Comparsa circense\u2019 y la presentaci\u00f3n de la cuentacuentos Paulina Concha.<br \/>\nLa actividad brind\u00f3 una buena oportunidad de promover los derechos de los ni\u00f1os y j\u00f3venes y realizar prevenci\u00f3n de consumo de alcohol y drogas.<br \/>\n<strong>Marianela Quevedo<\/strong><\/p>\n<figure id=\"attachment_69291\" aria-describedby=\"caption-attachment-69291\" style=\"width: 530px\" class=\"wp-caption alignleft\"><a href=\"http:\/\/www.eltrabajo.cl\/portal\/estudiantes-llayllainos-participaron-de-primer-carnaval-infantil-cultural\/cumpleanos-feliz\/\" rel=\"attachment wp-att-69291\"><img data-recalc-dims=\"1\" loading=\"lazy\" decoding=\"async\" class=\"size-full wp-image-69291\" src=\"https:\/\/i0.wp.com\/www.eltrabajo.cl\/portal\/wp-content\/uploads\/2016\/05\/CUMPLEANOS-FELIZ.jpg?resize=530%2C350\" alt=\"La actividad estuvo enmarcada en el aniversario 141 de la ciudad de Llay Llay.\" width=\"530\" height=\"350\" srcset=\"https:\/\/i0.wp.com\/eltrabajo.cl\/portal\/wp-content\/uploads\/2016\/05\/CUMPLEANOS-FELIZ.jpg?w=530&amp;ssl=1 530w, https:\/\/i0.wp.com\/eltrabajo.cl\/portal\/wp-content\/uploads\/2016\/05\/CUMPLEANOS-FELIZ.jpg?resize=200%2C132&amp;ssl=1 200w, https:\/\/i0.wp.com\/eltrabajo.cl\/portal\/wp-content\/uploads\/2016\/05\/CUMPLEANOS-FELIZ.jpg?resize=300%2C198&amp;ssl=1 300w, https:\/\/i0.wp.com\/eltrabajo.cl\/portal\/wp-content\/uploads\/2016\/05\/CUMPLEANOS-FELIZ.jpg?resize=227%2C150&amp;ssl=1 227w, https:\/\/i0.wp.com\/eltrabajo.cl\/portal\/wp-content\/uploads\/2016\/05\/CUMPLEANOS-FELIZ.jpg?resize=400%2C264&amp;ssl=1 400w\" sizes=\"auto, (max-width: 530px) 100vw, 530px\" \/><\/a><figcaption id=\"caption-attachment-69291\" class=\"wp-caption-text\">La actividad estuvo enmarcada en el aniversario 141 de la ciudad de Llay Llay.<\/figcaption><\/figure>\n<figure id=\"attachment_69290\" aria-describedby=\"caption-attachment-69290\" style=\"width: 530px\" class=\"wp-caption alignleft\"><a href=\"http:\/\/www.eltrabajo.cl\/portal\/estudiantes-llayllainos-participaron-de-primer-carnaval-infantil-cultural\/carnaval-cultural-jardines-infantiles\/\" rel=\"attachment wp-att-69290\"><img data-recalc-dims=\"1\" loading=\"lazy\" decoding=\"async\" class=\"size-full wp-image-69290\" src=\"https:\/\/i0.wp.com\/www.eltrabajo.cl\/portal\/wp-content\/uploads\/2016\/05\/Carnaval-cultural-jardines-infantiles.jpg?resize=530%2C350\" alt=\"El carnaval convoc\u00f3 a diversos jardines infantiles, escuelas de lenguaje y colegios de Llay Llay en el marco del aniversario n\u00famero 141 de la comuna.\" width=\"530\" height=\"350\" srcset=\"https:\/\/i0.wp.com\/eltrabajo.cl\/portal\/wp-content\/uploads\/2016\/05\/Carnaval-cultural-jardines-infantiles.jpg?w=530&amp;ssl=1 530w, https:\/\/i0.wp.com\/eltrabajo.cl\/portal\/wp-content\/uploads\/2016\/05\/Carnaval-cultural-jardines-infantiles.jpg?resize=200%2C132&amp;ssl=1 200w, https:\/\/i0.wp.com\/eltrabajo.cl\/portal\/wp-content\/uploads\/2016\/05\/Carnaval-cultural-jardines-infantiles.jpg?resize=300%2C198&amp;ssl=1 300w, https:\/\/i0.wp.com\/eltrabajo.cl\/portal\/wp-content\/uploads\/2016\/05\/Carnaval-cultural-jardines-infantiles.jpg?resize=227%2C150&amp;ssl=1 227w, https:\/\/i0.wp.com\/eltrabajo.cl\/portal\/wp-content\/uploads\/2016\/05\/Carnaval-cultural-jardines-infantiles.jpg?resize=400%2C264&amp;ssl=1 400w\" sizes=\"auto, (max-width: 530px) 100vw, 530px\" \/><\/a><figcaption id=\"caption-attachment-69290\" class=\"wp-caption-text\">El carnaval convoc\u00f3 a diversos jardines infantiles, escuelas de lenguaje y colegios de Llay Llay en el marco del aniversario n\u00famero 141 de la comuna.<\/figcaption><\/figure>\n","protected":false},"excerpt":{"rendered":"<p>LLAY LLAY.- A las 10:30 horas de la fr\u00eda ma\u00f1ana de este jueves 28 de abril, un mar de colores cubr\u00eda la calle San Francisco de la comuna de Llay Llay. El&#8230;<\/p>\n","protected":false},"author":1,"featured_media":69290,"comment_status":"open","ping_status":"open","sticky":false,"template":"","format":"standard","meta":{"advanced_seo_description":"","jetpack_seo_html_title":"","jetpack_seo_noindex":false,"_jetpack_memberships_contains_paid_content":false,"footnotes":""},"categories":[15],"tags":[],"class_list":["post-69289","post","type-post","status-publish","format-standard","has-post-thumbnail","hentry","category-comunidad"],"jetpack_featured_media_url":"https:\/\/i0.wp.com\/eltrabajo.cl\/portal\/wp-content\/uploads\/2016\/05\/Carnaval-cultural-jardines-infantiles.jpg?fit=530%2C350&ssl=1","jetpack_sharing_enabled":true,"jetpack_likes_enabled":true,"jetpack-related-posts":[],"_links":{"self":[{"href":"https:\/\/eltrabajo.cl\/portal\/wp-json\/wp\/v2\/posts\/69289","targetHints":{"allow":["GET"]}}],"collection":[{"href":"https:\/\/eltrabajo.cl\/portal\/wp-json\/wp\/v2\/posts"}],"about":[{"href":"https:\/\/eltrabajo.cl\/portal\/wp-json\/wp\/v2\/types\/post"}],"author":[{"embeddable":true,"href":"https:\/\/eltrabajo.cl\/portal\/wp-json\/wp\/v2\/users\/1"}],"replies":[{"embeddable":true,"href":"https:\/\/eltrabajo.cl\/portal\/wp-json\/wp\/v2\/comments?post=69289"}],"version-history":[{"count":0,"href":"https:\/\/eltrabajo.cl\/portal\/wp-json\/wp\/v2\/posts\/69289\/revisions"}],"wp:featuredmedia":[{"embeddable":true,"href":"https:\/\/eltrabajo.cl\/portal\/wp-json\/wp\/v2\/media\/69290"}],"wp:attachment":[{"href":"https:\/\/eltrabajo.cl\/portal\/wp-json\/wp\/v2\/media?parent=69289"}],"wp:term":[{"taxonomy":"category","embeddable":true,"href":"https:\/\/eltrabajo.cl\/portal\/wp-json\/wp\/v2\/categories?post=69289"},{"taxonomy":"post_tag","embeddable":true,"href":"https:\/\/eltrabajo.cl\/portal\/wp-json\/wp\/v2\/tags?post=69289"}],"curies":[{"name":"wp","href":"https:\/\/api.w.org\/{rel}","templated":true}]}}