{"id":69304,"date":"2016-05-02T08:46:40","date_gmt":"2016-05-02T11:46:40","guid":{"rendered":"http:\/\/www.eltrabajo.cl\/portal\/?p=69304"},"modified":"2016-05-02T08:46:40","modified_gmt":"2016-05-02T11:46:40","slug":"decomisan-mas-de-80-kilos-de-pasta-base-destinada-a-la-zona-central","status":"publish","type":"post","link":"https:\/\/eltrabajo.cl\/portal\/decomisan-mas-de-80-kilos-de-pasta-base-destinada-a-la-zona-central\/","title":{"rendered":"Decomisan m\u00e1s de 80 kilos de pasta base destinada a la zona central"},"content":{"rendered":"<p><strong>LOS ANDES.-<\/strong> Fruto de una investigaci\u00f3n de m\u00e1s de seis meses, la Brigada Antinarc\u00f3ticos Metropolitana y la Fiscal\u00eda local andina lograron desarticular una banda liderada por un ciudadano colombiano destinada la distribuci\u00f3n de coca\u00edna base que era tra\u00edda desde el norte del pa\u00eds.<br \/>\nMediante diversas diligencias la polic\u00eda logr\u00f3 establecer que el d\u00eda lunes llegar\u00eda a Santiago desde el norte del pa\u00eds un cargamento de coca\u00edna base que ser\u00eda guardado en un inmueble de la Regi\u00f3n Metropolitana.<br \/>\nMediante escuchas telef\u00f3nicas se logr\u00f3 establecer el destino de la droga y de esa forma se llev\u00f3 adelante el operativo donde fue interceptado el veh\u00edculo en que era transportado el cargamento.<br \/>\nPosteriormente se llevaron adelante allanamientos en diversos puntos de la capital donde fueron detenidos otros integrantes de la banda y se incaut\u00f3 dinero y especies.<br \/>\nEn total se incautaron poco m\u00e1s de 80 kilos de coca\u00edna base avaluada en 800 millones de pesos que iban a ser distribuidas entre microtraficantes de la Regi\u00f3n Metropolitana, la zona costera de la regi\u00f3n y el Valle de Aconcagua.<br \/>\nLos detenidos fueron identificados como el chileno Claudio Marcelo Basualto Basualto, el colombiano y l\u00edder de la banda Di\u00f3medes Valencia Renteria y sus compatriotas Iris Marlene Gonz\u00e1lez Gamboa y Narciso Mosquera G\u00f3mez.<br \/>\nLa banda fue puesta a disposici\u00f3n del Tribunal de Garant\u00eda de Los Andes donde la ma\u00f1ana del jueves en audiencia privada el fiscal Jefe del Ministerio P\u00fablico andino, Ricardo Reinoso, los formaliz\u00f3 por tr\u00e1fico de drogas y asociaci\u00f3n il\u00edcita.<br \/>\nTodos quedaron en prisi\u00f3n preventiva por los seis meses que se fij\u00f3 como plazo para investigar y contin\u00faan las investigaciones para lograr identificar a los proveedores de la droga en el norte del pa\u00eds y en Bolivia.<\/p>\n<figure id=\"attachment_69305\" aria-describedby=\"caption-attachment-69305\" style=\"width: 530px\" class=\"wp-caption alignleft\"><a href=\"http:\/\/www.eltrabajo.cl\/portal\/decomisan-mas-de-80-kilos-de-pasta-base-destinada-a-la-zona-central\/decomiso-cocaina-base\/\" rel=\"attachment wp-att-69305\"><img data-recalc-dims=\"1\" loading=\"lazy\" decoding=\"async\" class=\"size-full wp-image-69305\" src=\"https:\/\/i0.wp.com\/www.eltrabajo.cl\/portal\/wp-content\/uploads\/2016\/05\/Decomiso-cocaina-base.jpg?resize=530%2C350\" alt=\"Los efectivos encontraron m\u00e1s de 80 kilos de coca\u00edna base que ser\u00eda distribuida entre Santiago, la zona costera de la regi\u00f3n y el Valle de Aconcagua.\" width=\"530\" height=\"350\" srcset=\"https:\/\/i0.wp.com\/eltrabajo.cl\/portal\/wp-content\/uploads\/2016\/05\/Decomiso-cocaina-base.jpg?w=530&amp;ssl=1 530w, https:\/\/i0.wp.com\/eltrabajo.cl\/portal\/wp-content\/uploads\/2016\/05\/Decomiso-cocaina-base.jpg?resize=200%2C132&amp;ssl=1 200w, https:\/\/i0.wp.com\/eltrabajo.cl\/portal\/wp-content\/uploads\/2016\/05\/Decomiso-cocaina-base.jpg?resize=300%2C198&amp;ssl=1 300w, https:\/\/i0.wp.com\/eltrabajo.cl\/portal\/wp-content\/uploads\/2016\/05\/Decomiso-cocaina-base.jpg?resize=227%2C150&amp;ssl=1 227w, https:\/\/i0.wp.com\/eltrabajo.cl\/portal\/wp-content\/uploads\/2016\/05\/Decomiso-cocaina-base.jpg?resize=400%2C264&amp;ssl=1 400w\" sizes=\"auto, (max-width: 530px) 100vw, 530px\" \/><\/a><figcaption id=\"caption-attachment-69305\" class=\"wp-caption-text\">Los efectivos encontraron m\u00e1s de 80 kilos de coca\u00edna base que ser\u00eda distribuida entre Santiago, la zona costera de la regi\u00f3n y el Valle de Aconcagua.<\/figcaption><\/figure>\n","protected":false},"excerpt":{"rendered":"<p>LOS ANDES.- Fruto de una investigaci\u00f3n de m\u00e1s de seis meses, la Brigada Antinarc\u00f3ticos Metropolitana y la Fiscal\u00eda local andina lograron desarticular una banda liderada por un ciudadano colombiano destinada la distribuci\u00f3n&#8230;<\/p>\n","protected":false},"author":1,"featured_media":69305,"comment_status":"open","ping_status":"open","sticky":false,"template":"","format":"standard","meta":{"advanced_seo_description":"","jetpack_seo_html_title":"","jetpack_seo_noindex":false,"_jetpack_memberships_contains_paid_content":false,"footnotes":""},"categories":[21],"tags":[],"class_list":["post-69304","post","type-post","status-publish","format-standard","has-post-thumbnail","hentry","category-policial"],"jetpack_featured_media_url":"https:\/\/i0.wp.com\/eltrabajo.cl\/portal\/wp-content\/uploads\/2016\/05\/Decomiso-cocaina-base.jpg?fit=530%2C350&ssl=1","jetpack_sharing_enabled":true,"jetpack_likes_enabled":true,"jetpack-related-posts":[],"_links":{"self":[{"href":"https:\/\/eltrabajo.cl\/portal\/wp-json\/wp\/v2\/posts\/69304","targetHints":{"allow":["GET"]}}],"collection":[{"href":"https:\/\/eltrabajo.cl\/portal\/wp-json\/wp\/v2\/posts"}],"about":[{"href":"https:\/\/eltrabajo.cl\/portal\/wp-json\/wp\/v2\/types\/post"}],"author":[{"embeddable":true,"href":"https:\/\/eltrabajo.cl\/portal\/wp-json\/wp\/v2\/users\/1"}],"replies":[{"embeddable":true,"href":"https:\/\/eltrabajo.cl\/portal\/wp-json\/wp\/v2\/comments?post=69304"}],"version-history":[{"count":0,"href":"https:\/\/eltrabajo.cl\/portal\/wp-json\/wp\/v2\/posts\/69304\/revisions"}],"wp:featuredmedia":[{"embeddable":true,"href":"https:\/\/eltrabajo.cl\/portal\/wp-json\/wp\/v2\/media\/69305"}],"wp:attachment":[{"href":"https:\/\/eltrabajo.cl\/portal\/wp-json\/wp\/v2\/media?parent=69304"}],"wp:term":[{"taxonomy":"category","embeddable":true,"href":"https:\/\/eltrabajo.cl\/portal\/wp-json\/wp\/v2\/categories?post=69304"},{"taxonomy":"post_tag","embeddable":true,"href":"https:\/\/eltrabajo.cl\/portal\/wp-json\/wp\/v2\/tags?post=69304"}],"curies":[{"name":"wp","href":"https:\/\/api.w.org\/{rel}","templated":true}]}}