{"id":69308,"date":"2016-05-02T08:48:57","date_gmt":"2016-05-02T11:48:57","guid":{"rendered":"http:\/\/www.eltrabajo.cl\/portal\/?p=69308"},"modified":"2016-05-02T08:48:57","modified_gmt":"2016-05-02T11:48:57","slug":"alumnos-de-contabilidad-ayudan-a-comunidad-con-declaracion-a-la-renta","status":"publish","type":"post","link":"https:\/\/eltrabajo.cl\/portal\/alumnos-de-contabilidad-ayudan-a-comunidad-con-declaracion-a-la-renta\/","title":{"rendered":"Alumnos de Contabilidad ayudan a comunidad con declaraci\u00f3n a la Renta"},"content":{"rendered":"<ul>\n<li><strong>Estudiantes del Liceo Roberto Humeres:<\/strong><\/li>\n<\/ul>\n<p>Una destacable iniciativa fue desarrollada por los alumnos de la carrera de Contabilidad y Administraci\u00f3n de Empresas del liceo Roberto Humeres Oyaneder, quienes durante la \u00faltima semana del mes de abril, ayudaron a la comunidad sanfelipe\u00f1a en la confecci\u00f3n de su declaraci\u00f3n de Renta.<br \/>\nLo anterior, fue posible gracias a una iniciativa emanada desde los propios funcionarios de este establecimiento, para lo cual, se puso a disposici\u00f3n de la comunidad y los alumnos, una sala especialmente habilitada con computadores e internet, entreg\u00e1ndose, una vez terminado el tr\u00e1mite, un certificado a cada contribuyente, emitido por el servicio de Impuestos Internos, el que acreditaba el cumplimiento de la normativa.<br \/>\nSobre esta labor, Romina Fumey, directora del establecimiento municipalizado, se\u00f1al\u00f3 que \u201cnuestra misi\u00f3n de levantar y mejorar este emblem\u00e1tico liceo, tambi\u00e9n incluye un acercamiento a la comunidad, a trav\u00e9s de una pol\u00edtica de puertas abiertas, y en poner al servicio de todas y de todos, no solo nuestras ventajas educativas, sino que tambi\u00e9n servicios como estos, los que ser\u00e1n permanentemente informados a trav\u00e9s de nuestra p\u00e1gina de internet www.liceorobert ohumeres.com, y en esta oportunidad nuestro balance es muy positivo, para ser nuestra primera vez, llegaron cerca de 100 tramites, los que fueron supervisados por nuestros profesores, pero lo verdaderamente importante es que fuimos una alternativa de informaci\u00f3n y educaci\u00f3n a la vez, porque nuestros alumnos tuvieron contacto directo con los contribuyentes, a quienes informaron sobre aspectos un poco confusos, de manera r\u00e1pida, amable y absolutamente gratuita.\u201d<br \/>\nEn tanto, Sebasti\u00e1n Silva, alumno de cuarto a\u00f1o medio del \u00e1rea t\u00e9cnica, tambi\u00e9n destac\u00f3 esta oportunidad de ayudar a la comunidad, se\u00f1alando que \u201ceste proceso fue entretenido e importante, porque hacer la declaraci\u00f3n de la Renta no es sencillo, aplicamos los contenidos que nos ense\u00f1aron nuestros profesores, y as\u00ed tambi\u00e9n, nosotros pudimos ir conociendo m\u00e1s del \u00e1mbito laboral, sirvi\u00e9ndonos mucho la experiencia, porque las consultas eran m\u00faltiples, y tratamos de responderlas todas, y las que no, nuestros profesores nos ayudaban, pero tenemos que destacar, que el apoyo del colegio es incre\u00edble, nos motivan permanentemente, hay un cambio muy positivo, podr\u00edamos decir que ahora somos como una gran familia, y eso nos gusta mucho\u201d.<\/p>\n<figure id=\"attachment_69309\" aria-describedby=\"caption-attachment-69309\" style=\"width: 530px\" class=\"wp-caption alignleft\"><a href=\"http:\/\/www.eltrabajo.cl\/portal\/alumnos-de-contabilidad-ayudan-a-comunidad-con-declaracion-a-la-renta\/alumnas-de-contabilidad\/\" rel=\"attachment wp-att-69309\"><img data-recalc-dims=\"1\" loading=\"lazy\" decoding=\"async\" class=\"size-full wp-image-69309\" src=\"https:\/\/i0.wp.com\/www.eltrabajo.cl\/portal\/wp-content\/uploads\/2016\/05\/alumnas-de-contabilidad.jpg?resize=530%2C349\" alt=\"Alumnas de la carrera de Contabilidad y Administraci\u00f3n de Empresas del liceo ayudaron a la comunidad sanfelipe\u00f1a a realizar declaraci\u00f3n de Renta.\" width=\"530\" height=\"349\" srcset=\"https:\/\/i0.wp.com\/eltrabajo.cl\/portal\/wp-content\/uploads\/2016\/05\/alumnas-de-contabilidad.jpg?w=530&amp;ssl=1 530w, https:\/\/i0.wp.com\/eltrabajo.cl\/portal\/wp-content\/uploads\/2016\/05\/alumnas-de-contabilidad.jpg?resize=200%2C132&amp;ssl=1 200w, https:\/\/i0.wp.com\/eltrabajo.cl\/portal\/wp-content\/uploads\/2016\/05\/alumnas-de-contabilidad.jpg?resize=300%2C198&amp;ssl=1 300w, https:\/\/i0.wp.com\/eltrabajo.cl\/portal\/wp-content\/uploads\/2016\/05\/alumnas-de-contabilidad.jpg?resize=228%2C150&amp;ssl=1 228w, https:\/\/i0.wp.com\/eltrabajo.cl\/portal\/wp-content\/uploads\/2016\/05\/alumnas-de-contabilidad.jpg?resize=400%2C263&amp;ssl=1 400w\" sizes=\"auto, (max-width: 530px) 100vw, 530px\" \/><\/a><figcaption id=\"caption-attachment-69309\" class=\"wp-caption-text\">Alumnas de la carrera de Contabilidad y Administraci\u00f3n de Empresas del liceo ayudaron a la comunidad sanfelipe\u00f1a a realizar declaraci\u00f3n de Renta.<\/figcaption><\/figure>\n","protected":false},"excerpt":{"rendered":"<p>Estudiantes del Liceo Roberto Humeres: Una destacable iniciativa fue desarrollada por los alumnos de la carrera de Contabilidad y Administraci\u00f3n de Empresas del liceo Roberto Humeres Oyaneder, quienes durante la \u00faltima semana&#8230;<\/p>\n","protected":false},"author":1,"featured_media":69309,"comment_status":"open","ping_status":"open","sticky":false,"template":"","format":"standard","meta":{"advanced_seo_description":"","jetpack_seo_html_title":"","jetpack_seo_noindex":false,"_jetpack_memberships_contains_paid_content":false,"footnotes":""},"categories":[1],"tags":[],"class_list":["post-69308","post","type-post","status-publish","format-standard","has-post-thumbnail","hentry","category-cronica"],"jetpack_featured_media_url":"https:\/\/i0.wp.com\/eltrabajo.cl\/portal\/wp-content\/uploads\/2016\/05\/alumnas-de-contabilidad.jpg?fit=530%2C349&ssl=1","jetpack_sharing_enabled":true,"jetpack_likes_enabled":true,"jetpack-related-posts":[],"_links":{"self":[{"href":"https:\/\/eltrabajo.cl\/portal\/wp-json\/wp\/v2\/posts\/69308","targetHints":{"allow":["GET"]}}],"collection":[{"href":"https:\/\/eltrabajo.cl\/portal\/wp-json\/wp\/v2\/posts"}],"about":[{"href":"https:\/\/eltrabajo.cl\/portal\/wp-json\/wp\/v2\/types\/post"}],"author":[{"embeddable":true,"href":"https:\/\/eltrabajo.cl\/portal\/wp-json\/wp\/v2\/users\/1"}],"replies":[{"embeddable":true,"href":"https:\/\/eltrabajo.cl\/portal\/wp-json\/wp\/v2\/comments?post=69308"}],"version-history":[{"count":0,"href":"https:\/\/eltrabajo.cl\/portal\/wp-json\/wp\/v2\/posts\/69308\/revisions"}],"wp:featuredmedia":[{"embeddable":true,"href":"https:\/\/eltrabajo.cl\/portal\/wp-json\/wp\/v2\/media\/69309"}],"wp:attachment":[{"href":"https:\/\/eltrabajo.cl\/portal\/wp-json\/wp\/v2\/media?parent=69308"}],"wp:term":[{"taxonomy":"category","embeddable":true,"href":"https:\/\/eltrabajo.cl\/portal\/wp-json\/wp\/v2\/categories?post=69308"},{"taxonomy":"post_tag","embeddable":true,"href":"https:\/\/eltrabajo.cl\/portal\/wp-json\/wp\/v2\/tags?post=69308"}],"curies":[{"name":"wp","href":"https:\/\/api.w.org\/{rel}","templated":true}]}}