{"id":69312,"date":"2016-05-02T08:50:40","date_gmt":"2016-05-02T11:50:40","guid":{"rendered":"http:\/\/www.eltrabajo.cl\/portal\/?p=69312"},"modified":"2016-05-02T08:50:40","modified_gmt":"2016-05-02T11:50:40","slug":"familia-completa-resulto-herida-tras-colision-frontal-entre-vehiculos","status":"publish","type":"post","link":"https:\/\/eltrabajo.cl\/portal\/familia-completa-resulto-herida-tras-colision-frontal-entre-vehiculos\/","title":{"rendered":"Familia completa result\u00f3 herida tras colisi\u00f3n frontal entre veh\u00edculos"},"content":{"rendered":"<ul>\n<li><strong>Segundo conductor involucrado se fug\u00f3 del accidente:\u00a0La emergencia se produjo en el sector Santa Filomena de Santa Mar\u00eda, alrededor de las 20:00 horas del s\u00e1bado.<\/strong><\/li>\n<\/ul>\n<p>Una violenta colisi\u00f3n entre dos veh\u00edculos menores se registr\u00f3 a eso de las 20:00 horas del pasado s\u00e1bado en el sector Santa Filomena de Santa Mar\u00eda.<br \/>\nEn el lugar, una familia compuesta por cinco personas result\u00f3 lesionada de diversa consideraci\u00f3n tras el impacto de los m\u00f3viles.<br \/>\nA ra\u00edz de este accidente uno de los conductores involucrados se habr\u00eda fugado del sitio del suceso, sin haber sido individualizado.<br \/>\nVoluntarios de las dos compa\u00f1\u00edas de Bomberos de la comuna de Santa Mar\u00eda concurrieron hasta el lugar para brindar los primeros auxilios a los ocupantes del m\u00f3vil; compuesto por un matrimonio, dos menores de 14 y 8 a\u00f1os, y un lactante de meses de vida, todos lesionados a ra\u00edz del fuerte impacto.<br \/>\nEl Comandante de Bomberos, Miguel Fuenzalida, inform\u00f3 a Diario El Trabajo que se brindaron los primeros auxilios a los lesionados \u201cy posteriormente fueron asistidos por personal del Samu para ser derivados hasta un centro asistencial, visiblemente se encontraban lesionados leves. En el veh\u00edculo se encontraba el matrimonio, dos menores de edad y un lactante de dos meses\u201d.<br \/>\nEl caso qued\u00f3 en manos de Carabineros adoptando el procedimiento de rigor y las indagaciones sobre las consecuencias de esta brutal colisi\u00f3n que afortunadamente no dej\u00f3 v\u00edctimas fatales.<br \/>\n<strong>Pablo Salinas S.<\/strong><\/p>\n<figure id=\"attachment_69313\" aria-describedby=\"caption-attachment-69313\" style=\"width: 530px\" class=\"wp-caption alignleft\"><a href=\"http:\/\/www.eltrabajo.cl\/portal\/familia-completa-resulto-herida-tras-colision-frontal-entre-vehiculos\/accidente-2-8\/\" rel=\"attachment wp-att-69313\"><img data-recalc-dims=\"1\" loading=\"lazy\" decoding=\"async\" class=\"size-full wp-image-69313\" src=\"https:\/\/i0.wp.com\/www.eltrabajo.cl\/portal\/wp-content\/uploads\/2016\/05\/ACCIDENTE-2.jpg?resize=530%2C350\" alt=\"El veh\u00edculo tripulado por el matrimonio y sus hijos result\u00f3 da\u00f1ado en su carrocer\u00eda tras el impacto frontal. (Fotos: Emergencia Santa Mar\u00eda).\" width=\"530\" height=\"350\" srcset=\"https:\/\/i0.wp.com\/eltrabajo.cl\/portal\/wp-content\/uploads\/2016\/05\/ACCIDENTE-2.jpg?w=530&amp;ssl=1 530w, https:\/\/i0.wp.com\/eltrabajo.cl\/portal\/wp-content\/uploads\/2016\/05\/ACCIDENTE-2.jpg?resize=200%2C132&amp;ssl=1 200w, https:\/\/i0.wp.com\/eltrabajo.cl\/portal\/wp-content\/uploads\/2016\/05\/ACCIDENTE-2.jpg?resize=300%2C198&amp;ssl=1 300w, https:\/\/i0.wp.com\/eltrabajo.cl\/portal\/wp-content\/uploads\/2016\/05\/ACCIDENTE-2.jpg?resize=227%2C150&amp;ssl=1 227w, https:\/\/i0.wp.com\/eltrabajo.cl\/portal\/wp-content\/uploads\/2016\/05\/ACCIDENTE-2.jpg?resize=400%2C264&amp;ssl=1 400w\" sizes=\"auto, (max-width: 530px) 100vw, 530px\" \/><\/a><figcaption id=\"caption-attachment-69313\" class=\"wp-caption-text\">El veh\u00edculo tripulado por el matrimonio y sus hijos result\u00f3 da\u00f1ado en su carrocer\u00eda tras el impacto frontal. (Fotos: Emergencia Santa Mar\u00eda).<\/figcaption><\/figure>\n","protected":false},"excerpt":{"rendered":"<p>Segundo conductor involucrado se fug\u00f3 del accidente:\u00a0La emergencia se produjo en el sector Santa Filomena de Santa Mar\u00eda, alrededor de las 20:00 horas del s\u00e1bado. Una violenta colisi\u00f3n entre dos veh\u00edculos menores&#8230;<\/p>\n","protected":false},"author":1,"featured_media":69313,"comment_status":"open","ping_status":"open","sticky":false,"template":"","format":"standard","meta":{"advanced_seo_description":"","jetpack_seo_html_title":"","jetpack_seo_noindex":false,"_jetpack_memberships_contains_paid_content":false,"footnotes":""},"categories":[21],"tags":[],"class_list":["post-69312","post","type-post","status-publish","format-standard","has-post-thumbnail","hentry","category-policial"],"jetpack_featured_media_url":"https:\/\/i0.wp.com\/eltrabajo.cl\/portal\/wp-content\/uploads\/2016\/05\/ACCIDENTE-2.jpg?fit=530%2C350&ssl=1","jetpack_sharing_enabled":true,"jetpack_likes_enabled":true,"jetpack-related-posts":[],"_links":{"self":[{"href":"https:\/\/eltrabajo.cl\/portal\/wp-json\/wp\/v2\/posts\/69312","targetHints":{"allow":["GET"]}}],"collection":[{"href":"https:\/\/eltrabajo.cl\/portal\/wp-json\/wp\/v2\/posts"}],"about":[{"href":"https:\/\/eltrabajo.cl\/portal\/wp-json\/wp\/v2\/types\/post"}],"author":[{"embeddable":true,"href":"https:\/\/eltrabajo.cl\/portal\/wp-json\/wp\/v2\/users\/1"}],"replies":[{"embeddable":true,"href":"https:\/\/eltrabajo.cl\/portal\/wp-json\/wp\/v2\/comments?post=69312"}],"version-history":[{"count":0,"href":"https:\/\/eltrabajo.cl\/portal\/wp-json\/wp\/v2\/posts\/69312\/revisions"}],"wp:featuredmedia":[{"embeddable":true,"href":"https:\/\/eltrabajo.cl\/portal\/wp-json\/wp\/v2\/media\/69313"}],"wp:attachment":[{"href":"https:\/\/eltrabajo.cl\/portal\/wp-json\/wp\/v2\/media?parent=69312"}],"wp:term":[{"taxonomy":"category","embeddable":true,"href":"https:\/\/eltrabajo.cl\/portal\/wp-json\/wp\/v2\/categories?post=69312"},{"taxonomy":"post_tag","embeddable":true,"href":"https:\/\/eltrabajo.cl\/portal\/wp-json\/wp\/v2\/tags?post=69312"}],"curies":[{"name":"wp","href":"https:\/\/api.w.org\/{rel}","templated":true}]}}