{"id":6932,"date":"2011-12-01T08:38:50","date_gmt":"2011-12-01T12:38:50","guid":{"rendered":"http:\/\/www.eltrabajo.cl\/portal\/?p=6932"},"modified":"2011-12-01T08:38:50","modified_gmt":"2011-12-01T12:38:50","slug":"andina-retira-estudio-de-impacto-ambiental-sobre-su-proyecto-expansion","status":"publish","type":"post","link":"https:\/\/eltrabajo.cl\/portal\/andina-retira-estudio-de-impacto-ambiental-sobre-su-proyecto-expansion\/","title":{"rendered":"Andina retira estudio de impacto ambiental sobre su proyecto expansi\u00f3n"},"content":{"rendered":"<figure id=\"attachment_6933\" aria-describedby=\"caption-attachment-6933\" style=\"width: 240px\" class=\"wp-caption alignleft\"><a href=\"http:\/\/www.eltrabajo.cl\/portal\/archives\/6932\/navarro-estudiocodelco\" rel=\"attachment wp-att-6933\"><img data-recalc-dims=\"1\" loading=\"lazy\" decoding=\"async\" class=\"size-medium wp-image-6933 \" title=\"navarro-estudiocodelco\" src=\"https:\/\/i0.wp.com\/www.eltrabajo.cl\/portal\/wp-content\/uploads\/2011\/12\/navarro-estudiocodelco-300x225.jpg?resize=240%2C180\" alt=\"\" width=\"240\" height=\"180\" srcset=\"https:\/\/i0.wp.com\/eltrabajo.cl\/portal\/wp-content\/uploads\/2011\/12\/navarro-estudiocodelco.jpg?resize=300%2C225&amp;ssl=1 300w, https:\/\/i0.wp.com\/eltrabajo.cl\/portal\/wp-content\/uploads\/2011\/12\/navarro-estudiocodelco.jpg?resize=200%2C150&amp;ssl=1 200w, https:\/\/i0.wp.com\/eltrabajo.cl\/portal\/wp-content\/uploads\/2011\/12\/navarro-estudiocodelco.jpg?resize=150%2C112&amp;ssl=1 150w, https:\/\/i0.wp.com\/eltrabajo.cl\/portal\/wp-content\/uploads\/2011\/12\/navarro-estudiocodelco.jpg?resize=400%2C300&amp;ssl=1 400w, https:\/\/i0.wp.com\/eltrabajo.cl\/portal\/wp-content\/uploads\/2011\/12\/navarro-estudiocodelco.jpg?w=600&amp;ssl=1 600w\" sizes=\"auto, (max-width: 240px) 100vw, 240px\" \/><\/a><figcaption id=\"caption-attachment-6933\" class=\"wp-caption-text\">El alcalde de Los Andes, Mauricio Navarro, destac\u00f3 la medida tomada por Andina.<\/figcaption><\/figure>\n<ul>\n<li><strong>Diversos organismos evacuaron una serie de informes con observaciones a esta obra que deber\u00e1n ser recogidas por la empresa.<\/strong><\/li>\n<\/ul>\n<p><strong>LOS ANDES.-<\/strong> La Divisi\u00f3n Andina de Codelco retir\u00f3 del sistema de evaluaci\u00f3n ambiental su informe sobre impacto medioambiental del proyecto de expansi\u00f3n fase 2.<\/p>\n<p>Ello a ra\u00edz de las diversas observaciones efectuadas por los diferentes organismos respecto a su sustentabilidad medioambiental.<\/p>\n<p>Al respecto, el alcalde Mauricio Navarro se mostr\u00f3 satisfecho con esta determinaci\u00f3n de la cupr\u00edfera a fin de que pueda dar cuenta de estos reparos hechos por las diversas instituciones, entre ellas el municipio a trav\u00e9s de su equipo t\u00e9cnico.<\/p>\n<p>\u00abEsperamos que todas estas observaciones de conocimiento p\u00fablico sean consideradas al momento de reformular este estudio al ser presentado para su reevaluaci\u00f3n, y nosotros como municipio vamos a estar permanentemente en defensa de nuestros vecinos\u00bb, afirm\u00f3 el edil.<\/p>\n<p>Navarro sostuvo que el municipio est\u00e1 por potenciar estos proyectos de desarrollo de la ciudad, \u00abpero \u00e9stos tienen que ser sustentables con el desarrollo de la misma. Esta fase dos de Andina es un proyecto que va a impactar a nuestra ciudad por los pr\u00f3ximos 50 a\u00f1os y es preciso que sea un proyecto y un estudio absolutamente participativo y de conocimiento de todos nuestros vecinos\u00bb, argument\u00f3.<\/p>\n<p>Plante\u00f3 que necesariamente el nuevo estudio debe recoger las observaciones hechas por las organizaciones, \u00abpor lo que este no es un triunfo de nadie sobre nadie, sino la gran oportunidad de poder mejorar este estudio\u00bb.<\/p>\n<p>Entres las observaciones hechas por el municipio est\u00e1 la forma en que se aplicar\u00e1n las mitigaciones, sobre todo en la contaminaci\u00f3n ambiental de las aguas, de la tierra y el proceso de reforestaci\u00f3n de las \u00e1reas afectadas.<\/p>\n","protected":false},"excerpt":{"rendered":"<p>Diversos organismos evacuaron una serie de informes con observaciones a esta obra que deber\u00e1n ser recogidas por la empresa. LOS ANDES.- La Divisi\u00f3n Andina de Codelco retir\u00f3 del sistema de evaluaci\u00f3n ambiental&#8230;<\/p>\n","protected":false},"author":482,"featured_media":6933,"comment_status":"open","ping_status":"open","sticky":false,"template":"","format":"standard","meta":{"advanced_seo_description":"","jetpack_seo_html_title":"","jetpack_seo_noindex":false,"_jetpack_memberships_contains_paid_content":false,"footnotes":""},"categories":[15],"tags":[],"class_list":["post-6932","post","type-post","status-publish","format-standard","has-post-thumbnail","hentry","category-comunidad"],"jetpack_featured_media_url":"https:\/\/i0.wp.com\/eltrabajo.cl\/portal\/wp-content\/uploads\/2011\/12\/navarro-estudiocodelco.jpg?fit=600%2C450&ssl=1","jetpack_sharing_enabled":true,"jetpack_likes_enabled":true,"jetpack-related-posts":[],"_links":{"self":[{"href":"https:\/\/eltrabajo.cl\/portal\/wp-json\/wp\/v2\/posts\/6932","targetHints":{"allow":["GET"]}}],"collection":[{"href":"https:\/\/eltrabajo.cl\/portal\/wp-json\/wp\/v2\/posts"}],"about":[{"href":"https:\/\/eltrabajo.cl\/portal\/wp-json\/wp\/v2\/types\/post"}],"author":[{"embeddable":true,"href":"https:\/\/eltrabajo.cl\/portal\/wp-json\/wp\/v2\/users\/482"}],"replies":[{"embeddable":true,"href":"https:\/\/eltrabajo.cl\/portal\/wp-json\/wp\/v2\/comments?post=6932"}],"version-history":[{"count":0,"href":"https:\/\/eltrabajo.cl\/portal\/wp-json\/wp\/v2\/posts\/6932\/revisions"}],"wp:featuredmedia":[{"embeddable":true,"href":"https:\/\/eltrabajo.cl\/portal\/wp-json\/wp\/v2\/media\/6933"}],"wp:attachment":[{"href":"https:\/\/eltrabajo.cl\/portal\/wp-json\/wp\/v2\/media?parent=6932"}],"wp:term":[{"taxonomy":"category","embeddable":true,"href":"https:\/\/eltrabajo.cl\/portal\/wp-json\/wp\/v2\/categories?post=6932"},{"taxonomy":"post_tag","embeddable":true,"href":"https:\/\/eltrabajo.cl\/portal\/wp-json\/wp\/v2\/tags?post=6932"}],"curies":[{"name":"wp","href":"https:\/\/api.w.org\/{rel}","templated":true}]}}