{"id":69320,"date":"2016-05-02T08:54:34","date_gmt":"2016-05-02T11:54:34","guid":{"rendered":"http:\/\/www.eltrabajo.cl\/portal\/?p=69320"},"modified":"2016-05-02T08:54:34","modified_gmt":"2016-05-02T11:54:34","slug":"autoridades-inauguran-moderna-sede-social-en-villa-bernardo-cruz","status":"publish","type":"post","link":"https:\/\/eltrabajo.cl\/portal\/autoridades-inauguran-moderna-sede-social-en-villa-bernardo-cruz\/","title":{"rendered":"Autoridades inauguran moderna sede social en villa Bernardo Cruz"},"content":{"rendered":"<p>Agradecidos pero por sobre todo felices estaban el viernes reci\u00e9n pasado los vecinos de la villa Bernardo Cruz, ya que inauguraron junto a las autoridades su nueva y moderna sede social.<br \/>\nTal como lo se\u00f1al\u00f3 la presidenta de la Junta de Vecinos, Ver\u00f3nica Ar\u00e9valo, fueron a\u00f1os de espera y de m\u00faltiples gestiones ante las autoridades que realizaron estos vecinos, sin resultados positivos, hasta que le plantearon el proyecto al alcalde Patricio Freire, quien de inmediato instruy\u00f3 a la Secretar\u00eda de Planificaci\u00f3n comenzar a trabajar con esta comunidad.<br \/>\n\u201cEstamos emocionad\u00edsimos, era un sue\u00f1o anhelado para todos los vecinos, porque anduvimos como gitanos, de all\u00e1 para ac\u00e1 y no ten\u00edamos donde guardar nada y ahora tenemos todo esto, es maravilloso. Siempre se present\u00f3 el proyecto y siempre qued\u00f3 en el tintero, nunca fuimos escuchados, por eso ahora estamos muy motivados para seguir trabajando y que el Alcalde nos apoye como lo ha hecho hasta el momento\u201d.<br \/>\nLa presidenta agreg\u00f3 que en el lugar podr\u00e1n funcionar talleres femeninos, grupos culturales, adultos mayores y especialmente est\u00e1n enfocados en potenciar el trabajo con los ni\u00f1os del sector.<br \/>\nEsta es el resultado del trabajo junto a los vecinos que ha fortalecido el alcalde Patricio Freire, conociendo primero sus necesidades a trav\u00e9s de las juntas de vecinos, para luego crear un proyecto de manera participativa.<br \/>\n\u201cEstamos muy contentos de ver en la villa poeta Bernardo Cruz vecinos empoderados, vecinos trabajadores, que cuando llegamos al municipio nos pidieron que quer\u00edan una sede comunitaria, y ese sue\u00f1o ha sido realizado y nuestro objetivo es continuar trabajando y manteniendo las puertas abiertas para todos los vecinos, porque hay mucho que hacer todav\u00eda en la comuna. Tenemos que cambiar las luminarias en algunos sectores todav\u00eda, estamos trabajando en proyectos de multicanchas, sabemos que son muchas las necesidades, pero estamos trabajando con todos los vecinos\u201d, dijo el jefe comunal.<\/p>\n<p><strong>VECINOS FELICES CON LA NUEVA SEDE<\/strong><br \/>\nLos vecinos se mostraron muy contentos y una vez que termin\u00f3 la ceremonia pudieron recorrer las modernas instalaciones, que en su sal\u00f3n principal tiene una capacidad para alrededor de 100 personas. Mientras los ni\u00f1os se entretuvieron en los juegos instalados en el patio.<br \/>\nIsilda Flores vive hace un a\u00f1o en el sector y ya se acostumbr\u00f3 por su tranquilidad. \u201cEs hermosa la sede, yo llevo un a\u00f1o pero he sido muy feliz ac\u00e1, es tranquila la poblaci\u00f3n y estoy feliz, m\u00e1s todav\u00eda ahora y quise estar en la ceremonia para comenzar a participar en los talleres que se est\u00e1n realizando. Y el alcalde me dej\u00f3 impresionada con el cambio de luminarias, va a ser genial eso tambi\u00e9n\u201d.<br \/>\nUna opini\u00f3n similar manifest\u00f3 Manuel Uribe, quien se\u00f1al\u00f3 que \u201ceste es un logro sumamente importante que era muy necesario tenerlo, siendo una villa tan grande era muy necesaria la sede y la idea es continuar realizando proyectos. Adem\u00e1s el anuncio de las luminarias es espectacular, y yo he visto en otras poblaciones que andar de noche es como andar de d\u00eda, as\u00ed que es un logro tremendamente importante. Indudablemente que ha cambiado San Felipe, vemos un San Felipe distinto, mas renovado, uno se mete a las villas y poblaciones y se encuentra con caminos pavimentados, cosa que no ocurr\u00eda a\u00f1os atr\u00e1s, a mi me sorprende. Son logros importantes en estos tres a\u00f1os en la comuna\u201d, mientras que Fancy Palominos sostuvo que \u201cesto es muy bueno, yo pertenec\u00eda a un taller y no ten\u00edamos donde estar, hab\u00eda que andar de casa en casa y ahora va a ser distinto. Y es muy bueno el cambio de luminarias, yo vivo hace unos 20 a\u00f1os ac\u00e1 y ahora hay un avance grande, San Felipe ha cambiado mucho, especialmente en La Troya, est\u00e1 muy lindo, sirve para ir a pasear con los ni\u00f1os, est\u00e1 muy lindo\u201d.<\/p>\n<figure id=\"attachment_69321\" aria-describedby=\"caption-attachment-69321\" style=\"width: 530px\" class=\"wp-caption alignleft\"><a href=\"http:\/\/www.eltrabajo.cl\/portal\/autoridades-inauguran-moderna-sede-social-en-villa-bernardo-cruz\/inauguracion-sede-bdo-cruz2\/\" rel=\"attachment wp-att-69321\"><img data-recalc-dims=\"1\" loading=\"lazy\" decoding=\"async\" class=\"size-full wp-image-69321\" src=\"https:\/\/i0.wp.com\/www.eltrabajo.cl\/portal\/wp-content\/uploads\/2016\/05\/inauguracion-sede-bdo-cruz2.jpg?resize=530%2C350\" alt=\"Con mucha emoci\u00f3n, el alcalde Patricio Freire junto a autoridades y la comunidad, inauguraron la nueva sede de la villa Bernardo Cruz.\" width=\"530\" height=\"350\" srcset=\"https:\/\/i0.wp.com\/eltrabajo.cl\/portal\/wp-content\/uploads\/2016\/05\/inauguracion-sede-bdo-cruz2.jpg?w=530&amp;ssl=1 530w, https:\/\/i0.wp.com\/eltrabajo.cl\/portal\/wp-content\/uploads\/2016\/05\/inauguracion-sede-bdo-cruz2.jpg?resize=200%2C132&amp;ssl=1 200w, https:\/\/i0.wp.com\/eltrabajo.cl\/portal\/wp-content\/uploads\/2016\/05\/inauguracion-sede-bdo-cruz2.jpg?resize=300%2C198&amp;ssl=1 300w, https:\/\/i0.wp.com\/eltrabajo.cl\/portal\/wp-content\/uploads\/2016\/05\/inauguracion-sede-bdo-cruz2.jpg?resize=227%2C150&amp;ssl=1 227w, https:\/\/i0.wp.com\/eltrabajo.cl\/portal\/wp-content\/uploads\/2016\/05\/inauguracion-sede-bdo-cruz2.jpg?resize=400%2C264&amp;ssl=1 400w\" sizes=\"auto, (max-width: 530px) 100vw, 530px\" \/><\/a><figcaption id=\"caption-attachment-69321\" class=\"wp-caption-text\">Con mucha emoci\u00f3n, el alcalde Patricio Freire junto a autoridades y la comunidad, inauguraron la nueva sede de la villa Bernardo Cruz.<\/figcaption><\/figure>\n","protected":false},"excerpt":{"rendered":"<p>Agradecidos pero por sobre todo felices estaban el viernes reci\u00e9n pasado los vecinos de la villa Bernardo Cruz, ya que inauguraron junto a las autoridades su nueva y moderna sede social. Tal&#8230;<\/p>\n","protected":false},"author":1,"featured_media":69321,"comment_status":"open","ping_status":"open","sticky":false,"template":"","format":"standard","meta":{"advanced_seo_description":"","jetpack_seo_html_title":"","jetpack_seo_noindex":false,"_jetpack_memberships_contains_paid_content":false,"footnotes":""},"categories":[1],"tags":[],"class_list":["post-69320","post","type-post","status-publish","format-standard","has-post-thumbnail","hentry","category-cronica"],"jetpack_featured_media_url":"https:\/\/i0.wp.com\/eltrabajo.cl\/portal\/wp-content\/uploads\/2016\/05\/inauguracion-sede-bdo-cruz2.jpg?fit=530%2C350&ssl=1","jetpack_sharing_enabled":true,"jetpack_likes_enabled":true,"jetpack-related-posts":[],"_links":{"self":[{"href":"https:\/\/eltrabajo.cl\/portal\/wp-json\/wp\/v2\/posts\/69320","targetHints":{"allow":["GET"]}}],"collection":[{"href":"https:\/\/eltrabajo.cl\/portal\/wp-json\/wp\/v2\/posts"}],"about":[{"href":"https:\/\/eltrabajo.cl\/portal\/wp-json\/wp\/v2\/types\/post"}],"author":[{"embeddable":true,"href":"https:\/\/eltrabajo.cl\/portal\/wp-json\/wp\/v2\/users\/1"}],"replies":[{"embeddable":true,"href":"https:\/\/eltrabajo.cl\/portal\/wp-json\/wp\/v2\/comments?post=69320"}],"version-history":[{"count":0,"href":"https:\/\/eltrabajo.cl\/portal\/wp-json\/wp\/v2\/posts\/69320\/revisions"}],"wp:featuredmedia":[{"embeddable":true,"href":"https:\/\/eltrabajo.cl\/portal\/wp-json\/wp\/v2\/media\/69321"}],"wp:attachment":[{"href":"https:\/\/eltrabajo.cl\/portal\/wp-json\/wp\/v2\/media?parent=69320"}],"wp:term":[{"taxonomy":"category","embeddable":true,"href":"https:\/\/eltrabajo.cl\/portal\/wp-json\/wp\/v2\/categories?post=69320"},{"taxonomy":"post_tag","embeddable":true,"href":"https:\/\/eltrabajo.cl\/portal\/wp-json\/wp\/v2\/tags?post=69320"}],"curies":[{"name":"wp","href":"https:\/\/api.w.org\/{rel}","templated":true}]}}