{"id":69324,"date":"2016-05-02T08:55:49","date_gmt":"2016-05-02T11:55:49","guid":{"rendered":"http:\/\/www.eltrabajo.cl\/portal\/?p=69324"},"modified":"2016-05-02T08:55:49","modified_gmt":"2016-05-02T11:55:49","slug":"dejan-en-libertad-condicional-a-118-reos-de-carceles-de-san-felipe-y-los-andes","status":"publish","type":"post","link":"https:\/\/eltrabajo.cl\/portal\/dejan-en-libertad-condicional-a-118-reos-de-carceles-de-san-felipe-y-los-andes\/","title":{"rendered":"Dejan en libertad condicional a 118 reos de c\u00e1rceles de San Felipe y Los Andes"},"content":{"rendered":"<ul>\n<li><strong>Por dictamen de Corte de Apelaciones de Valpara\u00edso:<\/strong><\/li>\n<\/ul>\n<p>En horas de la tarde de este viernes 118 reos de las c\u00e1rceles de San Felipe y Los Andes, que cumpl\u00edan condenas de distinta \u00edndole, fueron dejados en libertad condicional tras un dictamen de la Corte de Apelaciones de Valpara\u00edso, que entreg\u00f3 este beneficio a 700 reos en la regi\u00f3n.<br \/>\nAunque la entrega de este beneficio est\u00e1 establecido por Ley para los reclusos que cumplen sus condenas con buena conducta, entreg\u00e1ndose normalmente dos veces al a\u00f1o, en esta oportunidad la resoluci\u00f3n de la Corte de Apelaciones de Valpara\u00edso sorprendi\u00f3 a todo el mundo, autoridades e incluso Gendarmer\u00eda, porque hist\u00f3ricamente el n\u00famero de reos que finalmente recuperaban su libertad condicional, no eran m\u00e1s de cinco.<br \/>\nLlamativamente el dictamen de la Corte de Apelaciones de Valpara\u00edso que se hizo efectivo en horas de la tarde del viernes, entreg\u00f3 el beneficio de la libertad condicional con firma semanal, a 700 reclusos en toda la regi\u00f3n, de los cuales 69 corresponden a la c\u00e1rcel de San Felipe y 49 al centro penitenciario de Los Andes.<br \/>\nEn ese mismo contexto de los 700 reos, 400 solamente corresponden a la c\u00e1rcel de Valpara\u00edso.<br \/>\nEl dictamen no ha dejado a nadie indiferente, manifest\u00e1ndonos algunas autoridades locales abiertamente que est\u00e1n \u2018alerta\u2019 por las consecuencias que la salida masiva puede implicar en el aumento de la delincuencia.<br \/>\nEn tanto, al interior de los centros penitenciarios aconcag\u00fcinos se reconoci\u00f3 que la medida de la Corte de Apelaciones fue sorpresiva porque nunca se hab\u00eda entregado el beneficio a tantos reclusos, siempre lo m\u00e1ximo eran unos cuatro o cinco.<\/p>\n<figure id=\"attachment_69325\" aria-describedby=\"caption-attachment-69325\" style=\"width: 530px\" class=\"wp-caption alignleft\"><a href=\"http:\/\/www.eltrabajo.cl\/portal\/dejan-en-libertad-condicional-a-118-reos-de-carceles-de-san-felipe-y-los-andes\/carcel-san-felipe\/\" rel=\"attachment wp-att-69325\"><img data-recalc-dims=\"1\" loading=\"lazy\" decoding=\"async\" class=\"size-full wp-image-69325\" src=\"https:\/\/i0.wp.com\/www.eltrabajo.cl\/portal\/wp-content\/uploads\/2016\/05\/carcel-san-felipe.jpg?resize=530%2C350\" alt=\"Desde la c\u00e1rcel de San Felipe fueron beneficiados 69 reos, mientras que desde el centro de Los Andes, 49. \" width=\"530\" height=\"350\" srcset=\"https:\/\/i0.wp.com\/eltrabajo.cl\/portal\/wp-content\/uploads\/2016\/05\/carcel-san-felipe.jpg?w=530&amp;ssl=1 530w, https:\/\/i0.wp.com\/eltrabajo.cl\/portal\/wp-content\/uploads\/2016\/05\/carcel-san-felipe.jpg?resize=200%2C132&amp;ssl=1 200w, https:\/\/i0.wp.com\/eltrabajo.cl\/portal\/wp-content\/uploads\/2016\/05\/carcel-san-felipe.jpg?resize=300%2C198&amp;ssl=1 300w, https:\/\/i0.wp.com\/eltrabajo.cl\/portal\/wp-content\/uploads\/2016\/05\/carcel-san-felipe.jpg?resize=227%2C150&amp;ssl=1 227w, https:\/\/i0.wp.com\/eltrabajo.cl\/portal\/wp-content\/uploads\/2016\/05\/carcel-san-felipe.jpg?resize=400%2C264&amp;ssl=1 400w\" sizes=\"auto, (max-width: 530px) 100vw, 530px\" \/><\/a><figcaption id=\"caption-attachment-69325\" class=\"wp-caption-text\">Desde la c\u00e1rcel de San Felipe fueron beneficiados 69 reos, mientras que desde el centro de Los Andes, 49.<\/figcaption><\/figure>\n","protected":false},"excerpt":{"rendered":"<p>Por dictamen de Corte de Apelaciones de Valpara\u00edso: En horas de la tarde de este viernes 118 reos de las c\u00e1rceles de San Felipe y Los Andes, que cumpl\u00edan condenas de distinta&#8230;<\/p>\n","protected":false},"author":1,"featured_media":69325,"comment_status":"open","ping_status":"open","sticky":false,"template":"","format":"standard","meta":{"advanced_seo_description":"","jetpack_seo_html_title":"","jetpack_seo_noindex":false,"_jetpack_memberships_contains_paid_content":false,"footnotes":""},"categories":[1],"tags":[],"class_list":["post-69324","post","type-post","status-publish","format-standard","has-post-thumbnail","hentry","category-cronica"],"jetpack_featured_media_url":"https:\/\/i0.wp.com\/eltrabajo.cl\/portal\/wp-content\/uploads\/2016\/05\/carcel-san-felipe.jpg?fit=530%2C350&ssl=1","jetpack_sharing_enabled":true,"jetpack_likes_enabled":true,"jetpack-related-posts":[],"_links":{"self":[{"href":"https:\/\/eltrabajo.cl\/portal\/wp-json\/wp\/v2\/posts\/69324","targetHints":{"allow":["GET"]}}],"collection":[{"href":"https:\/\/eltrabajo.cl\/portal\/wp-json\/wp\/v2\/posts"}],"about":[{"href":"https:\/\/eltrabajo.cl\/portal\/wp-json\/wp\/v2\/types\/post"}],"author":[{"embeddable":true,"href":"https:\/\/eltrabajo.cl\/portal\/wp-json\/wp\/v2\/users\/1"}],"replies":[{"embeddable":true,"href":"https:\/\/eltrabajo.cl\/portal\/wp-json\/wp\/v2\/comments?post=69324"}],"version-history":[{"count":0,"href":"https:\/\/eltrabajo.cl\/portal\/wp-json\/wp\/v2\/posts\/69324\/revisions"}],"wp:featuredmedia":[{"embeddable":true,"href":"https:\/\/eltrabajo.cl\/portal\/wp-json\/wp\/v2\/media\/69325"}],"wp:attachment":[{"href":"https:\/\/eltrabajo.cl\/portal\/wp-json\/wp\/v2\/media?parent=69324"}],"wp:term":[{"taxonomy":"category","embeddable":true,"href":"https:\/\/eltrabajo.cl\/portal\/wp-json\/wp\/v2\/categories?post=69324"},{"taxonomy":"post_tag","embeddable":true,"href":"https:\/\/eltrabajo.cl\/portal\/wp-json\/wp\/v2\/tags?post=69324"}],"curies":[{"name":"wp","href":"https:\/\/api.w.org\/{rel}","templated":true}]}}