{"id":69328,"date":"2016-05-02T08:58:13","date_gmt":"2016-05-02T11:58:13","guid":{"rendered":"http:\/\/www.eltrabajo.cl\/portal\/?p=69328"},"modified":"2016-05-02T08:58:13","modified_gmt":"2016-05-02T11:58:13","slug":"nino-heroe-salva-a-su-familia-de-morir-asfixiada-con-gas-licuado","status":"publish","type":"post","link":"https:\/\/eltrabajo.cl\/portal\/nino-heroe-salva-a-su-familia-de-morir-asfixiada-con-gas-licuado\/","title":{"rendered":"Ni\u00f1o h\u00e9roe salva a su familia de morir asfixiada con gas licuado"},"content":{"rendered":"<ul>\n<li><strong>El peque\u00f1o de solo 10 a\u00f1os de edad despert\u00f3 a tiempo para alertar a su madre que ya sucumb\u00eda por el efecto del gas y adem\u00e1s rescat\u00f3 a una prima que se encontraba desmayada al interior de un ba\u00f1o. <\/strong><\/li>\n<\/ul>\n<figure id=\"attachment_69330\" aria-describedby=\"caption-attachment-69330\" style=\"width: 300px\" class=\"wp-caption alignleft\"><a href=\"http:\/\/www.eltrabajo.cl\/portal\/nino-heroe-salva-a-su-familia-de-morir-asfixiada-con-gas-licuado\/matias-antonio-calderon-bravo-1\/\" rel=\"attachment wp-att-69330\"><img data-recalc-dims=\"1\" loading=\"lazy\" decoding=\"async\" class=\"size-medium wp-image-69330\" src=\"https:\/\/i0.wp.com\/www.eltrabajo.cl\/portal\/wp-content\/uploads\/2016\/05\/Matias-Antonio-Calderon-Bravo-1-300x198.jpg?resize=300%2C198\" alt=\"Mat\u00edas Antonio Calder\u00f3n Bravo, el peque\u00f1o de 10 a\u00f1os que salv\u00f3 a su familia de morir asfixiados.\" width=\"300\" height=\"198\" srcset=\"https:\/\/i0.wp.com\/eltrabajo.cl\/portal\/wp-content\/uploads\/2016\/05\/Matias-Antonio-Calderon-Bravo-1.jpg?resize=300%2C198&amp;ssl=1 300w, https:\/\/i0.wp.com\/eltrabajo.cl\/portal\/wp-content\/uploads\/2016\/05\/Matias-Antonio-Calderon-Bravo-1.jpg?resize=200%2C132&amp;ssl=1 200w, https:\/\/i0.wp.com\/eltrabajo.cl\/portal\/wp-content\/uploads\/2016\/05\/Matias-Antonio-Calderon-Bravo-1.jpg?resize=227%2C150&amp;ssl=1 227w, https:\/\/i0.wp.com\/eltrabajo.cl\/portal\/wp-content\/uploads\/2016\/05\/Matias-Antonio-Calderon-Bravo-1.jpg?resize=400%2C264&amp;ssl=1 400w, https:\/\/i0.wp.com\/eltrabajo.cl\/portal\/wp-content\/uploads\/2016\/05\/Matias-Antonio-Calderon-Bravo-1.jpg?w=530&amp;ssl=1 530w\" sizes=\"auto, (max-width: 300px) 100vw, 300px\" \/><\/a><figcaption id=\"caption-attachment-69330\" class=\"wp-caption-text\">Mat\u00edas Antonio Calder\u00f3n Bravo, el peque\u00f1o de 10 a\u00f1os que salv\u00f3 a su familia de morir asfixiados.<\/figcaption><\/figure>\n<p><strong>PUTAENDO.-<\/strong> Un ni\u00f1o de tan s\u00f3lo 10 a\u00f1os de edad logr\u00f3 evitar que su madre y su prima murieran asfixiadas, luego que accidentalmente inhalaran una importante cantidad de gas licuado en su hogar de la Poblaci\u00f3n Santa Rita.<br \/>\nGladys Bravo Ahumada, madre del peque\u00f1o y t\u00eda de la segunda menor afectada, sostuvo que el viernes reci\u00e9n pasado, luego de haber llegado de su trabajo, aproximadamente a eso de las 17:00 horas junto a su hijo subi\u00f3 al segundo piso a dormir una siesta. En el dormitorio tambi\u00e9n ya se encontraba durmiendo su sobrina de 14 a\u00f1os de edad.<br \/>\nTranscurridos unos 25 minutos, ella se dio cuenta que su hijo la mov\u00eda mucho mientras le gritaba para que despertara. Al levantarse, Bravo asegura que se sinti\u00f3 mareada, desorientada y que s\u00f3lo escuchaba a su hijo mientras le dec\u00eda que hab\u00eda mucho olor a gas en la habitaci\u00f3n.<br \/>\nApenas pudo reaccionar, Gladys Bravo vio c\u00f3mo su hijo abr\u00eda una ventana del segundo piso para ventilar el recinto, percat\u00e1ndose en ese instante del fuerte olor a gas que inundaba por completo la vivienda.<br \/>\nEn tanto, el peque\u00f1o Mat\u00edas baj\u00f3 hacia el primer piso de la casa, presentando fuertes v\u00f3mitos y fue seguido por su madre que ten\u00eda problemas para caminar producto de la inhalaci\u00f3n de gas licuado. El ni\u00f1o se percat\u00f3 que en el ba\u00f1o del primer piso su prima de 14 a\u00f1os de edad estaba desmayada, ante lo cual abri\u00f3 las ventanas cercanas para ventilar, al tiempo que logr\u00f3 que ella reaccionara y salieran hacia la calle.<br \/>\nAlgunos vecinos que se percataron de la situaci\u00f3n ayudaron a la madre y ambos peque\u00f1os, y luego comprobaron que la llave de paso del gas licuado en la cocina del primer piso estaba parcialmente abierta.<br \/>\nGladys Bravo junto a su hijo Mat\u00edas y su sobrina fueron trasladados al Servicio de Urgencia del Hospital San Antonio de Putaendo, donde fueron atendidos r\u00e1pidamente. En el establecimiento de salud permanecieron con ox\u00edgeno pues presentaban un nivel de intoxicaci\u00f3n alto.<br \/>\nMat\u00edas Antonio Calder\u00f3n Bravo, el peque\u00f1o que protagoniz\u00f3 esta historia, convers\u00f3 con nuestro medio y dijo que ten\u00eda muchas ganas de dormir una siesta con su mam\u00e1, pero le cost\u00f3 mucho quedarse dormido y algo lo hizo despertarse bruscamente sinti\u00e9ndose mal y con ganas de vomitar producto del olor a gas que percibi\u00f3 en forma inmediata.<br \/>\nEn su relato, el menor indic\u00f3 que comenz\u00f3 a mover a su madre para despertarla mientras abr\u00eda una ventana del segundo piso, y al ver que su progenitora por fin reaccion\u00f3, baj\u00f3 inmediatamente al primer piso porque no encontraba a su prima, a quien divis\u00f3 desmayada en el ba\u00f1o: \u00abMe devolv\u00ed a buscarla y abr\u00ed las ventanas de la casa, despu\u00e9s que la saqu\u00e9 empec\u00e9 a vomitar\u00bb, cont\u00f3.<br \/>\n\u00abMi mam\u00e1 siempre me dijo que avisara cuando sintiera olor a gas\u00bb, continu\u00f3 diciendo el peque\u00f1o Mat\u00edas, quien adem\u00e1s sostuvo que no era primera vez que ocurr\u00eda algo similar \u00abpero estoy feliz de haber salvado a mi mam\u00e1 y a mi prima\u00bb, finaliz\u00f3.<br \/>\nRespecto a las causas de este hecho, Gladys Bravo se\u00f1al\u00f3 que es la tercera vez que esto pasa, pues su abuela, una adulta mayor de 94 a\u00f1os de edad, abri\u00f3 la llave de paso del gas y sali\u00f3 al patio sin percatarse de la situaci\u00f3n debido a una enfermedad que presenta, por lo que su acci\u00f3n fue un hecho involuntario y no intencional.<br \/>\n<strong>Patricio Gallardo M.<\/strong><\/p>\n<figure id=\"attachment_69329\" aria-describedby=\"caption-attachment-69329\" style=\"width: 530px\" class=\"wp-caption alignleft\"><a href=\"http:\/\/www.eltrabajo.cl\/portal\/nino-heroe-salva-a-su-familia-de-morir-asfixiada-con-gas-licuado\/porta-familia-de-matias-calderon-bravo\/\" rel=\"attachment wp-att-69329\"><img data-recalc-dims=\"1\" loading=\"lazy\" decoding=\"async\" class=\"size-full wp-image-69329\" src=\"https:\/\/i0.wp.com\/www.eltrabajo.cl\/portal\/wp-content\/uploads\/2016\/05\/porta-Familia-de-Matias-Calderon-Bravo.jpg?resize=530%2C350\" alt=\"El menor de 10 a\u00f1os junto a su familia a a cual rescat\u00f3 cuando se percat\u00f3 que hab\u00eda una fuga de gas en la casa.\" width=\"530\" height=\"350\" srcset=\"https:\/\/i0.wp.com\/eltrabajo.cl\/portal\/wp-content\/uploads\/2016\/05\/porta-Familia-de-Matias-Calderon-Bravo.jpg?w=530&amp;ssl=1 530w, https:\/\/i0.wp.com\/eltrabajo.cl\/portal\/wp-content\/uploads\/2016\/05\/porta-Familia-de-Matias-Calderon-Bravo.jpg?resize=200%2C132&amp;ssl=1 200w, https:\/\/i0.wp.com\/eltrabajo.cl\/portal\/wp-content\/uploads\/2016\/05\/porta-Familia-de-Matias-Calderon-Bravo.jpg?resize=300%2C198&amp;ssl=1 300w, https:\/\/i0.wp.com\/eltrabajo.cl\/portal\/wp-content\/uploads\/2016\/05\/porta-Familia-de-Matias-Calderon-Bravo.jpg?resize=227%2C150&amp;ssl=1 227w, https:\/\/i0.wp.com\/eltrabajo.cl\/portal\/wp-content\/uploads\/2016\/05\/porta-Familia-de-Matias-Calderon-Bravo.jpg?resize=400%2C264&amp;ssl=1 400w\" sizes=\"auto, (max-width: 530px) 100vw, 530px\" \/><\/a><figcaption id=\"caption-attachment-69329\" class=\"wp-caption-text\">El menor de 10 a\u00f1os junto a su familia a a cual rescat\u00f3 cuando se percat\u00f3 que hab\u00eda una fuga de gas en la casa.<\/figcaption><\/figure>\n","protected":false},"excerpt":{"rendered":"<p>El peque\u00f1o de solo 10 a\u00f1os de edad despert\u00f3 a tiempo para alertar a su madre que ya sucumb\u00eda por el efecto del gas y adem\u00e1s rescat\u00f3 a una prima que se&#8230;<\/p>\n","protected":false},"author":1,"featured_media":69329,"comment_status":"open","ping_status":"open","sticky":false,"template":"","format":"standard","meta":{"advanced_seo_description":"","jetpack_seo_html_title":"","jetpack_seo_noindex":false,"_jetpack_memberships_contains_paid_content":false,"footnotes":""},"categories":[21],"tags":[],"class_list":["post-69328","post","type-post","status-publish","format-standard","has-post-thumbnail","hentry","category-policial"],"jetpack_featured_media_url":"https:\/\/i0.wp.com\/eltrabajo.cl\/portal\/wp-content\/uploads\/2016\/05\/porta-Familia-de-Matias-Calderon-Bravo.jpg?fit=530%2C350&ssl=1","jetpack_sharing_enabled":true,"jetpack_likes_enabled":true,"jetpack-related-posts":[],"_links":{"self":[{"href":"https:\/\/eltrabajo.cl\/portal\/wp-json\/wp\/v2\/posts\/69328","targetHints":{"allow":["GET"]}}],"collection":[{"href":"https:\/\/eltrabajo.cl\/portal\/wp-json\/wp\/v2\/posts"}],"about":[{"href":"https:\/\/eltrabajo.cl\/portal\/wp-json\/wp\/v2\/types\/post"}],"author":[{"embeddable":true,"href":"https:\/\/eltrabajo.cl\/portal\/wp-json\/wp\/v2\/users\/1"}],"replies":[{"embeddable":true,"href":"https:\/\/eltrabajo.cl\/portal\/wp-json\/wp\/v2\/comments?post=69328"}],"version-history":[{"count":0,"href":"https:\/\/eltrabajo.cl\/portal\/wp-json\/wp\/v2\/posts\/69328\/revisions"}],"wp:featuredmedia":[{"embeddable":true,"href":"https:\/\/eltrabajo.cl\/portal\/wp-json\/wp\/v2\/media\/69329"}],"wp:attachment":[{"href":"https:\/\/eltrabajo.cl\/portal\/wp-json\/wp\/v2\/media?parent=69328"}],"wp:term":[{"taxonomy":"category","embeddable":true,"href":"https:\/\/eltrabajo.cl\/portal\/wp-json\/wp\/v2\/categories?post=69328"},{"taxonomy":"post_tag","embeddable":true,"href":"https:\/\/eltrabajo.cl\/portal\/wp-json\/wp\/v2\/tags?post=69328"}],"curies":[{"name":"wp","href":"https:\/\/api.w.org\/{rel}","templated":true}]}}