{"id":69334,"date":"2016-05-03T08:43:28","date_gmt":"2016-05-03T11:43:28","guid":{"rendered":"http:\/\/www.eltrabajo.cl\/portal\/?p=69334"},"modified":"2016-05-03T08:43:28","modified_gmt":"2016-05-03T11:43:28","slug":"nota-7-para-el-ii-festival-escolar-de-cortometrajes-2016","status":"publish","type":"post","link":"https:\/\/eltrabajo.cl\/portal\/nota-7-para-el-ii-festival-escolar-de-cortometrajes-2016\/","title":{"rendered":"Nota 7 para el II Festival escolar de cortometrajes 2016"},"content":{"rendered":"<p>El Grupo Cultural Club Auca Rehue N\u00b016 Cacique Michimalongo de San Felipe, a trav\u00e9s del Gobierno Regional, realiz\u00f3 el II Festival Escolar de cortometrajes, para alumnos de ense\u00f1anza b\u00e1sica y media de San Felipe y de Los Andes, el proyecto es financiado por el 2% del FNDR de Cultura del Gobierno Regional de Valpara\u00edso a\u00f1o 2015.<br \/>\nDicho concurso tuvo como objetivo el promover, fomentar y potenciar la creatividad, la vida cultural y el desarrollo de una actividad art\u00edstica y cultural, abriendo los espacios a nuestra juventud, en la que puedan resaltar el uso de medios tecnol\u00f3gicos actuales, plasmando en im\u00e1genes, valores, costumbres, patrimonio y naturaleza.<br \/>\nEl Jurado de este festival fue integrado por el Consejero Regional Rolando Stevenson; Flavia Vera Olgu\u00edn de Radio L\u00edder FM; Mar\u00eda Soledad Basulto, representante Mesa Regional Educaci\u00f3n Art\u00edstica San Felipe; Ra\u00fal de la Fuente de Canal 13 y los integrantes del Grupo Cultural Auca, V\u00edctor C\u00e1rdenas y Eduardo Plaza, quienes determinaron a los ganadores durante tres d\u00edas de selecci\u00f3n por categor\u00edas.<\/p>\n<figure id=\"attachment_69335\" aria-describedby=\"caption-attachment-69335\" style=\"width: 530px\" class=\"wp-caption alignleft\"><a href=\"http:\/\/www.eltrabajo.cl\/portal\/nota-7-para-el-ii-festival-escolar-de-cortometrajes-2016\/cortos1\/\" rel=\"attachment wp-att-69335\"><img data-recalc-dims=\"1\" loading=\"lazy\" decoding=\"async\" class=\"size-full wp-image-69335\" src=\"https:\/\/i0.wp.com\/www.eltrabajo.cl\/portal\/wp-content\/uploads\/2016\/05\/Cortos1.jpg?resize=530%2C349\" alt=\"PREMIADOS.- El II Festival Escolar de cortometrajes, para alumnos de ense\u00f1anza b\u00e1sica y media de San Felipe y de  Los Andes, signific\u00f3 para muchos estudiantes la conquista de premios y pergaminos.\" width=\"530\" height=\"349\" srcset=\"https:\/\/i0.wp.com\/eltrabajo.cl\/portal\/wp-content\/uploads\/2016\/05\/Cortos1.jpg?w=530&amp;ssl=1 530w, https:\/\/i0.wp.com\/eltrabajo.cl\/portal\/wp-content\/uploads\/2016\/05\/Cortos1.jpg?resize=200%2C132&amp;ssl=1 200w, https:\/\/i0.wp.com\/eltrabajo.cl\/portal\/wp-content\/uploads\/2016\/05\/Cortos1.jpg?resize=300%2C198&amp;ssl=1 300w, https:\/\/i0.wp.com\/eltrabajo.cl\/portal\/wp-content\/uploads\/2016\/05\/Cortos1.jpg?resize=228%2C150&amp;ssl=1 228w, https:\/\/i0.wp.com\/eltrabajo.cl\/portal\/wp-content\/uploads\/2016\/05\/Cortos1.jpg?resize=400%2C263&amp;ssl=1 400w\" sizes=\"auto, (max-width: 530px) 100vw, 530px\" \/><\/a><figcaption id=\"caption-attachment-69335\" class=\"wp-caption-text\">PREMIADOS.- El II Festival Escolar de cortometrajes, para alumnos de ense\u00f1anza b\u00e1sica y media de San Felipe y de Los Andes, signific\u00f3 para muchos estudiantes la conquista de premios y pergaminos.<\/figcaption><\/figure>\n","protected":false},"excerpt":{"rendered":"<p>El Grupo Cultural Club Auca Rehue N\u00b016 Cacique Michimalongo de San Felipe, a trav\u00e9s del Gobierno Regional, realiz\u00f3 el II Festival Escolar de cortometrajes, para alumnos de ense\u00f1anza b\u00e1sica y media de&#8230;<\/p>\n","protected":false},"author":1,"featured_media":69335,"comment_status":"open","ping_status":"open","sticky":false,"template":"","format":"standard","meta":{"advanced_seo_description":"","jetpack_seo_html_title":"","jetpack_seo_noindex":false,"_jetpack_memberships_contains_paid_content":false,"footnotes":""},"categories":[1],"tags":[],"class_list":["post-69334","post","type-post","status-publish","format-standard","has-post-thumbnail","hentry","category-cronica"],"jetpack_featured_media_url":"https:\/\/i0.wp.com\/eltrabajo.cl\/portal\/wp-content\/uploads\/2016\/05\/Cortos1.jpg?fit=530%2C349&ssl=1","jetpack_sharing_enabled":true,"jetpack_likes_enabled":true,"jetpack-related-posts":[],"_links":{"self":[{"href":"https:\/\/eltrabajo.cl\/portal\/wp-json\/wp\/v2\/posts\/69334","targetHints":{"allow":["GET"]}}],"collection":[{"href":"https:\/\/eltrabajo.cl\/portal\/wp-json\/wp\/v2\/posts"}],"about":[{"href":"https:\/\/eltrabajo.cl\/portal\/wp-json\/wp\/v2\/types\/post"}],"author":[{"embeddable":true,"href":"https:\/\/eltrabajo.cl\/portal\/wp-json\/wp\/v2\/users\/1"}],"replies":[{"embeddable":true,"href":"https:\/\/eltrabajo.cl\/portal\/wp-json\/wp\/v2\/comments?post=69334"}],"version-history":[{"count":0,"href":"https:\/\/eltrabajo.cl\/portal\/wp-json\/wp\/v2\/posts\/69334\/revisions"}],"wp:featuredmedia":[{"embeddable":true,"href":"https:\/\/eltrabajo.cl\/portal\/wp-json\/wp\/v2\/media\/69335"}],"wp:attachment":[{"href":"https:\/\/eltrabajo.cl\/portal\/wp-json\/wp\/v2\/media?parent=69334"}],"wp:term":[{"taxonomy":"category","embeddable":true,"href":"https:\/\/eltrabajo.cl\/portal\/wp-json\/wp\/v2\/categories?post=69334"},{"taxonomy":"post_tag","embeddable":true,"href":"https:\/\/eltrabajo.cl\/portal\/wp-json\/wp\/v2\/tags?post=69334"}],"curies":[{"name":"wp","href":"https:\/\/api.w.org\/{rel}","templated":true}]}}