{"id":69338,"date":"2016-05-03T08:45:35","date_gmt":"2016-05-03T11:45:35","guid":{"rendered":"http:\/\/www.eltrabajo.cl\/portal\/?p=69338"},"modified":"2016-05-03T08:45:35","modified_gmt":"2016-05-03T11:45:35","slug":"sercotec-lanza-programas-2016-de-financiamiento-para-emprendedores","status":"publish","type":"post","link":"https:\/\/eltrabajo.cl\/portal\/sercotec-lanza-programas-2016-de-financiamiento-para-emprendedores\/","title":{"rendered":"Sercotec lanza programas 2016 de financiamiento para emprendedores"},"content":{"rendered":"<p>Mar\u00eda Isabel Vergara lleva 35 a\u00f1os con su puesto de frutas y verduras en la Feria Central Agr\u00edcola de San Felipe (ubicada en avenida Yungay a un costado del terminal de buses) y ha sido testigo de c\u00f3mo en el \u00faltimo tiempo, gracias al aporte del Programa de Fondo de Desarrollo de Ferias Libres de Sercotec, el recinto comercial, ha ido mejorando su infraestructura.<br \/>\nSeg\u00fan afirm\u00f3 Vergara, nunca antes la Feria hab\u00eda evidenciado un desarrollo tan importante, progreso que atribuy\u00f3 al firme apoyo que han recibido los feriantes por parte del Gobernador Provincial Eduardo Le\u00f3n y del Alcalde de San Felipe, Patricio Freire Canto.<br \/>\nFueron precisamente estas autoridades, quienes junto al Director Regional de Sercotec, V\u00edctor Hugo Fern\u00e1ndez, ayer al mediod\u00eda hicieron el lanzamiento del inicio del per\u00edodo de postulaciones a los recursos provenientes, tanto del programa de Ferias Libres, como del proyecto Crece, el Capital Semilla Emprende y el Capital Abeja, proceso que se extender\u00e1 hasta el pr\u00f3ximo 20 de mayo.<br \/>\nPara los comerciantes de la Feria Central, es tercera vez que postular\u00e1n a una de las l\u00edneas de financiamiento de Sercotec, anteriormente consiguieron los recursos para mejorar la iluminaci\u00f3n del recinto y el a\u00f1o pasado lograron pavimentar el estacionamiento, con el fin de otorgarle un mayor confort a su clientela.<br \/>\nEn esta oportunidad, los feriantes se esperanzan en dar un nuevo paso en el mejoramiento de la infraestructura del recinto, pues el Presidente de esta agrupaci\u00f3n, Enzo Harris, describi\u00f3 cu\u00e1l es el objetivo que tienen en mente y por el cual ya se encuentran trabajando.<br \/>\n\u201cEn este proceso nosotros vamos a postular a colocar un cer\u00e1mico, un piso bonito dentro del recinto, para recibir m\u00e1s c\u00f3modamente al p\u00fablico y tambi\u00e9n por un tema visual que se le proyecta a la gente que ingresa a la feria\u201d, detall\u00f3 Harris.<br \/>\nSi bien los recursos son aportados desde el Gobierno de la Presidenta Michelle Bachelet, Harris cuenta que \u201cyo soy relativamente joven en esto, pero nunca antes se hab\u00eda hablado tanto del apoyo del Gobierno y el municipio. Ahora a trav\u00e9s de don Patricio Freire, nos dieron una se\u00f1al, nos dijeron hagan esto y nosotros lo hicimos y gracias a Dios nos ha salido todo bien\u201d, destac\u00f3<br \/>\nEl Director de Sercotec, en la Regi\u00f3n de Valpara\u00edso, V\u00edctor Hugo Fern\u00e1ndez, valor\u00f3 la colaboraci\u00f3n estrat\u00e9gica que han logrado tanto de la Gobernaci\u00f3n, como del municipio sanfelipe\u00f1o, adem\u00e1s de hacer menci\u00f3n a la inversi\u00f3n hist\u00f3rica superior a los 500 millones de pesos realizada el a\u00f1o 2015 en la Provincia de San Felipe a trav\u00e9s de los distintos programas.<br \/>\n\u201cHoy estamos haciendo el lanzamiento de los distintos programas de emprendimiento 2016, es decir, de todos aquellos que tienen una idea de negocio, que quieren transformarlo en un proyecto, a quienes ya est\u00e1n desarrollando alg\u00fan negocio pero a\u00fan no se ha formalizado, para ellos tenemos el programa Semillas Emprende con 3.5 millones de subsidio, el programa\u201d, describi\u00f3<br \/>\nRespecto del Capital Abeja, Fern\u00e1ndez asegur\u00f3 que \u201caporta los mismos recursos pero est\u00e1 destinado s\u00f3lo para mujeres, en ambos casos (Semilla y Abeja) debe haber un co-financiamiento de un 20 por ciento, es decir, los usuarios deben tener un capital de 700 mil pesos para la postulaci\u00f3n a los 3.5 millones\u201d, dinero que enfatiz\u00f3 no es un cr\u00e9dito, sino un subsidio con el cual se impulsa la creatividad y el emprendimiento.<br \/>\nEn relaci\u00f3n con la otra l\u00ednea de presupuesto, \u00e9stas va dirigida a los programas de fortalecimiento empresarial, aquellos que ya son formales, que est\u00e1n en primera categor\u00eda, y que venden sobre las 200 unidades de fomento al a\u00f1o, es decir sobre 5 millones de pesos<br \/>\n\u201cEllos tienen un subsidio de 6 millones de pesos con el requisito de tener un co-financiamiento de un 30 por ciento, es decir, si van por los 6 millones, deben tener 1.8 millones, que indudablemente deben invertir en su negocio\u201d, sentenci\u00f3 Fern\u00e1ndez.<br \/>\nPor \u00faltimo, el Gobernador Eduardo Le\u00f3n hizo un llamado a los emprendedores y microempresarios de la zona, anunciando que \u201cnosotros invitamos a los empresarios de San Felipe y el Valle de Aconcagua a informarse en las oficinas de Sercotec, respecto de los alcances de cada uno de estos programas, deben postular y conversar con los equipos de desarrollo productivo de los municipios\u201d, concluy\u00f3.<\/p>\n<figure id=\"attachment_69339\" aria-describedby=\"caption-attachment-69339\" style=\"width: 530px\" class=\"wp-caption alignleft\"><a href=\"http:\/\/www.eltrabajo.cl\/portal\/sercotec-lanza-programas-2016-de-financiamiento-para-emprendedores\/autoridades-7\/\" rel=\"attachment wp-att-69339\"><img data-recalc-dims=\"1\" loading=\"lazy\" decoding=\"async\" class=\"size-full wp-image-69339\" src=\"https:\/\/i0.wp.com\/www.eltrabajo.cl\/portal\/wp-content\/uploads\/2016\/05\/AUTORIDADES.jpg?resize=530%2C350\" alt=\"Autoridades locales junto al Director Regional de Sercotec, V\u00edctor Hugo Fern\u00e1ndez, anunciaron inicio de postulaciones a programas 2016.\" width=\"530\" height=\"350\" srcset=\"https:\/\/i0.wp.com\/eltrabajo.cl\/portal\/wp-content\/uploads\/2016\/05\/AUTORIDADES.jpg?w=530&amp;ssl=1 530w, https:\/\/i0.wp.com\/eltrabajo.cl\/portal\/wp-content\/uploads\/2016\/05\/AUTORIDADES.jpg?resize=200%2C132&amp;ssl=1 200w, https:\/\/i0.wp.com\/eltrabajo.cl\/portal\/wp-content\/uploads\/2016\/05\/AUTORIDADES.jpg?resize=300%2C198&amp;ssl=1 300w, https:\/\/i0.wp.com\/eltrabajo.cl\/portal\/wp-content\/uploads\/2016\/05\/AUTORIDADES.jpg?resize=227%2C150&amp;ssl=1 227w, https:\/\/i0.wp.com\/eltrabajo.cl\/portal\/wp-content\/uploads\/2016\/05\/AUTORIDADES.jpg?resize=400%2C264&amp;ssl=1 400w\" sizes=\"auto, (max-width: 530px) 100vw, 530px\" \/><\/a><figcaption id=\"caption-attachment-69339\" class=\"wp-caption-text\">Autoridades locales junto al Director Regional de Sercotec, V\u00edctor Hugo Fern\u00e1ndez, anunciaron inicio de postulaciones a programas 2016.<\/figcaption><\/figure>\n","protected":false},"excerpt":{"rendered":"<p>Mar\u00eda Isabel Vergara lleva 35 a\u00f1os con su puesto de frutas y verduras en la Feria Central Agr\u00edcola de San Felipe (ubicada en avenida Yungay a un costado del terminal de buses)&#8230;<\/p>\n","protected":false},"author":1,"featured_media":69339,"comment_status":"open","ping_status":"open","sticky":false,"template":"","format":"standard","meta":{"advanced_seo_description":"","jetpack_seo_html_title":"","jetpack_seo_noindex":false,"_jetpack_memberships_contains_paid_content":false,"footnotes":""},"categories":[1],"tags":[],"class_list":["post-69338","post","type-post","status-publish","format-standard","has-post-thumbnail","hentry","category-cronica"],"jetpack_featured_media_url":"https:\/\/i0.wp.com\/eltrabajo.cl\/portal\/wp-content\/uploads\/2016\/05\/AUTORIDADES.jpg?fit=530%2C350&ssl=1","jetpack_sharing_enabled":true,"jetpack_likes_enabled":true,"jetpack-related-posts":[],"_links":{"self":[{"href":"https:\/\/eltrabajo.cl\/portal\/wp-json\/wp\/v2\/posts\/69338","targetHints":{"allow":["GET"]}}],"collection":[{"href":"https:\/\/eltrabajo.cl\/portal\/wp-json\/wp\/v2\/posts"}],"about":[{"href":"https:\/\/eltrabajo.cl\/portal\/wp-json\/wp\/v2\/types\/post"}],"author":[{"embeddable":true,"href":"https:\/\/eltrabajo.cl\/portal\/wp-json\/wp\/v2\/users\/1"}],"replies":[{"embeddable":true,"href":"https:\/\/eltrabajo.cl\/portal\/wp-json\/wp\/v2\/comments?post=69338"}],"version-history":[{"count":0,"href":"https:\/\/eltrabajo.cl\/portal\/wp-json\/wp\/v2\/posts\/69338\/revisions"}],"wp:featuredmedia":[{"embeddable":true,"href":"https:\/\/eltrabajo.cl\/portal\/wp-json\/wp\/v2\/media\/69339"}],"wp:attachment":[{"href":"https:\/\/eltrabajo.cl\/portal\/wp-json\/wp\/v2\/media?parent=69338"}],"wp:term":[{"taxonomy":"category","embeddable":true,"href":"https:\/\/eltrabajo.cl\/portal\/wp-json\/wp\/v2\/categories?post=69338"},{"taxonomy":"post_tag","embeddable":true,"href":"https:\/\/eltrabajo.cl\/portal\/wp-json\/wp\/v2\/tags?post=69338"}],"curies":[{"name":"wp","href":"https:\/\/api.w.org\/{rel}","templated":true}]}}