{"id":69342,"date":"2016-05-03T08:48:32","date_gmt":"2016-05-03T11:48:32","guid":{"rendered":"http:\/\/www.eltrabajo.cl\/portal\/?p=69342"},"modified":"2016-05-03T08:48:32","modified_gmt":"2016-05-03T11:48:32","slug":"duenos-de-kioscos-de-la-plaza-reclaman-por-ola-de-robos-que-los-afectan","status":"publish","type":"post","link":"https:\/\/eltrabajo.cl\/portal\/duenos-de-kioscos-de-la-plaza-reclaman-por-ola-de-robos-que-los-afectan\/","title":{"rendered":"Due\u00f1os de kioscos de la plaza reclaman por ola de robos que los afectan"},"content":{"rendered":"<ul>\n<li><strong>El principal problema es la falta de iluminaci\u00f3n del principal paseo p\u00fablico de la ciudad en las noches.<\/strong><\/li>\n<\/ul>\n<p><strong>LOS ANDES.-<\/strong> Los due\u00f1os de kioscos de la plaza de armas de Los Andes se encuentran impotentes ante la ola de robos que los han afectado en los \u00faltimos meses, derivados de la falta de iluminaci\u00f3n que presenta el principal paseo p\u00fablico de la ciudad.<br \/>\nLos antisociales aprovech\u00e1ndose que las luces de la plaza permanecen apagadas todas las noches, act\u00faan impunemente descerrajando los candados de las puertas de los kioscos e incluso vulnerando las protecciones de las ventanas.<br \/>\nA ello se suma que estos sujetos tambi\u00e9n trafican droga, algo que ha quedado demostrado con las detenciones que ha realizado la Polic\u00eda de Investigaciones en las \u00faltimas semanas.<br \/>\nUno de los comerciantes afectados, cuya identidad pidi\u00f3 mantener en reserva por el temor que siente de sufrir represalias por parte de los delincuentes, indic\u00f3 que se trata de los mismos delincuentes que todas las noches pululan por el principal paseo p\u00fablico de la ciudad y que no solamente se dedican a robar, sino que tambi\u00e9n a traficar droga.<br \/>\nResponsabiliz\u00f3 de esta escalada delictual directamente a que las luminarias y focos de la plaza permanecen apagados en las noches, sobre todo en el sector del paseo central, lo que queda reflejado en que todas las ma\u00f1anas la pileta amanece llena de desperdicios como latas de cerveza, cajas de vino o restos de licores que los sujetos consumen durante la noche.<br \/>\nEsto hace imposible que las personas puedan cruzar por el centro de la plaza en la noche, por temor a ser asaltados por estos delincuentes y traficantes que operan de manera impune amparados por la noche.<br \/>\nEl comerciante record\u00f3 que el problema con la luz de la plaza se arrastra desde que fueron entregadas las obras de remodelaci\u00f3n hace casi una d\u00e9cada, y se ve agudizada cada vez que la municipalidad autoriza la instalaci\u00f3n de alguna feria, ya que se cuelgan del mismo tablero el\u00e9ctrico y origina cortes.<br \/>\nLament\u00f3 que por culpa de las ferias que casi todos los meses se ponen en la plaza se presenten estos problemas con la falta de luz, que al final los perjudica a ellos como peque\u00f1os comerciantes, ya que todas las noches deben cargar su mercader\u00eda y llev\u00e1rsela para la casa o de lo contrario los amigos de lo ajeno arrasar\u00edan con todo lo que hay dentro de los kioscos.<br \/>\nPor su parte, Ricardo Gonz\u00e1lez, due\u00f1o del kiosco ubicado en calle Esmeralda con Santa Rosa, record\u00f3 que el domingo de Semana Santa fue v\u00edctima de un robo, donde los delincuentes se llevaron todo lo que hab\u00eda en el interior.<br \/>\nCoincidi\u00f3 con el resto de los kiosqueros en cuanto a que la falta de iluminaci\u00f3n es lo que est\u00e1 provocando est\u00e1 ola de robos y llam\u00f3 a la municipalidad a tomar cartas en el asunto para solucionar de una vez por todas este problema.<br \/>\nAleg\u00f3 tambi\u00e9n contra las ferias que se instalan en la plaza y cuya energ\u00eda el\u00e9ctrica la obtienen del mismo tablero que ellos ocupan, lo que genera ca\u00eddas constantes que redundan tambi\u00e9n en que el alumbrado no funcione durante las noches.<br \/>\nAsimismo, pidi\u00f3 m\u00e1s controles policiales nocturnos y tambi\u00e9n muy temprano por las ma\u00f1anas, que es el momento usado por los microtraficantes de droga para vender marihuana y pasta base.<br \/>\n\u201cEspero que la municipalidad se haga cargo del problema de la luz porque hasta ahora no ha hecho nada y Carabineros y la PDI tambi\u00e9n aumenten sus rondas\u201d, fustig\u00f3 Gonz\u00e1lez.<br \/>\nAgreg\u00f3 que a tanto ha llegado la peligrosidad en la plaza que las familias ya no concurren y por ello se ven obligados a cerrar a m\u00e1s tardar a las nueve, \u201cporque antes lo hac\u00edamos como a las 22.30 \u00f3 23 horas, pero ya no se puede porque se acercan a pedir plata o cigarros fiados\u201d.<br \/>\nCabe recordar que incluso la Asociaci\u00f3n de Comerciantes se ha quejado abiertamente por el exceso de ferias que se instala en la plaza y que por lo se\u00f1alado por los kiosqueros, es lo que genera el problema con las luminarias, transformando la hermosa plaza andina en una boca de lobos y punto de encuentro del hampa y los microtraficantes.<\/p>\n<figure id=\"attachment_69345\" aria-describedby=\"caption-attachment-69345\" style=\"width: 530px\" class=\"wp-caption alignleft\"><a href=\"http:\/\/www.eltrabajo.cl\/portal\/duenos-de-kioscos-de-la-plaza-reclaman-por-ola-de-robos-que-los-afectan\/kiosko-robos3-2\/\" rel=\"attachment wp-att-69345\"><img data-recalc-dims=\"1\" loading=\"lazy\" decoding=\"async\" class=\"size-full wp-image-69345\" src=\"https:\/\/i0.wp.com\/www.eltrabajo.cl\/portal\/wp-content\/uploads\/2016\/05\/kiosko-robos3-1.jpg?resize=530%2C348\" alt=\"Los antisociales act\u00faan impunemente descerrajando los candados de las puertas de los kioscos.\" width=\"530\" height=\"348\" srcset=\"https:\/\/i0.wp.com\/eltrabajo.cl\/portal\/wp-content\/uploads\/2016\/05\/kiosko-robos3-1.jpg?w=530&amp;ssl=1 530w, https:\/\/i0.wp.com\/eltrabajo.cl\/portal\/wp-content\/uploads\/2016\/05\/kiosko-robos3-1.jpg?resize=200%2C131&amp;ssl=1 200w, https:\/\/i0.wp.com\/eltrabajo.cl\/portal\/wp-content\/uploads\/2016\/05\/kiosko-robos3-1.jpg?resize=300%2C197&amp;ssl=1 300w, https:\/\/i0.wp.com\/eltrabajo.cl\/portal\/wp-content\/uploads\/2016\/05\/kiosko-robos3-1.jpg?resize=228%2C150&amp;ssl=1 228w, https:\/\/i0.wp.com\/eltrabajo.cl\/portal\/wp-content\/uploads\/2016\/05\/kiosko-robos3-1.jpg?resize=400%2C263&amp;ssl=1 400w\" sizes=\"auto, (max-width: 530px) 100vw, 530px\" \/><\/a><figcaption id=\"caption-attachment-69345\" class=\"wp-caption-text\">Los antisociales act\u00faan impunemente descerrajando los candados de las puertas de los kioscos.<\/figcaption><\/figure>\n<figure id=\"attachment_69346\" aria-describedby=\"caption-attachment-69346\" style=\"width: 530px\" class=\"wp-caption alignleft\"><a href=\"http:\/\/www.eltrabajo.cl\/portal\/duenos-de-kioscos-de-la-plaza-reclaman-por-ola-de-robos-que-los-afectan\/kiosko-robos4-2\/\" rel=\"attachment wp-att-69346\"><img data-recalc-dims=\"1\" loading=\"lazy\" decoding=\"async\" class=\"size-full wp-image-69346\" src=\"https:\/\/i0.wp.com\/www.eltrabajo.cl\/portal\/wp-content\/uploads\/2016\/05\/kiosko-robos4-1.jpg?resize=530%2C348\" alt=\"Los propietarios de de kioscos de la plaza ya est\u00e1n hartos de sufrir robos.\" width=\"530\" height=\"348\" srcset=\"https:\/\/i0.wp.com\/eltrabajo.cl\/portal\/wp-content\/uploads\/2016\/05\/kiosko-robos4-1.jpg?w=530&amp;ssl=1 530w, https:\/\/i0.wp.com\/eltrabajo.cl\/portal\/wp-content\/uploads\/2016\/05\/kiosko-robos4-1.jpg?resize=200%2C131&amp;ssl=1 200w, https:\/\/i0.wp.com\/eltrabajo.cl\/portal\/wp-content\/uploads\/2016\/05\/kiosko-robos4-1.jpg?resize=300%2C197&amp;ssl=1 300w, https:\/\/i0.wp.com\/eltrabajo.cl\/portal\/wp-content\/uploads\/2016\/05\/kiosko-robos4-1.jpg?resize=228%2C150&amp;ssl=1 228w, https:\/\/i0.wp.com\/eltrabajo.cl\/portal\/wp-content\/uploads\/2016\/05\/kiosko-robos4-1.jpg?resize=400%2C263&amp;ssl=1 400w\" sizes=\"auto, (max-width: 530px) 100vw, 530px\" \/><\/a><figcaption id=\"caption-attachment-69346\" class=\"wp-caption-text\">Los propietarios de de kioscos de la plaza ya est\u00e1n hartos de sufrir robos.<\/figcaption><\/figure>\n","protected":false},"excerpt":{"rendered":"<p>El principal problema es la falta de iluminaci\u00f3n del principal paseo p\u00fablico de la ciudad en las noches. LOS ANDES.- Los due\u00f1os de kioscos de la plaza de armas de Los Andes&#8230;<\/p>\n","protected":false},"author":1,"featured_media":69346,"comment_status":"open","ping_status":"open","sticky":false,"template":"","format":"standard","meta":{"advanced_seo_description":"","jetpack_seo_html_title":"","jetpack_seo_noindex":false,"_jetpack_memberships_contains_paid_content":false,"footnotes":""},"categories":[15],"tags":[],"class_list":["post-69342","post","type-post","status-publish","format-standard","has-post-thumbnail","hentry","category-comunidad"],"jetpack_featured_media_url":"https:\/\/i0.wp.com\/eltrabajo.cl\/portal\/wp-content\/uploads\/2016\/05\/kiosko-robos4-1.jpg?fit=530%2C348&ssl=1","jetpack_sharing_enabled":true,"jetpack_likes_enabled":true,"jetpack-related-posts":[],"_links":{"self":[{"href":"https:\/\/eltrabajo.cl\/portal\/wp-json\/wp\/v2\/posts\/69342","targetHints":{"allow":["GET"]}}],"collection":[{"href":"https:\/\/eltrabajo.cl\/portal\/wp-json\/wp\/v2\/posts"}],"about":[{"href":"https:\/\/eltrabajo.cl\/portal\/wp-json\/wp\/v2\/types\/post"}],"author":[{"embeddable":true,"href":"https:\/\/eltrabajo.cl\/portal\/wp-json\/wp\/v2\/users\/1"}],"replies":[{"embeddable":true,"href":"https:\/\/eltrabajo.cl\/portal\/wp-json\/wp\/v2\/comments?post=69342"}],"version-history":[{"count":0,"href":"https:\/\/eltrabajo.cl\/portal\/wp-json\/wp\/v2\/posts\/69342\/revisions"}],"wp:featuredmedia":[{"embeddable":true,"href":"https:\/\/eltrabajo.cl\/portal\/wp-json\/wp\/v2\/media\/69346"}],"wp:attachment":[{"href":"https:\/\/eltrabajo.cl\/portal\/wp-json\/wp\/v2\/media?parent=69342"}],"wp:term":[{"taxonomy":"category","embeddable":true,"href":"https:\/\/eltrabajo.cl\/portal\/wp-json\/wp\/v2\/categories?post=69342"},{"taxonomy":"post_tag","embeddable":true,"href":"https:\/\/eltrabajo.cl\/portal\/wp-json\/wp\/v2\/tags?post=69342"}],"curies":[{"name":"wp","href":"https:\/\/api.w.org\/{rel}","templated":true}]}}