{"id":69349,"date":"2016-05-03T08:53:07","date_gmt":"2016-05-03T11:53:07","guid":{"rendered":"http:\/\/www.eltrabajo.cl\/portal\/?p=69349"},"modified":"2016-05-03T08:53:07","modified_gmt":"2016-05-03T11:53:07","slug":"autoridades-exigen-mas-vigilancia-policial-frente-a-la-liberacion-de-reos","status":"publish","type":"post","link":"https:\/\/eltrabajo.cl\/portal\/autoridades-exigen-mas-vigilancia-policial-frente-a-la-liberacion-de-reos\/","title":{"rendered":"Autoridades exigen m\u00e1s vigilancia policial frente a la liberaci\u00f3n de reos"},"content":{"rendered":"<p><strong>LOS ANDES.-<\/strong> La Gobernadora Mar\u00eda Victoria Rodr\u00edguez manifest\u00f3 que solicit\u00f3 mayor resguardo policial tanto a Carabineros como a la PDI ante la decisi\u00f3n de la Corte de Apelaciones de Valpara\u00edso de otorgar el beneficio de la libertad condicional a m\u00e1s de 700 reclusos en la Quinta Regi\u00f3n, 48 de los cuales corresponden a la c\u00e1rcel de Los Andes.<br \/>\nLa autoridad precis\u00f3 que la informaci\u00f3n les fue comunicada de forma \u201cinesperada\u201d el s\u00e1bado pasado y tras ello se solicit\u00f3 a las polic\u00edas disponer de mayor dotaci\u00f3n en sus patrullajes, remarcando que esta es una decisi\u00f3n adoptada por el Poder Judicial, sin ninguna injerencia del Gobierno.<br \/>\n\u201cEsperamos que esta resoluci\u00f3n las personas condenadas lo sepan valorar y dar una muestra de confianza a la ciudadan\u00eda y que no implique aumento de delitos en nuestra provincia\u201d, expres\u00f3 la gobernadora.<br \/>\nManifest\u00f3 que seg\u00fan los antecedentes que maneja la Corte, estas personas est\u00e1n en condiciones de reinsertarse en la sociedad y que no son un peligro para la seguridad p\u00fablica: \u201cPero a m\u00ed me habr\u00eda gustado y hablo como Gobierno, haber trabajado con antelaci\u00f3n, saber de qu\u00e9 personas se trataba, de qu\u00e9 medidas reparatorias participaron cada uno de ellos y ser parte del proceso de reinserci\u00f3n a la que fueron sometidos\u201d.<\/p>\n<figure id=\"attachment_69350\" aria-describedby=\"caption-attachment-69350\" style=\"width: 300px\" class=\"wp-caption alignleft\"><a href=\"http:\/\/www.eltrabajo.cl\/portal\/autoridades-exigen-mas-vigilancia-policial-frente-a-la-liberacion-de-reos\/gobernadora-libertadpresos\/\" rel=\"attachment wp-att-69350\"><img data-recalc-dims=\"1\" loading=\"lazy\" decoding=\"async\" class=\"wp-image-69350 size-medium\" src=\"https:\/\/i0.wp.com\/www.eltrabajo.cl\/portal\/wp-content\/uploads\/2016\/05\/gobernadora-libertadpresos-300x197.jpg?resize=300%2C197\" alt=\"La Gobernadora Mar\u00eda Victoria Rodr\u00edguez remarc\u00f3 que esta es una decisi\u00f3n aut\u00f3noma del Poder Judicial que no involucra al Gobierno.\" width=\"300\" height=\"197\" srcset=\"https:\/\/i0.wp.com\/eltrabajo.cl\/portal\/wp-content\/uploads\/2016\/05\/gobernadora-libertadpresos.jpg?resize=300%2C197&amp;ssl=1 300w, https:\/\/i0.wp.com\/eltrabajo.cl\/portal\/wp-content\/uploads\/2016\/05\/gobernadora-libertadpresos.jpg?resize=200%2C131&amp;ssl=1 200w, https:\/\/i0.wp.com\/eltrabajo.cl\/portal\/wp-content\/uploads\/2016\/05\/gobernadora-libertadpresos.jpg?resize=228%2C150&amp;ssl=1 228w, https:\/\/i0.wp.com\/eltrabajo.cl\/portal\/wp-content\/uploads\/2016\/05\/gobernadora-libertadpresos.jpg?resize=400%2C263&amp;ssl=1 400w, https:\/\/i0.wp.com\/eltrabajo.cl\/portal\/wp-content\/uploads\/2016\/05\/gobernadora-libertadpresos.jpg?w=530&amp;ssl=1 530w\" sizes=\"auto, (max-width: 300px) 100vw, 300px\" \/><\/a><figcaption id=\"caption-attachment-69350\" class=\"wp-caption-text\">La Gobernadora Mar\u00eda Victoria Rodr\u00edguez remarc\u00f3 que esta es una decisi\u00f3n aut\u00f3noma del Poder Judicial que no involucra al Gobierno.<\/figcaption><\/figure>\n","protected":false},"excerpt":{"rendered":"<p>LOS ANDES.- La Gobernadora Mar\u00eda Victoria Rodr\u00edguez manifest\u00f3 que solicit\u00f3 mayor resguardo policial tanto a Carabineros como a la PDI ante la decisi\u00f3n de la Corte de Apelaciones de Valpara\u00edso de otorgar&#8230;<\/p>\n","protected":false},"author":1,"featured_media":69350,"comment_status":"open","ping_status":"open","sticky":false,"template":"","format":"standard","meta":{"advanced_seo_description":"","jetpack_seo_html_title":"","jetpack_seo_noindex":false,"_jetpack_memberships_contains_paid_content":false,"footnotes":""},"categories":[1],"tags":[],"class_list":["post-69349","post","type-post","status-publish","format-standard","has-post-thumbnail","hentry","category-cronica"],"jetpack_featured_media_url":"https:\/\/i0.wp.com\/eltrabajo.cl\/portal\/wp-content\/uploads\/2016\/05\/gobernadora-libertadpresos.jpg?fit=530%2C348&ssl=1","jetpack_sharing_enabled":true,"jetpack_likes_enabled":true,"jetpack-related-posts":[],"_links":{"self":[{"href":"https:\/\/eltrabajo.cl\/portal\/wp-json\/wp\/v2\/posts\/69349","targetHints":{"allow":["GET"]}}],"collection":[{"href":"https:\/\/eltrabajo.cl\/portal\/wp-json\/wp\/v2\/posts"}],"about":[{"href":"https:\/\/eltrabajo.cl\/portal\/wp-json\/wp\/v2\/types\/post"}],"author":[{"embeddable":true,"href":"https:\/\/eltrabajo.cl\/portal\/wp-json\/wp\/v2\/users\/1"}],"replies":[{"embeddable":true,"href":"https:\/\/eltrabajo.cl\/portal\/wp-json\/wp\/v2\/comments?post=69349"}],"version-history":[{"count":0,"href":"https:\/\/eltrabajo.cl\/portal\/wp-json\/wp\/v2\/posts\/69349\/revisions"}],"wp:featuredmedia":[{"embeddable":true,"href":"https:\/\/eltrabajo.cl\/portal\/wp-json\/wp\/v2\/media\/69350"}],"wp:attachment":[{"href":"https:\/\/eltrabajo.cl\/portal\/wp-json\/wp\/v2\/media?parent=69349"}],"wp:term":[{"taxonomy":"category","embeddable":true,"href":"https:\/\/eltrabajo.cl\/portal\/wp-json\/wp\/v2\/categories?post=69349"},{"taxonomy":"post_tag","embeddable":true,"href":"https:\/\/eltrabajo.cl\/portal\/wp-json\/wp\/v2\/tags?post=69349"}],"curies":[{"name":"wp","href":"https:\/\/api.w.org\/{rel}","templated":true}]}}