{"id":69361,"date":"2016-05-03T08:57:50","date_gmt":"2016-05-03T11:57:50","guid":{"rendered":"http:\/\/www.eltrabajo.cl\/portal\/?p=69361"},"modified":"2016-05-03T08:57:50","modified_gmt":"2016-05-03T11:57:50","slug":"marianela-leon-coronada-reina-2016-de-la-escuela-agricola","status":"publish","type":"post","link":"https:\/\/eltrabajo.cl\/portal\/marianela-leon-coronada-reina-2016-de-la-escuela-agricola\/","title":{"rendered":"Marianela Le\u00f3n coronada Reina 2016 de la Escuela Agr\u00edcola"},"content":{"rendered":"<p>Tal como ella misma lo anunci\u00f3 hace pocos d\u00edas en Diario El Trabajo, esta coqueta damita ahora es la nueva Reina de la Escuela Agr\u00edcola 2016, pues fue coronada como tal en la fiesta del 92\u00ba aniversario en esa casa de estudios este fin de semana.<br \/>\nElla es Marianela Le\u00f3n Rozas, una de las tres bellas y juveniles candidatas a este certamen estudiantil, tiene 17 a\u00f1os; es signo C\u00e1ncer; adora el color verde; le encanta la m\u00fasica electr\u00f3nica y el Rap; dice que est\u00e1 enamorada del actor estadounidense Tom Cruise y asegura no tener pololo.<br \/>\nCon esas referencias y entregando gran simpat\u00eda, Marianela nos indic\u00f3 que \u00abfue una dura competencia, cada alianza hizo de todo para ganar, sin embargo nosotros ganamos competencias como \u2018Buscando el Tesoro\u2019; \u2018Disfraces\u2019; \u2018El Tsunami\u2019; \u2018La Mesa pide\u2019 y otras\u00bb, dijo la soberana.<br \/>\nRoberto Gonz\u00e1lez Short<br \/>\nrgonzalez@eltrabajo.cl<\/p>\n<figure id=\"attachment_69362\" aria-describedby=\"caption-attachment-69362\" style=\"width: 530px\" class=\"wp-caption alignleft\"><a href=\"http:\/\/www.eltrabajo.cl\/portal\/marianela-leon-coronada-reina-2016-de-la-escuela-agricola\/artistas33\/\" rel=\"attachment wp-att-69362\"><img data-recalc-dims=\"1\" loading=\"lazy\" decoding=\"async\" class=\"size-full wp-image-69362\" src=\"https:\/\/i0.wp.com\/www.eltrabajo.cl\/portal\/wp-content\/uploads\/2016\/05\/Artistas33.jpg?resize=530%2C349\" alt=\"TODO POR SU REINA.- Aqu\u00ed tenemos a estos estudiantes, disfrazados de sus personajes favoritos, todo ello para llevar a su candidata a la corona.\" width=\"530\" height=\"349\" srcset=\"https:\/\/i0.wp.com\/eltrabajo.cl\/portal\/wp-content\/uploads\/2016\/05\/Artistas33.jpg?w=530&amp;ssl=1 530w, https:\/\/i0.wp.com\/eltrabajo.cl\/portal\/wp-content\/uploads\/2016\/05\/Artistas33.jpg?resize=200%2C132&amp;ssl=1 200w, https:\/\/i0.wp.com\/eltrabajo.cl\/portal\/wp-content\/uploads\/2016\/05\/Artistas33.jpg?resize=300%2C198&amp;ssl=1 300w, https:\/\/i0.wp.com\/eltrabajo.cl\/portal\/wp-content\/uploads\/2016\/05\/Artistas33.jpg?resize=228%2C150&amp;ssl=1 228w, https:\/\/i0.wp.com\/eltrabajo.cl\/portal\/wp-content\/uploads\/2016\/05\/Artistas33.jpg?resize=400%2C263&amp;ssl=1 400w\" sizes=\"auto, (max-width: 530px) 100vw, 530px\" \/><\/a><figcaption id=\"caption-attachment-69362\" class=\"wp-caption-text\">TODO POR SU REINA.- Aqu\u00ed tenemos a estos estudiantes, disfrazados de sus personajes favoritos, todo ello para llevar a su candidata a la corona.<\/figcaption><\/figure>\n<figure id=\"attachment_69363\" aria-describedby=\"caption-attachment-69363\" style=\"width: 530px\" class=\"wp-caption alignleft\"><a href=\"http:\/\/www.eltrabajo.cl\/portal\/marianela-leon-coronada-reina-2016-de-la-escuela-agricola\/ellos33\/\" rel=\"attachment wp-att-69363\"><img data-recalc-dims=\"1\" loading=\"lazy\" decoding=\"async\" class=\"size-full wp-image-69363\" src=\"https:\/\/i0.wp.com\/www.eltrabajo.cl\/portal\/wp-content\/uploads\/2016\/05\/Ellos33.jpg?resize=530%2C349\" alt=\"BACANES.- Tenemos por ac\u00e1 a la reina Marianela Le\u00f3n Rozas y a su \u2018Rey Feo\u2019, Jos\u00e9 Herrera.\" width=\"530\" height=\"349\" srcset=\"https:\/\/i0.wp.com\/eltrabajo.cl\/portal\/wp-content\/uploads\/2016\/05\/Ellos33.jpg?w=530&amp;ssl=1 530w, https:\/\/i0.wp.com\/eltrabajo.cl\/portal\/wp-content\/uploads\/2016\/05\/Ellos33.jpg?resize=200%2C132&amp;ssl=1 200w, https:\/\/i0.wp.com\/eltrabajo.cl\/portal\/wp-content\/uploads\/2016\/05\/Ellos33.jpg?resize=300%2C198&amp;ssl=1 300w, https:\/\/i0.wp.com\/eltrabajo.cl\/portal\/wp-content\/uploads\/2016\/05\/Ellos33.jpg?resize=228%2C150&amp;ssl=1 228w, https:\/\/i0.wp.com\/eltrabajo.cl\/portal\/wp-content\/uploads\/2016\/05\/Ellos33.jpg?resize=400%2C263&amp;ssl=1 400w\" sizes=\"auto, (max-width: 530px) 100vw, 530px\" \/><\/a><figcaption id=\"caption-attachment-69363\" class=\"wp-caption-text\">BACANES.- Tenemos por ac\u00e1 a la reina Marianela Le\u00f3n Rozas y a su \u2018Rey Feo\u2019, Jos\u00e9 Herrera.<\/figcaption><\/figure>\n","protected":false},"excerpt":{"rendered":"<p>Tal como ella misma lo anunci\u00f3 hace pocos d\u00edas en Diario El Trabajo, esta coqueta damita ahora es la nueva Reina de la Escuela Agr\u00edcola 2016, pues fue coronada como tal en&#8230;<\/p>\n","protected":false},"author":1,"featured_media":69362,"comment_status":"open","ping_status":"open","sticky":false,"template":"","format":"standard","meta":{"advanced_seo_description":"","jetpack_seo_html_title":"","jetpack_seo_noindex":false,"_jetpack_memberships_contains_paid_content":false,"footnotes":""},"categories":[15],"tags":[],"class_list":["post-69361","post","type-post","status-publish","format-standard","has-post-thumbnail","hentry","category-comunidad"],"jetpack_featured_media_url":"https:\/\/i0.wp.com\/eltrabajo.cl\/portal\/wp-content\/uploads\/2016\/05\/Artistas33.jpg?fit=530%2C349&ssl=1","jetpack_sharing_enabled":true,"jetpack_likes_enabled":true,"jetpack-related-posts":[],"_links":{"self":[{"href":"https:\/\/eltrabajo.cl\/portal\/wp-json\/wp\/v2\/posts\/69361","targetHints":{"allow":["GET"]}}],"collection":[{"href":"https:\/\/eltrabajo.cl\/portal\/wp-json\/wp\/v2\/posts"}],"about":[{"href":"https:\/\/eltrabajo.cl\/portal\/wp-json\/wp\/v2\/types\/post"}],"author":[{"embeddable":true,"href":"https:\/\/eltrabajo.cl\/portal\/wp-json\/wp\/v2\/users\/1"}],"replies":[{"embeddable":true,"href":"https:\/\/eltrabajo.cl\/portal\/wp-json\/wp\/v2\/comments?post=69361"}],"version-history":[{"count":0,"href":"https:\/\/eltrabajo.cl\/portal\/wp-json\/wp\/v2\/posts\/69361\/revisions"}],"wp:featuredmedia":[{"embeddable":true,"href":"https:\/\/eltrabajo.cl\/portal\/wp-json\/wp\/v2\/media\/69362"}],"wp:attachment":[{"href":"https:\/\/eltrabajo.cl\/portal\/wp-json\/wp\/v2\/media?parent=69361"}],"wp:term":[{"taxonomy":"category","embeddable":true,"href":"https:\/\/eltrabajo.cl\/portal\/wp-json\/wp\/v2\/categories?post=69361"},{"taxonomy":"post_tag","embeddable":true,"href":"https:\/\/eltrabajo.cl\/portal\/wp-json\/wp\/v2\/tags?post=69361"}],"curies":[{"name":"wp","href":"https:\/\/api.w.org\/{rel}","templated":true}]}}