{"id":69366,"date":"2016-05-03T09:00:16","date_gmt":"2016-05-03T12:00:16","guid":{"rendered":"http:\/\/www.eltrabajo.cl\/portal\/?p=69366"},"modified":"2016-05-03T09:00:16","modified_gmt":"2016-05-03T12:00:16","slug":"aplicacion-telefonica-uber-podria-implementarse-en-el-valle-de-aconcagua","status":"publish","type":"post","link":"https:\/\/eltrabajo.cl\/portal\/aplicacion-telefonica-uber-podria-implementarse-en-el-valle-de-aconcagua\/","title":{"rendered":"Aplicaci\u00f3n telef\u00f3nica Uber podr\u00eda implementarse en el Valle de Aconcagua"},"content":{"rendered":"<ul>\n<li><strong>Estar\u00eda restringida a los taxis y taxis ejecutivos:<\/strong><\/li>\n<\/ul>\n<figure id=\"attachment_69367\" aria-describedby=\"caption-attachment-69367\" style=\"width: 300px\" class=\"wp-caption alignleft\"><a href=\"http:\/\/www.eltrabajo.cl\/portal\/aplicacion-telefonica-uber-podria-implementarse-en-el-valle-de-aconcagua\/mauricio-candia-llancas-seremi-de-transporte-y-telecomunicaciones-valparaiso\/\" rel=\"attachment wp-att-69367\"><img data-recalc-dims=\"1\" loading=\"lazy\" decoding=\"async\" class=\"size-medium wp-image-69367\" src=\"https:\/\/i0.wp.com\/www.eltrabajo.cl\/portal\/wp-content\/uploads\/2016\/05\/MAURICIO-CANDIA-LLANCAS-SEREMI-DE-TRANSPORTE-Y-TELECOMUNICACIONES-VALPARA%C3%8DSO-300x198.jpg?resize=300%2C198\" alt=\"Seremi de Transportes Mauricio Candia.\" width=\"300\" height=\"198\" srcset=\"https:\/\/i0.wp.com\/eltrabajo.cl\/portal\/wp-content\/uploads\/2016\/05\/MAURICIO-CANDIA-LLANCAS-SEREMI-DE-TRANSPORTE-Y-TELECOMUNICACIONES-VALPARA%C3%8DSO.jpg?resize=300%2C198&amp;ssl=1 300w, https:\/\/i0.wp.com\/eltrabajo.cl\/portal\/wp-content\/uploads\/2016\/05\/MAURICIO-CANDIA-LLANCAS-SEREMI-DE-TRANSPORTE-Y-TELECOMUNICACIONES-VALPARA%C3%8DSO.jpg?resize=200%2C132&amp;ssl=1 200w, https:\/\/i0.wp.com\/eltrabajo.cl\/portal\/wp-content\/uploads\/2016\/05\/MAURICIO-CANDIA-LLANCAS-SEREMI-DE-TRANSPORTE-Y-TELECOMUNICACIONES-VALPARA%C3%8DSO.jpg?resize=227%2C150&amp;ssl=1 227w, https:\/\/i0.wp.com\/eltrabajo.cl\/portal\/wp-content\/uploads\/2016\/05\/MAURICIO-CANDIA-LLANCAS-SEREMI-DE-TRANSPORTE-Y-TELECOMUNICACIONES-VALPARA%C3%8DSO.jpg?resize=400%2C264&amp;ssl=1 400w, https:\/\/i0.wp.com\/eltrabajo.cl\/portal\/wp-content\/uploads\/2016\/05\/MAURICIO-CANDIA-LLANCAS-SEREMI-DE-TRANSPORTE-Y-TELECOMUNICACIONES-VALPARA%C3%8DSO.jpg?w=530&amp;ssl=1 530w\" sizes=\"auto, (max-width: 300px) 100vw, 300px\" \/><\/a><figcaption id=\"caption-attachment-69367\" class=\"wp-caption-text\">Seremi de Transportes Mauricio Candia.<\/figcaption><\/figure>\n<p>Seremi de Transportes Mauricio Candia, asegur\u00f3 que el ministerio que \u00e9l representa en la regi\u00f3n de Valpara\u00edso, no est\u00e1 en contra de la utilizaci\u00f3n de plataformas tecnol\u00f3gicas, pero s\u00ed de que \u00e9stas sean utilizadas por veh\u00edculos que no cumplen con normativa legal.<br \/>\nEl Secretario Regional Ministerial de Transportes de Valpara\u00edso, Mauricio Candia, se refiri\u00f3 a la eventual posibilidad de que la controvertida aplicaci\u00f3n telef\u00f3nica Uber, pudiera llegar a funcionar en el Valle de Aconcagua y advirti\u00f3 que se intensificar\u00e1n las fiscalizaciones con el objetivo de que el servicio sea entregado por los veh\u00edculos que cumplen con la normativa de transporte de pasajeros.<br \/>\nDe acuerdo con lo se\u00f1alado por Candia, el Ministerio de Transportes no est\u00e1 en contra del funcionamiento de la plataforma, sino que est\u00e1 preocupado de velar porque \u00e9sta no sea utilizada por m\u00f3viles particulares.<br \/>\n\u201cLo que nosotros apostamos es que el uso de la tecnolog\u00eda se debe utilizar con los veh\u00edculos formales y por lo tanto es ese el producto que nosotros vamos a fiscalizar, porque la pirater\u00eda ha existido siempre, el medio de comunicaci\u00f3n puede ir variando con el paso del tiempo, lo que antiguamente fue el tel\u00e9fono, ahora es una plataforma. No estamos en contra del sistema con el que se capta al pasajero, nuestra observaci\u00f3n apunta al tipo de veh\u00edculo\u201d, enfatiz\u00f3 Candia.<br \/>\nDel mismo modo, el personero de Gobierno agreg\u00f3 que, sea cual sea el canal a trav\u00e9s del cual se oferte el servicio, los \u00fanicos autorizados para desarrollarlo de forma legal, son los que cuentan con ciertas caracter\u00edsticas espec\u00edficas y que los distinguen como taxi (negro con techo amarillo) o taxi ejecutivo (cualquier color), por lo que \u201csi el veh\u00edculo tiene placa patente de color naranja, eso significa un veh\u00edculo que cuenta con dos revisiones t\u00e9cnicas al d\u00eda, con m\u00e1s de 1800 cent\u00edmetros c\u00fabicos para poder otorgar un servicio de buena calidad\u201d, expres\u00f3.<br \/>\nFinalmente, en relaci\u00f3n con las exigencias que se le realizan a los conductores, Candia a\u00f1adi\u00f3 que \u00e9stos deben contar con licencia de conducir profesional, la cual los acredita como personal entrenado para proveer un servicio de estas caracter\u00edsticas, \u201csi el servicio se da en una veh\u00edculo oficial, con placa patente color naranja, entendemos que cumple con la normativa el veh\u00edculo y su conductor\u201d, detall\u00f3.<br \/>\n\u201cNosotros no estamos en contra de la tecnolog\u00eda, muy por el contrario, pensamos que es buena para la comunidad, nuestro tema es el auto, y est\u00e1 claro que para las distintas ciudades de nuestro pa\u00eds, existen servicios de taxis y taxis ejecutivos como servicios formales y que cumplen con una placa de color naranja o amarilla\u201d, concluy\u00f3.<br \/>\nDe este modo, no se descarta que la aplicaci\u00f3n telef\u00f3nica, que tanto revuelo y controversia ha generado en otras ciudades del pa\u00eds, pueda llegar, o incluso ya est\u00e9 en funcionamiento en el Valle de Aconcagua, por lo que la cartera de Transportes intentar\u00e1 resguardar que \u00e9sta sea utilizada por los veh\u00edculos legalmente autorizados para el traslado de pasajeros.<\/p>\n<figure id=\"attachment_69368\" aria-describedby=\"caption-attachment-69368\" style=\"width: 530px\" class=\"wp-caption alignleft\"><a href=\"http:\/\/www.eltrabajo.cl\/portal\/aplicacion-telefonica-uber-podria-implementarse-en-el-valle-de-aconcagua\/taxi-uber\/\" rel=\"attachment wp-att-69368\"><img data-recalc-dims=\"1\" loading=\"lazy\" decoding=\"async\" class=\"size-full wp-image-69368\" src=\"https:\/\/i0.wp.com\/www.eltrabajo.cl\/portal\/wp-content\/uploads\/2016\/05\/taxi-uber.jpg?resize=530%2C349\" alt=\"Los famosos taxis Uber llegar\u00edan al Valle de Aconcagua.\" width=\"530\" height=\"349\" srcset=\"https:\/\/i0.wp.com\/eltrabajo.cl\/portal\/wp-content\/uploads\/2016\/05\/taxi-uber.jpg?w=530&amp;ssl=1 530w, https:\/\/i0.wp.com\/eltrabajo.cl\/portal\/wp-content\/uploads\/2016\/05\/taxi-uber.jpg?resize=200%2C132&amp;ssl=1 200w, https:\/\/i0.wp.com\/eltrabajo.cl\/portal\/wp-content\/uploads\/2016\/05\/taxi-uber.jpg?resize=300%2C198&amp;ssl=1 300w, https:\/\/i0.wp.com\/eltrabajo.cl\/portal\/wp-content\/uploads\/2016\/05\/taxi-uber.jpg?resize=228%2C150&amp;ssl=1 228w, https:\/\/i0.wp.com\/eltrabajo.cl\/portal\/wp-content\/uploads\/2016\/05\/taxi-uber.jpg?resize=400%2C263&amp;ssl=1 400w\" sizes=\"auto, (max-width: 530px) 100vw, 530px\" \/><\/a><figcaption id=\"caption-attachment-69368\" class=\"wp-caption-text\">Los famosos taxis Uber llegar\u00edan al Valle de Aconcagua.<\/figcaption><\/figure>\n","protected":false},"excerpt":{"rendered":"<p>Estar\u00eda restringida a los taxis y taxis ejecutivos: Seremi de Transportes Mauricio Candia, asegur\u00f3 que el ministerio que \u00e9l representa en la regi\u00f3n de Valpara\u00edso, no est\u00e1 en contra de la utilizaci\u00f3n&#8230;<\/p>\n","protected":false},"author":1,"featured_media":69368,"comment_status":"open","ping_status":"open","sticky":false,"template":"","format":"standard","meta":{"advanced_seo_description":"","jetpack_seo_html_title":"","jetpack_seo_noindex":false,"_jetpack_memberships_contains_paid_content":false,"footnotes":""},"categories":[1],"tags":[],"class_list":["post-69366","post","type-post","status-publish","format-standard","has-post-thumbnail","hentry","category-cronica"],"jetpack_featured_media_url":"https:\/\/i0.wp.com\/eltrabajo.cl\/portal\/wp-content\/uploads\/2016\/05\/taxi-uber.jpg?fit=530%2C349&ssl=1","jetpack_sharing_enabled":true,"jetpack_likes_enabled":true,"jetpack-related-posts":[],"_links":{"self":[{"href":"https:\/\/eltrabajo.cl\/portal\/wp-json\/wp\/v2\/posts\/69366","targetHints":{"allow":["GET"]}}],"collection":[{"href":"https:\/\/eltrabajo.cl\/portal\/wp-json\/wp\/v2\/posts"}],"about":[{"href":"https:\/\/eltrabajo.cl\/portal\/wp-json\/wp\/v2\/types\/post"}],"author":[{"embeddable":true,"href":"https:\/\/eltrabajo.cl\/portal\/wp-json\/wp\/v2\/users\/1"}],"replies":[{"embeddable":true,"href":"https:\/\/eltrabajo.cl\/portal\/wp-json\/wp\/v2\/comments?post=69366"}],"version-history":[{"count":0,"href":"https:\/\/eltrabajo.cl\/portal\/wp-json\/wp\/v2\/posts\/69366\/revisions"}],"wp:featuredmedia":[{"embeddable":true,"href":"https:\/\/eltrabajo.cl\/portal\/wp-json\/wp\/v2\/media\/69368"}],"wp:attachment":[{"href":"https:\/\/eltrabajo.cl\/portal\/wp-json\/wp\/v2\/media?parent=69366"}],"wp:term":[{"taxonomy":"category","embeddable":true,"href":"https:\/\/eltrabajo.cl\/portal\/wp-json\/wp\/v2\/categories?post=69366"},{"taxonomy":"post_tag","embeddable":true,"href":"https:\/\/eltrabajo.cl\/portal\/wp-json\/wp\/v2\/tags?post=69366"}],"curies":[{"name":"wp","href":"https:\/\/api.w.org\/{rel}","templated":true}]}}