{"id":69376,"date":"2016-05-04T08:50:25","date_gmt":"2016-05-04T11:50:25","guid":{"rendered":"http:\/\/www.eltrabajo.cl\/portal\/?p=69376"},"modified":"2016-05-04T08:50:25","modified_gmt":"2016-05-04T11:50:25","slug":"construccion-embalse-provocaria-expropiaciones-a-varios-predios-de-cerrillos","status":"publish","type":"post","link":"https:\/\/eltrabajo.cl\/portal\/construccion-embalse-provocaria-expropiaciones-a-varios-predios-de-cerrillos\/","title":{"rendered":"Construcci\u00f3n embalse provocar\u00eda expropiaciones a varios predios de Cerrillos"},"content":{"rendered":"<ul>\n<li><strong> Alcalde de Catemu acusa falta de informaci\u00f3n desde el MOP:\u00a0Autoridad asegura que los \u00faltimos antecedentes recibidos apuntaban a la realizaci\u00f3n de los correspondientes estudios de ingenier\u00eda e impacto ambiental, en un lugar donde tambi\u00e9n se edificar\u00e1 un parque fotovoltaico.<\/strong><\/li>\n<\/ul>\n<p>Incertidumbre, confusi\u00f3n y preocupaci\u00f3n es lo que est\u00e1n viviendo algunos vecinos de la comuna de Catemu respecto de la eventual construcci\u00f3n del Embalse Los Cerrillos, puesto que, aunque el Ministerio de Obras P\u00fablicas (MOP) a\u00fan no entrega los resultados de los estudios de Ingenier\u00eda e Impacto Ambiental, due\u00f1os de los predios de este sector ya habr\u00edan recibido la visita de tasadores informando el comienzo de diversas expropiaciones que se realizar\u00e1n para llevar a cabo la obra.<br \/>\nAl ser consultado por esta situaci\u00f3n, el alcalde catemino, Boris Luksic, manifest\u00f3 la m\u00e1s absoluta desinformaci\u00f3n respecto de los detalles espec\u00edficos que se debieran manejar en torno al progreso que ha experimentado el proyecto, antecedentes que seg\u00fan el jefe comunal, se limitan a los estudios de prefactibilidad.<br \/>\n\u201cS\u00e9 que se est\u00e1 haciendo un estudio de ingenier\u00eda y de impacto ambiental, pero no les puedo decir d\u00f3nde queda el muro, cu\u00e1nto les van a expropiar y todo aquello, por lo tanto, para ellos (los due\u00f1os de los predios) fue todo una sorpresa\u201d, expres\u00f3 Luksic, agregando que \u201csabemos que por ley existe la participaci\u00f3n ciudadana, sin embargo ese proceso no se ha iniciado, seguramente por la etapa en que est\u00e1 el estudio\u201d, dijo Luksic.<br \/>\nRespecto de cu\u00e1les son los terrenos que se estar\u00edan viendo afectados y qui\u00e9nes fueron los propietarios que realizaron la denuncia al municipio, el edil a\u00f1adi\u00f3 que \u201cno deja de ser preocupante que hay dos predios en el sector, pertenecientes a Benito de Bernardi y Alfredo D\u00edaz, que los han visitado tasadores para ver expropiaciones y ah\u00ed yo creo que el Ministerio ha fallado\u201d, decret\u00f3.<br \/>\nJunto con informar que ambos afectados van a acudir a la Justicia, debido a que consideran que el proceso no ha sido lo suficientemente transparente, Luksic sostuvo que al principio se pensaba que en el sector s\u00f3lo ser\u00eda expropiado el predio de don Gonzalo Bofill, sin embargo luego de la visita de los tasadores, reina el desconcierto y la desinformaci\u00f3n es absoluta, ya que tampoco se sabe si estos terrenos se van a necesitar para la construcci\u00f3n del embalse o para las obras del Parque Fotovoltaico, proyecto en el que s\u00ed existi\u00f3 participaci\u00f3n de la ciudadan\u00eda y las autoridades.<br \/>\n\u201cParece que a todo evento el Ministerio ha dicho que esta obra se abre s\u00ed o s\u00ed, cabe recordar que ha entrado a evaluaci\u00f3n de impacto ambiental con todos los procesos ya terminados, lo que no significa que se tenga la resoluci\u00f3n, el parque fotovoltaico queda en el mismo lugar, por lo tanto nadie entiende qu\u00e9 es lo que se va a hacer, si se va a construir el embalse o se va a hacer el parque fotovoltaico, ah\u00ed s\u00ed nosotros planteamos nuestras aprehensiones y estamos esperando que salgan las adendas para poder ir respondiendo\u201d, detall\u00f3 Luksic.<br \/>\nDe acuerdo a lo manifestado por la m\u00e1xima autoridad catemina, habr\u00eda resultado bastante m\u00e1s l\u00f3gico, antes de comunicar sobre las expropiaciones, contarle a los propietarios y a la autoridad comunal sobre el inicio de estos procesos, puesto que, al momento que los dos due\u00f1os de predios acudieron a la alcald\u00eda a solicitar mayor informaci\u00f3n, el edil debi\u00f3 asumir su desconocimiento, respondiendo que \u201cyo dije lo que sab\u00eda, la verdad que no s\u00e9 nada\u201d, cont\u00f3.<br \/>\nFinalmente, el edil, hizo un llamado al MOP, para que pueda actualizar los antecedentes respecto de ambos proyectos y mantener informada a la comunidad de sus avances, sobre todo en lo respectivo al embalse en el sector de Cerrillos, donde algunos de sus vecinos se vieron sorprendidos con la visita de los tasadores.<\/p>\n<figure id=\"attachment_69377\" aria-describedby=\"caption-attachment-69377\" style=\"width: 300px\" class=\"wp-caption alignleft\"><a href=\"http:\/\/www.eltrabajo.cl\/portal\/construccion-embalse-provocaria-expropiaciones-a-varios-predios-de-cerrillos\/boris-luksic1\/\" rel=\"attachment wp-att-69377\"><img data-recalc-dims=\"1\" loading=\"lazy\" decoding=\"async\" class=\"size-medium wp-image-69377\" src=\"https:\/\/i0.wp.com\/www.eltrabajo.cl\/portal\/wp-content\/uploads\/2016\/05\/boris-luksic1-300x198.jpg?resize=300%2C198\" alt=\"Boris Luksic, alcalde de Catemu.\" width=\"300\" height=\"198\" srcset=\"https:\/\/i0.wp.com\/eltrabajo.cl\/portal\/wp-content\/uploads\/2016\/05\/boris-luksic1.jpg?resize=300%2C198&amp;ssl=1 300w, https:\/\/i0.wp.com\/eltrabajo.cl\/portal\/wp-content\/uploads\/2016\/05\/boris-luksic1.jpg?resize=200%2C132&amp;ssl=1 200w, https:\/\/i0.wp.com\/eltrabajo.cl\/portal\/wp-content\/uploads\/2016\/05\/boris-luksic1.jpg?resize=228%2C150&amp;ssl=1 228w, https:\/\/i0.wp.com\/eltrabajo.cl\/portal\/wp-content\/uploads\/2016\/05\/boris-luksic1.jpg?resize=400%2C263&amp;ssl=1 400w, https:\/\/i0.wp.com\/eltrabajo.cl\/portal\/wp-content\/uploads\/2016\/05\/boris-luksic1.jpg?w=530&amp;ssl=1 530w\" sizes=\"auto, (max-width: 300px) 100vw, 300px\" \/><\/a><figcaption id=\"caption-attachment-69377\" class=\"wp-caption-text\">Boris Luksic, alcalde de Catemu.<\/figcaption><\/figure>\n","protected":false},"excerpt":{"rendered":"<p>Alcalde de Catemu acusa falta de informaci\u00f3n desde el MOP:\u00a0Autoridad asegura que los \u00faltimos antecedentes recibidos apuntaban a la realizaci\u00f3n de los correspondientes estudios de ingenier\u00eda e impacto ambiental, en un lugar&#8230;<\/p>\n","protected":false},"author":1,"featured_media":69377,"comment_status":"open","ping_status":"open","sticky":false,"template":"","format":"standard","meta":{"advanced_seo_description":"","jetpack_seo_html_title":"","jetpack_seo_noindex":false,"_jetpack_memberships_contains_paid_content":false,"footnotes":""},"categories":[1],"tags":[],"class_list":["post-69376","post","type-post","status-publish","format-standard","has-post-thumbnail","hentry","category-cronica"],"jetpack_featured_media_url":"https:\/\/i0.wp.com\/eltrabajo.cl\/portal\/wp-content\/uploads\/2016\/05\/boris-luksic1.jpg?fit=530%2C349&ssl=1","jetpack_sharing_enabled":true,"jetpack_likes_enabled":true,"jetpack-related-posts":[],"_links":{"self":[{"href":"https:\/\/eltrabajo.cl\/portal\/wp-json\/wp\/v2\/posts\/69376","targetHints":{"allow":["GET"]}}],"collection":[{"href":"https:\/\/eltrabajo.cl\/portal\/wp-json\/wp\/v2\/posts"}],"about":[{"href":"https:\/\/eltrabajo.cl\/portal\/wp-json\/wp\/v2\/types\/post"}],"author":[{"embeddable":true,"href":"https:\/\/eltrabajo.cl\/portal\/wp-json\/wp\/v2\/users\/1"}],"replies":[{"embeddable":true,"href":"https:\/\/eltrabajo.cl\/portal\/wp-json\/wp\/v2\/comments?post=69376"}],"version-history":[{"count":0,"href":"https:\/\/eltrabajo.cl\/portal\/wp-json\/wp\/v2\/posts\/69376\/revisions"}],"wp:featuredmedia":[{"embeddable":true,"href":"https:\/\/eltrabajo.cl\/portal\/wp-json\/wp\/v2\/media\/69377"}],"wp:attachment":[{"href":"https:\/\/eltrabajo.cl\/portal\/wp-json\/wp\/v2\/media?parent=69376"}],"wp:term":[{"taxonomy":"category","embeddable":true,"href":"https:\/\/eltrabajo.cl\/portal\/wp-json\/wp\/v2\/categories?post=69376"},{"taxonomy":"post_tag","embeddable":true,"href":"https:\/\/eltrabajo.cl\/portal\/wp-json\/wp\/v2\/tags?post=69376"}],"curies":[{"name":"wp","href":"https:\/\/api.w.org\/{rel}","templated":true}]}}